{"id":2931,"date":"2015-04-21T11:13:41","date_gmt":"2015-04-21T09:13:41","guid":{"rendered":"http:\/\/www.lucaghigliano.it\/it\/?p=2931"},"modified":"2015-04-21T11:14:59","modified_gmt":"2015-04-21T09:14:59","slug":"foto-di-alta-qualita-su-facebook","status":"publish","type":"post","link":"http:\/\/www.lucaghigliano.it\/it\/foto-di-alta-qualita-su-facebook\/","title":{"rendered":"Foto di alta qualit\u00e0 su Facebook"},"content":{"rendered":"<p><img loading=\"lazy\" decoding=\"async\" class=\"alignnone size-full wp-image-2932\" src=\"http:\/\/www.lucaghigliano.it\/it\/wp-content\/uploads\/2015\/04\/foto-alta-qualit\u00e0-su-facebook-1.jpg\" alt=\"foto-alta-qualit\u00e0-su-facebook-1\" width=\"700\" height=\"233\" srcset=\"http:\/\/www.lucaghigliano.it\/it\/wp-content\/uploads\/2015\/04\/foto-alta-qualit\u00e0-su-facebook-1.jpg 700w, http:\/\/www.lucaghigliano.it\/it\/wp-content\/uploads\/2015\/04\/foto-alta-qualit\u00e0-su-facebook-1-300x100.jpg 300w\" sizes=\"(max-width: 700px) 100vw, 700px\" \/><\/p>\n<p>Come fare a caricare foto di alta qualit\u00e0 su Facebook e perch\u00e8? In Italia \u00e8 il n\u00b01 dei social network, ci permette di condividere momenti belli della nostra vita anche con amici e parenti lontani e per i professionisti \u00e8 una grande vetrina,\u00a0al punto che ormai tutti i maggiori brand Nazionali ed Internazionali hanno una pagina ufficiale. Ma spesso ci siamo trovati a dover combattere con immagini che sul nostro monitor erano bellissime mentre una volta pubblicate su Facebook perdevano moltissimo di qualit\u00e0. Come fare a limitare al massimo questo problema? Vediamolo insieme&#8230;<!--more--><br \/>\nInnanzitutto partiamo dal presupposto che una piccola perdita di qualit\u00e0 ci sar\u00e0 sempre perch\u00e8 Facebook applica una compressione a tutte le nostre immagini, con conseguente perdita di qualit\u00e0. Ma possiamo fare in modo che tutto ci\u00f2 sia assai ridotto&#8230;<\/p>\n<h3><span style=\"color: #ff0000;\">DIMENSIONI DELLE IMMAGINI<\/span><\/h3>\n<p>Ci sono alcune risoluzioni standard per le quali Facebook non applica ridimensionamenti e quindi perdite di qualit\u00e0. Le misure sotto riportate si riferiscono ai pixel sul lato maggiore. Quelli sul lato, mantenendo le proporzioni, minore vanno di conseguenza.<\/p>\n<p><img loading=\"lazy\" decoding=\"async\" class=\"alignnone size-full wp-image-2933\" src=\"http:\/\/www.lucaghigliano.it\/it\/wp-content\/uploads\/2015\/04\/foto-alta-qualit\u00e0-su-facebook-2.jpg\" alt=\"foto-alta-qualit\u00e0-su-facebook-2\" width=\"700\" height=\"281\" srcset=\"http:\/\/www.lucaghigliano.it\/it\/wp-content\/uploads\/2015\/04\/foto-alta-qualit\u00e0-su-facebook-2.jpg 700w, http:\/\/www.lucaghigliano.it\/it\/wp-content\/uploads\/2015\/04\/foto-alta-qualit\u00e0-su-facebook-2-300x120.jpg 300w\" sizes=\"(max-width: 700px) 100vw, 700px\" \/><\/p>\n<p>Se invece state creando la cover della vostra pagina le misure da utilizzare sono:<\/p>\n<p><img loading=\"lazy\" decoding=\"async\" class=\"alignnone size-full wp-image-2934\" src=\"http:\/\/www.lucaghigliano.it\/it\/wp-content\/uploads\/2015\/04\/foto-alta-qualit\u00e0-su-facebook-3.jpg\" alt=\"foto-alta-qualit\u00e0-su-facebook-3\" width=\"250\" height=\"97\" \/><\/p>\n<h3><span style=\"color: #ff0000;\">MODALITA&#8217; DI SALVATAGGIO<\/span><\/h3>\n<p>Con un paio di flag durante il salvataggio della foto da Photoshop possiamo migliorare ulteriormente la qualit\u00e0 della nostra foto, usando il formato PNG-24&#8230;<\/p>\n<p><strong>File -&gt; Salva per il Web<br \/>\n<\/strong><img loading=\"lazy\" decoding=\"async\" class=\"alignnone size-full wp-image-2935\" src=\"http:\/\/www.lucaghigliano.it\/it\/wp-content\/uploads\/2015\/04\/foto-alta-qualit\u00e0-su-facebook-4.jpg\" alt=\"foto-alta-qualit\u00e0-su-facebook-4\" width=\"360\" height=\"534\" srcset=\"http:\/\/www.lucaghigliano.it\/it\/wp-content\/uploads\/2015\/04\/foto-alta-qualit\u00e0-su-facebook-4.jpg 360w, http:\/\/www.lucaghigliano.it\/it\/wp-content\/uploads\/2015\/04\/foto-alta-qualit\u00e0-su-facebook-4-202x300.jpg 202w\" sizes=\"(max-width: 360px) 100vw, 360px\" \/><\/p>\n<p>Formato <strong>PNG-24<\/strong> e flag su <strong>Converti in sRGB<\/strong><br \/>\n<img loading=\"lazy\" decoding=\"async\" class=\"alignnone size-full wp-image-2936\" src=\"http:\/\/www.lucaghigliano.it\/it\/wp-content\/uploads\/2015\/04\/foto-alta-qualit\u00e0-su-facebook-5.jpg\" alt=\"foto-alta-qualit\u00e0-su-facebook-5\" width=\"305\" height=\"312\" srcset=\"http:\/\/www.lucaghigliano.it\/it\/wp-content\/uploads\/2015\/04\/foto-alta-qualit\u00e0-su-facebook-5.jpg 305w, http:\/\/www.lucaghigliano.it\/it\/wp-content\/uploads\/2015\/04\/foto-alta-qualit\u00e0-su-facebook-5-293x300.jpg 293w\" sizes=\"(max-width: 305px) 100vw, 305px\" \/><\/p>\n<h3><span style=\"color: #ff0000;\">ALBUM IN ALTA QUALITA&#8217;<\/span><\/h3>\n<p>Se dopo aver applicato tutte queste modalit\u00e0 di lavoro volete ottenere veramente il massimo potete utilizzare la modalit\u00e0 ALTA QUALITA&#8217; che per\u00f2 \u00e8 presente solo se l&#8217;upload viene effettuato all&#8217;interno di un album.<\/p>\n<p><img loading=\"lazy\" decoding=\"async\" class=\"alignnone size-full wp-image-2937\" src=\"http:\/\/www.lucaghigliano.it\/it\/wp-content\/uploads\/2015\/04\/foto-alta-qualit\u00e0-su-facebook-6.jpg\" alt=\"foto-alta-qualit\u00e0-su-facebook-6\" width=\"303\" height=\"360\" srcset=\"http:\/\/www.lucaghigliano.it\/it\/wp-content\/uploads\/2015\/04\/foto-alta-qualit\u00e0-su-facebook-6.jpg 303w, http:\/\/www.lucaghigliano.it\/it\/wp-content\/uploads\/2015\/04\/foto-alta-qualit\u00e0-su-facebook-6-253x300.jpg 253w\" sizes=\"(max-width: 303px) 100vw, 303px\" \/><\/p>\n<p>Ho fatto alcune prove e, utilizzando le dimensioni predefinite e il formato PNG-24, l&#8217;utilizzo dell&#8217;opzione &#8220;Alta qualit\u00e0&#8221; non porta miglioramenti significativi ma se volete ottenere veramente il massimo allora utilizzatela. Male non fa di certo&#8230; :)<\/p>\n<p><strong>_______________________________<\/strong><\/p>\n<p><strong>Se hai trovato interessante questo articolo e vuoi ricevere informazioni, prove\u00a0e aggiornamenti su temi\u00a0fotografici iscriviti alla newsletter mensile. Non sono il tipo che intasa le caselle di posta infatti\u00a0<em>invio massimo una mail\/mese<\/em>. Usa il <a title=\"CONTATTI\" href=\"http:\/\/www.lucaghigliano.it\/it\/contatti\/\" target=\"_blank\">modulo\u00a0di iscrizione<\/a> oppure contattami all\u2019indirizzo\u00a0<a href=\"mailto:luca@lucaghigliano.it\">luca@lucaghigliano.it<\/a> con oggetto \u201cNewsLetter\u201d :)<\/strong><\/p>\n<p><span style=\"color: #ff0000;\"><strong>Se ti \u00e8 piaciuto questo articolo puoi\u00a0contribuire anche tu alla crescita del sito\u00a0cliccando su uno dei tasti di FaceBook qua sotto\u2026 oppure su entrambi! Grazie 1000 anticipatamente :)<\/strong><\/span><\/p>\n","protected":false},"excerpt":{"rendered":"<p>Come fare a caricare foto di alta qualit\u00e0 su Facebook e perch\u00e8? In Italia \u00e8&#8230;<\/p>\n","protected":false},"author":1,"featured_media":0,"comment_status":"open","ping_status":"open","sticky":false,"template":"","format":"standard","meta":{"footnotes":""},"categories":[1],"tags":[69,84,15],"_links":{"self":[{"href":"http:\/\/www.lucaghigliano.it\/it\/wp-json\/wp\/v2\/posts\/2931"}],"collection":[{"href":"http:\/\/www.lucaghigliano.it\/it\/wp-json\/wp\/v2\/posts"}],"about":[{"href":"http:\/\/www.lucaghigliano.it\/it\/wp-json\/wp\/v2\/types\/post"}],"author":[{"embeddable":true,"href":"http:\/\/www.lucaghigliano.it\/it\/wp-json\/wp\/v2\/users\/1"}],"replies":[{"embeddable":true,"href":"http:\/\/www.lucaghigliano.it\/it\/wp-json\/wp\/v2\/comments?post=2931"}],"version-history":[{"count":3,"href":"http:\/\/www.lucaghigliano.it\/it\/wp-json\/wp\/v2\/posts\/2931\/revisions"}],"predecessor-version":[{"id":2940,"href":"http:\/\/www.lucaghigliano.it\/it\/wp-json\/wp\/v2\/posts\/2931\/revisions\/2940"}],"wp:attachment":[{"href":"http:\/\/www.lucaghigliano.it\/it\/wp-json\/wp\/v2\/media?parent=2931"}],"wp:term":[{"taxonomy":"category","embeddable":true,"href":"http:\/\/www.lucaghigliano.it\/it\/wp-json\/wp\/v2\/categories?post=2931"},{"taxonomy":"post_tag","embeddable":true,"href":"http:\/\/www.lucaghigliano.it\/it\/wp-json\/wp\/v2\/tags?post=2931"}],"curies":[{"name":"wp","href":"https:\/\/api.w.org\/{rel}","templated":true}]}}