{"id":6434,"date":"2016-11-07T15:56:11","date_gmt":"2016-11-07T14:56:11","guid":{"rendered":"http:\/\/www.lucaghigliano.it\/it\/?p=6434"},"modified":"2017-02-07T12:00:02","modified_gmt":"2017-02-07T11:00:02","slug":"panorama-arco-alpino-da-saluggia","status":"publish","type":"post","link":"http:\/\/www.lucaghigliano.it\/it\/panorama-arco-alpino-da-saluggia\/","title":{"rendered":"Panoramica dell&#8217;arco alpino da Saluggia"},"content":{"rendered":"<p>Abitando nell&#8217;umida pianura padana i giorni con visibilit\u00e0 perfetta sono piuttosto rari\u00a0durante l&#8217;anno ed \u00e8 un peccato perch\u00e8 il Piemonte \u00e8 una regione paesaggisticamente molto bella e come dice la nome stesso&#8230; ai piedi dei monti. Ricordo alcune mattine d&#8217;autunno in cui fermavo l&#8217;auto a bordo strada per osservare questo spettacolo ed infatti \u00e8 da un paio di anni che volevo fare una foto panoramica dell&#8217;arco alpino che si pu\u00f2 vedere dal mio paesello (Saluggia &#8211; provincia di Vercelli). Ma un giorno non avevo la macchina fotografica con me, l&#8217;altro ero impegnato, l&#8217;altro stavo andando da un cliente e cos\u00ec, rimanda e rimanda, questa foto m&#8217;\u00e8 sempre sfuggita. Fino ad oggi quando portando i bambini all&#8217;asilo, ho capito che era una di quelle giornate rare: mi sono recato sul punto pi\u00f9 alto facilmente accessibile ossia il cavalcavia dell&#8217;autostrada &#8211;\u00a0<a href=\"https:\/\/goo.gl\/maps\/nAy7aU3FKQ12\" target=\"_blank\">qui<\/a>\u00a0&#8211; ed in piedi sul guard-rail ho scattato 45 foto da 24 megapixel l&#8217;una con la mia Nikon D7100 + Nikkor 18-200 tutte a 200mm (300mm eq.) e f\/8.0 e successivamente le ho unite a PC. Questo il risultato&#8230;<\/p>\n<p><a href=\"http:\/\/www.lucaghigliano.it\/it\/wp-content\/uploads\/2016\/11\/panorama-arco-alpino-saluggia-2.jpg\" target=\"_blank\"><img loading=\"lazy\" decoding=\"async\" class=\"alignnone wp-image-6452 size-full\" src=\"http:\/\/www.lucaghigliano.it\/it\/wp-content\/uploads\/2016\/11\/panoramica-saluggia-piccola.jpg\" width=\"700\" height=\"229\" srcset=\"http:\/\/www.lucaghigliano.it\/it\/wp-content\/uploads\/2016\/11\/panoramica-saluggia-piccola.jpg 700w, http:\/\/www.lucaghigliano.it\/it\/wp-content\/uploads\/2016\/11\/panoramica-saluggia-piccola-300x98.jpg 300w\" sizes=\"(max-width: 700px) 100vw, 700px\" \/><\/a><\/p>\n<p><!--more--><\/p>\n<p>..<a href=\"http:\/\/www.lucaghigliano.it\/it\/wp-content\/uploads\/2016\/11\/panorama-arco-alpino-saluggia-2.jpg\" target=\"_blank\">.clicca sull&#8217;immagine<\/a> ed una volta caricati gli 8Mb nel browser ingrandiscila al 100% (<em><span style=\"text-decoration: underline;\">con GoogleChrome basta fermarsi un attimo perch\u00e8 compaia la lente di ingrandimento &#8211; sugli smartphone ingrandite usando le dita<\/span><\/em>). Sono veramente molto molto soddisfatto del risultato ottenuto :)<\/p>\n<p><strong>Se qualcuno di Voi \u00e8 appassionato di montagna e riesce a riconoscere le varie vette che non conosco pu\u00f2 scrivermi a luca@lucaghigliano.it ed aiutarmi a completare la panoramica. Gliene sar\u00f2 veramente grato :)<\/strong><\/p>\n<p>Per i patiti di tecnologia l&#8217;unione degli scatti originali ha creato un file da 620 megapixel, difficile da gestire anche da un PC potente. La versione pubblicata \u00e8 poco meno di 14 megapixel ma pi\u00f9 che sufficiente per una visualizzazione internet&#8230; Buona visione :)<\/p>\n<p>________________________________________<\/p>\n<p><strong>Se hai trovato interessante questo articolo e vuoi ricevere informazioni, prove\u00a0e aggiornamenti su temi\u00a0fotografici iscriviti alla newsletter mensile. Non sono il tipo che intasa le caselle di posta infatti\u00a0<em>invio massimo una mail\/mese<\/em>. Usa il <a title=\"CONTATTI\" href=\"http:\/\/www.lucaghigliano.it\/it\/contatti\/\" target=\"_blank\">modulo\u00a0di iscrizione<\/a> oppure contattami all\u2019indirizzo\u00a0<a href=\"mailto:luca@lucaghigliano.it\">luca@lucaghigliano.it<\/a> con oggetto \u201cNewsLetter\u201d :)<\/strong><\/p>\n<p><strong>Se ti \u00e8 piaciuto questo articolo puoi\u00a0contribuire anche tu alla crescita del sito\u00a0cliccando su uno dei tasti di FaceBook qua sotto\u2026 oppure su entrambi! Grazie 1000 anticipatamente :)<\/strong><\/p>\n","protected":false},"excerpt":{"rendered":"<p>Abitando nell&#8217;umida pianura padana i giorni con visibilit\u00e0 perfetta sono piuttosto rari\u00a0durante l&#8217;anno ed \u00e8&#8230;<\/p>\n","protected":false},"author":1,"featured_media":0,"comment_status":"open","ping_status":"open","sticky":false,"template":"","format":"standard","meta":{"footnotes":""},"categories":[1],"tags":[15],"_links":{"self":[{"href":"http:\/\/www.lucaghigliano.it\/it\/wp-json\/wp\/v2\/posts\/6434"}],"collection":[{"href":"http:\/\/www.lucaghigliano.it\/it\/wp-json\/wp\/v2\/posts"}],"about":[{"href":"http:\/\/www.lucaghigliano.it\/it\/wp-json\/wp\/v2\/types\/post"}],"author":[{"embeddable":true,"href":"http:\/\/www.lucaghigliano.it\/it\/wp-json\/wp\/v2\/users\/1"}],"replies":[{"embeddable":true,"href":"http:\/\/www.lucaghigliano.it\/it\/wp-json\/wp\/v2\/comments?post=6434"}],"version-history":[{"count":17,"href":"http:\/\/www.lucaghigliano.it\/it\/wp-json\/wp\/v2\/posts\/6434\/revisions"}],"predecessor-version":[{"id":6462,"href":"http:\/\/www.lucaghigliano.it\/it\/wp-json\/wp\/v2\/posts\/6434\/revisions\/6462"}],"wp:attachment":[{"href":"http:\/\/www.lucaghigliano.it\/it\/wp-json\/wp\/v2\/media?parent=6434"}],"wp:term":[{"taxonomy":"category","embeddable":true,"href":"http:\/\/www.lucaghigliano.it\/it\/wp-json\/wp\/v2\/categories?post=6434"},{"taxonomy":"post_tag","embeddable":true,"href":"http:\/\/www.lucaghigliano.it\/it\/wp-json\/wp\/v2\/tags?post=6434"}],"curies":[{"name":"wp","href":"https:\/\/api.w.org\/{rel}","templated":true}]}}