{"id":1241,"date":"2018-08-29T18:04:40","date_gmt":"2018-08-29T17:04:40","guid":{"rendered":"http:\/\/www.lucaghigliano.it\/zioghilli\/?p=1241"},"modified":"2025-09-04T14:00:50","modified_gmt":"2025-09-04T13:00:50","slug":"route-des-grandes-alpes-18-1","status":"publish","type":"post","link":"https:\/\/www.lucaghigliano.it\/zioghilli\/route-des-grandes-alpes-18-1\/","title":{"rendered":"Bici da corsa | Route des Grandes Alpes &#8217;18 #1"},"content":{"rendered":"\n<p class=\"wp-block-paragraph\">Il richiamo del viaggio in solitaria sulla route des Grandes Alpes era forte e cos\u00ec&#8230; \ud83d\ude42<br>Cos\u00ec \u00e8 ora di partire nuovamente:<br><br>&#8211; treno fino ad Oulx<br>&#8211; col de l&#8217;\u00c9chelle &#8211; 1.762m<br>&#8211; Briancon<br>&#8211; col de Izoard &#8211; 2.360m<br>&#8211; Guillestre<br>&#8211; col de Vars &#8211; 2.108m<br>&#8211; col de la Bonette &#8211; 2.802m<br>&#8211; Barcelonette<br>&#8211; col de la Cayolle &#8211; 2.326m<br>&#8211; Valberg<br>&#8211; col S. Martin &#8211; 1.500m<br>&#8211; col de la Couillole &#8211; 1.678m<br>&#8211; Saint Martin V\u00e9subie<br>&#8211; col de Turini &#8211; 1.607m<br>&#8211; col de Castillon &#8211; 787m<br>&#8211; Mentone<br>&#8211; Ventimiglia | treno | fine dei giochi<br><br>| allez-allez | bon voyage et bonne chance \u00e0 moi | Vive la chatte |<br>E chi pi\u00f9 ne ha pi\u00f9 ne metta!!!&nbsp;<\/p>\n\n\n\n<figure class=\"wp-block-image\"><img decoding=\"async\" width=\"1024\" height=\"768\" data-src=\"https:\/\/www.lucaghigliano.it\/zioghilli\/wp-content\/uploads\/2019\/04\/DSF0009-Modifica-small-1024x768.jpg\" src=\"data:image\/gif;base64,R0lGODlhAQABAIAAAAAAAP\/\/\/yH5BAEAAAAALAAAAAABAAEAAAIBRAA7\" alt=\"\" class=\"wp-image-1265 lazyload\"\/><noscript><img decoding=\"async\" width=\"1024\" height=\"768\" src=\"https:\/\/www.lucaghigliano.it\/zioghilli\/wp-content\/uploads\/2019\/04\/DSF0009-Modifica-small-1024x768.jpg\" alt=\"\" class=\"wp-image-1265\" srcset=\"https:\/\/www.lucaghigliano.it\/zioghilli\/wp-content\/uploads\/2019\/04\/DSF0009-Modifica-small-1024x768.jpg 1024w, https:\/\/www.lucaghigliano.it\/zioghilli\/wp-content\/uploads\/2019\/04\/DSF0009-Modifica-small-300x225.jpg 300w, https:\/\/www.lucaghigliano.it\/zioghilli\/wp-content\/uploads\/2019\/04\/DSF0009-Modifica-small-768x576.jpg 768w, https:\/\/www.lucaghigliano.it\/zioghilli\/wp-content\/uploads\/2019\/04\/DSF0009-Modifica-small-945x709.jpg 945w, https:\/\/www.lucaghigliano.it\/zioghilli\/wp-content\/uploads\/2019\/04\/DSF0009-Modifica-small-600x450.jpg 600w, https:\/\/www.lucaghigliano.it\/zioghilli\/wp-content\/uploads\/2019\/04\/DSF0009-Modifica-small.jpg 1600w\" sizes=\"(max-width: 1024px) 100vw, 1024px\" \/><\/noscript><figcaption class=\"wp-element-caption\"> Pesata sulla bilancia di precisione: 16.6kg compresi 600 grammi di frutta secca e 750ml di acqua e limone&#8230;\u00a0 <br>.<\/figcaption><\/figure>\n\n\n\n<figure class=\"wp-block-image\"><img decoding=\"async\" width=\"816\" height=\"1024\" data-src=\"https:\/\/www.lucaghigliano.it\/zioghilli\/wp-content\/uploads\/2019\/04\/mappa-816x1024.jpg\" src=\"data:image\/gif;base64,R0lGODlhAQABAIAAAAAAAP\/\/\/yH5BAEAAAAALAAAAAABAAEAAAIBRAA7\" alt=\"\" class=\"wp-image-1266 lazyload\"\/><noscript><img decoding=\"async\" width=\"816\" height=\"1024\" src=\"https:\/\/www.lucaghigliano.it\/zioghilli\/wp-content\/uploads\/2019\/04\/mappa-816x1024.jpg\" alt=\"\" class=\"wp-image-1266\" srcset=\"https:\/\/www.lucaghigliano.it\/zioghilli\/wp-content\/uploads\/2019\/04\/mappa-816x1024.jpg 816w, https:\/\/www.lucaghigliano.it\/zioghilli\/wp-content\/uploads\/2019\/04\/mappa-239x300.jpg 239w, https:\/\/www.lucaghigliano.it\/zioghilli\/wp-content\/uploads\/2019\/04\/mappa-768x964.jpg 768w, https:\/\/www.lucaghigliano.it\/zioghilli\/wp-content\/uploads\/2019\/04\/mappa-945x1186.jpg 945w, https:\/\/www.lucaghigliano.it\/zioghilli\/wp-content\/uploads\/2019\/04\/mappa-600x753.jpg 600w, https:\/\/www.lucaghigliano.it\/zioghilli\/wp-content\/uploads\/2019\/04\/mappa.jpg 1200w\" sizes=\"(max-width: 816px) 100vw, 816px\" \/><\/noscript><figcaption class=\"wp-element-caption\"> I vari siti affermano che dovrebbero essere 405km e 12.000m+<br>.<\/figcaption><\/figure>\n\n\n\n<h4 class=\"wp-block-heading has-text-align-center\">1\u00b0 GIORNO &#8211; 29 AGOSTO 2018<\/h4>\n\n\n\n<p class=\"has-text-align-center wp-block-paragraph\"><strong>Saluggia &#8211; Chivasso &#8211; Treno &#8211; Oulx &#8211; Bardonecchia &#8211; Col de l&#8217;Echelle &#8211; Briancon &#8211; Col de l&#8217;Izoard &#8211; Guillestre &#8211; 95km &#8211; 2.039m+ | <\/strong><a href=\"https:\/\/www.strava.com\/activities\/1805500115\" target=\"_blank\" rel=\"noopener\"><strong>www.strava.com\/activities\/1805500115<\/strong><\/a> <br><br> <strong>&#8211; RIASSUNTO PUNTATE PRECEDENTI &#8211;<br>RouteDesGrandesAlpes &#8217;17 <br><\/strong><a href=\"https:\/\/www.lucaghigliano.it\/zioghilli\/route-des-grandes-alpes-i-preparativi\/\"><strong>i preparativi<\/strong><\/a><strong> | <\/strong><a href=\"https:\/\/www.lucaghigliano.it\/zioghilli\/route-des-grandes-alpes-1-g\/\"><strong>1\u00b0 giorno<\/strong><\/a><strong> | <\/strong><a href=\"https:\/\/www.lucaghigliano.it\/zioghilli\/route-des-grandes-alpes-2-giorno\/\"><strong>2\u00b0 giorno<\/strong><\/a><strong> | <\/strong><a href=\"https:\/\/www.lucaghigliano.it\/zioghilli\/route-des-grandes-alpes-3-giorno\/\"><strong>3\u00b0 giorno<\/strong><\/a><strong> | <a href=\"https:\/\/www.lucaghigliano.it\/zioghilli\/route-des-grandes-alpes-4-giorno\/\">4\u00b0 giorno<\/a><br>RouteDesGrandesAlpes &#8217;18<br><\/strong><a href=\"https:\/\/www.lucaghigliano.it\/zioghilli\/route-des-grandes-alpes-18-1\/\"><strong>1\u00b0 giorno<\/strong><\/a><strong> | <\/strong><a href=\"https:\/\/www.lucaghigliano.it\/zioghilli\/route-des-grandes-alpes-18-2\/\"><strong>2\u00b0 giorno<\/strong><\/a><strong> | <\/strong><a href=\"https:\/\/www.lucaghigliano.it\/zioghilli\/route-des-grandes-alpes-18-3\/\"><strong>3\u00b0 giorno<\/strong><\/a><strong> | <\/strong><a href=\"https:\/\/www.lucaghigliano.it\/zioghilli\/route-des-grandes-alpes-18-4\/\"><strong>4\u00b0 giorno<\/strong><\/a><strong> <br>&#8212;<\/strong> <\/p>\n\n\n\n<p class=\"wp-block-paragraph\">Partenza ore 6.30 da casa e pedalando fino alla stazione di Chivasso arrivo al pelo per prendere il treno per Torino Porta Nuova. Segue colazione con ammiocuggino Davide e poi treno fino a Oulx.<\/p>\n\n\n\n<figure class=\"wp-block-image\"><img decoding=\"async\" width=\"1024\" height=\"768\" data-src=\"https:\/\/www.lucaghigliano.it\/zioghilli\/wp-content\/uploads\/2019\/04\/DSC01599-Modifica-1024x768.jpg\" src=\"data:image\/gif;base64,R0lGODlhAQABAIAAAAAAAP\/\/\/yH5BAEAAAAALAAAAAABAAEAAAIBRAA7\" alt=\"\" class=\"wp-image-1267 lazyload\"\/><noscript><img decoding=\"async\" width=\"1024\" height=\"768\" src=\"https:\/\/www.lucaghigliano.it\/zioghilli\/wp-content\/uploads\/2019\/04\/DSC01599-Modifica-1024x768.jpg\" alt=\"\" class=\"wp-image-1267\" srcset=\"https:\/\/www.lucaghigliano.it\/zioghilli\/wp-content\/uploads\/2019\/04\/DSC01599-Modifica-1024x768.jpg 1024w, https:\/\/www.lucaghigliano.it\/zioghilli\/wp-content\/uploads\/2019\/04\/DSC01599-Modifica-300x225.jpg 300w, https:\/\/www.lucaghigliano.it\/zioghilli\/wp-content\/uploads\/2019\/04\/DSC01599-Modifica-768x576.jpg 768w, https:\/\/www.lucaghigliano.it\/zioghilli\/wp-content\/uploads\/2019\/04\/DSC01599-Modifica-945x709.jpg 945w, https:\/\/www.lucaghigliano.it\/zioghilli\/wp-content\/uploads\/2019\/04\/DSC01599-Modifica-600x450.jpg 600w, https:\/\/www.lucaghigliano.it\/zioghilli\/wp-content\/uploads\/2019\/04\/DSC01599-Modifica.jpg 1200w\" sizes=\"(max-width: 1024px) 100vw, 1024px\" \/><\/noscript><figcaption class=\"wp-element-caption\">.<\/figcaption><\/figure>\n\n\n\n<p class=\"wp-block-paragraph\">Siccome quando si \u00e8 in giro in solitaria in realt\u00e0 si conoscono un sacco di persone, sul treno per Oulx incontro Francesca che in realt\u00e0 si chiama Giorgio (?!) e Andrea con i quali condivido un bel viaggio. Ragazzi interessanti&#8230;<\/p>\n\n\n\n<figure class=\"wp-block-image\"><img decoding=\"async\" width=\"1024\" height=\"768\" data-src=\"https:\/\/www.lucaghigliano.it\/zioghilli\/wp-content\/uploads\/2019\/04\/DSC01600-Modifica-1024x768.jpg\" src=\"data:image\/gif;base64,R0lGODlhAQABAIAAAAAAAP\/\/\/yH5BAEAAAAALAAAAAABAAEAAAIBRAA7\" alt=\"\" class=\"wp-image-1269 lazyload\"\/><noscript><img decoding=\"async\" width=\"1024\" height=\"768\" src=\"https:\/\/www.lucaghigliano.it\/zioghilli\/wp-content\/uploads\/2019\/04\/DSC01600-Modifica-1024x768.jpg\" alt=\"\" class=\"wp-image-1269\" srcset=\"https:\/\/www.lucaghigliano.it\/zioghilli\/wp-content\/uploads\/2019\/04\/DSC01600-Modifica-1024x768.jpg 1024w, https:\/\/www.lucaghigliano.it\/zioghilli\/wp-content\/uploads\/2019\/04\/DSC01600-Modifica-300x225.jpg 300w, https:\/\/www.lucaghigliano.it\/zioghilli\/wp-content\/uploads\/2019\/04\/DSC01600-Modifica-768x576.jpg 768w, https:\/\/www.lucaghigliano.it\/zioghilli\/wp-content\/uploads\/2019\/04\/DSC01600-Modifica-945x709.jpg 945w, https:\/\/www.lucaghigliano.it\/zioghilli\/wp-content\/uploads\/2019\/04\/DSC01600-Modifica-600x450.jpg 600w, https:\/\/www.lucaghigliano.it\/zioghilli\/wp-content\/uploads\/2019\/04\/DSC01600-Modifica.jpg 1200w\" sizes=\"(max-width: 1024px) 100vw, 1024px\" \/><\/noscript><figcaption class=\"wp-element-caption\">.<\/figcaption><\/figure>\n\n\n\n<p class=\"wp-block-paragraph\">Foto alla stazione di Oulx. Stesso punto da cui partii per il tour dell&#8217;anno scorso sulla Route des Grandes Alpes (ma verso nord). Stesso punto da cui partii per la salita allo Chaberton con pernotto in cima. Ai lov Oulx&#8230;<\/p>\n\n\n\n<figure class=\"wp-block-image\"><img decoding=\"async\" width=\"1024\" height=\"768\" data-src=\"https:\/\/www.lucaghigliano.it\/zioghilli\/wp-content\/uploads\/2019\/04\/DSC01601-Modifica-1024x768.jpg\" src=\"data:image\/gif;base64,R0lGODlhAQABAIAAAAAAAP\/\/\/yH5BAEAAAAALAAAAAABAAEAAAIBRAA7\" alt=\"\" class=\"wp-image-1270 lazyload\"\/><noscript><img decoding=\"async\" width=\"1024\" height=\"768\" src=\"https:\/\/www.lucaghigliano.it\/zioghilli\/wp-content\/uploads\/2019\/04\/DSC01601-Modifica-1024x768.jpg\" alt=\"\" class=\"wp-image-1270\" srcset=\"https:\/\/www.lucaghigliano.it\/zioghilli\/wp-content\/uploads\/2019\/04\/DSC01601-Modifica-1024x768.jpg 1024w, https:\/\/www.lucaghigliano.it\/zioghilli\/wp-content\/uploads\/2019\/04\/DSC01601-Modifica-300x225.jpg 300w, https:\/\/www.lucaghigliano.it\/zioghilli\/wp-content\/uploads\/2019\/04\/DSC01601-Modifica-768x576.jpg 768w, https:\/\/www.lucaghigliano.it\/zioghilli\/wp-content\/uploads\/2019\/04\/DSC01601-Modifica-945x709.jpg 945w, https:\/\/www.lucaghigliano.it\/zioghilli\/wp-content\/uploads\/2019\/04\/DSC01601-Modifica-600x450.jpg 600w, https:\/\/www.lucaghigliano.it\/zioghilli\/wp-content\/uploads\/2019\/04\/DSC01601-Modifica.jpg 1200w\" sizes=\"(max-width: 1024px) 100vw, 1024px\" \/><\/noscript><figcaption class=\"wp-element-caption\">.<\/figcaption><\/figure>\n\n\n\n<p class=\"wp-block-paragraph\">Inizio a pedalare ma arrivato a Royeres c&#8217;\u00e8 un cantiere di lavori. Il tizio \u00e8 impassibile: non si passa. Vai a prenderti il treno per Bardonecchia&#8230;<\/p>\n\n\n\n<figure class=\"wp-block-image\"><img decoding=\"async\" width=\"1024\" height=\"768\" data-src=\"https:\/\/www.lucaghigliano.it\/zioghilli\/wp-content\/uploads\/2019\/04\/DSC01602-Modifica-1024x768.jpg\" src=\"data:image\/gif;base64,R0lGODlhAQABAIAAAAAAAP\/\/\/yH5BAEAAAAALAAAAAABAAEAAAIBRAA7\" alt=\"\" class=\"wp-image-1271 lazyload\"\/><noscript><img decoding=\"async\" width=\"1024\" height=\"768\" src=\"https:\/\/www.lucaghigliano.it\/zioghilli\/wp-content\/uploads\/2019\/04\/DSC01602-Modifica-1024x768.jpg\" alt=\"\" class=\"wp-image-1271\" srcset=\"https:\/\/www.lucaghigliano.it\/zioghilli\/wp-content\/uploads\/2019\/04\/DSC01602-Modifica-1024x768.jpg 1024w, https:\/\/www.lucaghigliano.it\/zioghilli\/wp-content\/uploads\/2019\/04\/DSC01602-Modifica-300x225.jpg 300w, https:\/\/www.lucaghigliano.it\/zioghilli\/wp-content\/uploads\/2019\/04\/DSC01602-Modifica-768x576.jpg 768w, https:\/\/www.lucaghigliano.it\/zioghilli\/wp-content\/uploads\/2019\/04\/DSC01602-Modifica-945x709.jpg 945w, https:\/\/www.lucaghigliano.it\/zioghilli\/wp-content\/uploads\/2019\/04\/DSC01602-Modifica-600x450.jpg 600w, https:\/\/www.lucaghigliano.it\/zioghilli\/wp-content\/uploads\/2019\/04\/DSC01602-Modifica.jpg 1200w\" sizes=\"(max-width: 1024px) 100vw, 1024px\" \/><\/noscript><figcaption class=\"wp-element-caption\">.<\/figcaption><\/figure>\n\n\n\n<p class=\"wp-block-paragraph\"> In attesa del treno. Scoprir\u00f2 poi che il tizio se n&#8217;\u00e8 andato dopo 10&#8242; ed i ciclisti hanno ricominciato a passare&#8230; un&#8217;ora buttata nel wc<\/p>\n\n\n\n<figure class=\"wp-block-image\"><img decoding=\"async\" width=\"1024\" height=\"480\" data-src=\"https:\/\/www.lucaghigliano.it\/zioghilli\/wp-content\/uploads\/2019\/04\/scala-1024x480.jpg\" src=\"data:image\/gif;base64,R0lGODlhAQABAIAAAAAAAP\/\/\/yH5BAEAAAAALAAAAAABAAEAAAIBRAA7\" alt=\"\" class=\"wp-image-1273 lazyload\"\/><noscript><img decoding=\"async\" width=\"1024\" height=\"480\" src=\"https:\/\/www.lucaghigliano.it\/zioghilli\/wp-content\/uploads\/2019\/04\/scala-1024x480.jpg\" alt=\"\" class=\"wp-image-1273\" srcset=\"https:\/\/www.lucaghigliano.it\/zioghilli\/wp-content\/uploads\/2019\/04\/scala-1024x480.jpg 1024w, https:\/\/www.lucaghigliano.it\/zioghilli\/wp-content\/uploads\/2019\/04\/scala-300x141.jpg 300w, https:\/\/www.lucaghigliano.it\/zioghilli\/wp-content\/uploads\/2019\/04\/scala-768x360.jpg 768w, https:\/\/www.lucaghigliano.it\/zioghilli\/wp-content\/uploads\/2019\/04\/scala-945x443.jpg 945w, https:\/\/www.lucaghigliano.it\/zioghilli\/wp-content\/uploads\/2019\/04\/scala-600x281.jpg 600w, https:\/\/www.lucaghigliano.it\/zioghilli\/wp-content\/uploads\/2019\/04\/scala.jpg 1582w\" sizes=\"(max-width: 1024px) 100vw, 1024px\" \/><\/noscript><figcaption class=\"wp-element-caption\">www.salite.ch<br>.<\/figcaption><\/figure>\n\n\n\n<p class=\"wp-block-paragraph\">Arrivato a Bardonecchia affronto la prima salita del tour. Il col de l&#8217;Echelle.<\/p>\n\n\n\n<figure class=\"wp-block-image\"><img decoding=\"async\" width=\"1024\" height=\"768\" data-src=\"https:\/\/www.lucaghigliano.it\/zioghilli\/wp-content\/uploads\/2019\/04\/DSC01604-Modifica-1024x768.jpg\" src=\"data:image\/gif;base64,R0lGODlhAQABAIAAAAAAAP\/\/\/yH5BAEAAAAALAAAAAABAAEAAAIBRAA7\" alt=\"\" class=\"wp-image-1272 lazyload\"\/><noscript><img decoding=\"async\" width=\"1024\" height=\"768\" src=\"https:\/\/www.lucaghigliano.it\/zioghilli\/wp-content\/uploads\/2019\/04\/DSC01604-Modifica-1024x768.jpg\" alt=\"\" class=\"wp-image-1272\" srcset=\"https:\/\/www.lucaghigliano.it\/zioghilli\/wp-content\/uploads\/2019\/04\/DSC01604-Modifica-1024x768.jpg 1024w, https:\/\/www.lucaghigliano.it\/zioghilli\/wp-content\/uploads\/2019\/04\/DSC01604-Modifica-300x225.jpg 300w, https:\/\/www.lucaghigliano.it\/zioghilli\/wp-content\/uploads\/2019\/04\/DSC01604-Modifica-768x576.jpg 768w, https:\/\/www.lucaghigliano.it\/zioghilli\/wp-content\/uploads\/2019\/04\/DSC01604-Modifica-945x709.jpg 945w, https:\/\/www.lucaghigliano.it\/zioghilli\/wp-content\/uploads\/2019\/04\/DSC01604-Modifica-600x450.jpg 600w, https:\/\/www.lucaghigliano.it\/zioghilli\/wp-content\/uploads\/2019\/04\/DSC01604-Modifica.jpg 1200w\" sizes=\"(max-width: 1024px) 100vw, 1024px\" \/><\/noscript><figcaption class=\"wp-element-caption\">.<\/figcaption><\/figure>\n\n\n\n<p class=\"wp-block-paragraph\">ByeBye Italia. Ci rivediamo tra qualche giorno&#8230;<\/p>\n\n\n\n<figure class=\"wp-block-image\"><img decoding=\"async\" width=\"1024\" height=\"768\" data-src=\"https:\/\/www.lucaghigliano.it\/zioghilli\/wp-content\/uploads\/2019\/04\/DSC01605-Modifica-1024x768.jpg\" src=\"data:image\/gif;base64,R0lGODlhAQABAIAAAAAAAP\/\/\/yH5BAEAAAAALAAAAAABAAEAAAIBRAA7\" alt=\"\" class=\"wp-image-1274 lazyload\"\/><noscript><img decoding=\"async\" width=\"1024\" height=\"768\" src=\"https:\/\/www.lucaghigliano.it\/zioghilli\/wp-content\/uploads\/2019\/04\/DSC01605-Modifica-1024x768.jpg\" alt=\"\" class=\"wp-image-1274\" srcset=\"https:\/\/www.lucaghigliano.it\/zioghilli\/wp-content\/uploads\/2019\/04\/DSC01605-Modifica-1024x768.jpg 1024w, https:\/\/www.lucaghigliano.it\/zioghilli\/wp-content\/uploads\/2019\/04\/DSC01605-Modifica-300x225.jpg 300w, https:\/\/www.lucaghigliano.it\/zioghilli\/wp-content\/uploads\/2019\/04\/DSC01605-Modifica-768x576.jpg 768w, https:\/\/www.lucaghigliano.it\/zioghilli\/wp-content\/uploads\/2019\/04\/DSC01605-Modifica-945x709.jpg 945w, https:\/\/www.lucaghigliano.it\/zioghilli\/wp-content\/uploads\/2019\/04\/DSC01605-Modifica-600x450.jpg 600w, https:\/\/www.lucaghigliano.it\/zioghilli\/wp-content\/uploads\/2019\/04\/DSC01605-Modifica.jpg 1200w\" sizes=\"(max-width: 1024px) 100vw, 1024px\" \/><\/noscript><figcaption class=\"wp-element-caption\">.<\/figcaption><\/figure>\n\n\n\n<p class=\"wp-block-paragraph\">Mentre pedalo in salita vengo sorpassato da un ragazzino che procede al triplo della mia velocit\u00e0. Poi seguito da altri. E&#8217; la nazionale jr. che si allena sul colle della scala. Dei mini-missili&#8230;<\/p>\n\n\n\n<figure class=\"wp-block-image\"><img decoding=\"async\" width=\"1024\" height=\"768\" data-src=\"https:\/\/www.lucaghigliano.it\/zioghilli\/wp-content\/uploads\/2019\/04\/DSC01608-Modifica-1024x768.jpg\" src=\"data:image\/gif;base64,R0lGODlhAQABAIAAAAAAAP\/\/\/yH5BAEAAAAALAAAAAABAAEAAAIBRAA7\" alt=\"\" class=\"wp-image-1275 lazyload\"\/><noscript><img decoding=\"async\" width=\"1024\" height=\"768\" src=\"https:\/\/www.lucaghigliano.it\/zioghilli\/wp-content\/uploads\/2019\/04\/DSC01608-Modifica-1024x768.jpg\" alt=\"\" class=\"wp-image-1275\" srcset=\"https:\/\/www.lucaghigliano.it\/zioghilli\/wp-content\/uploads\/2019\/04\/DSC01608-Modifica-1024x768.jpg 1024w, https:\/\/www.lucaghigliano.it\/zioghilli\/wp-content\/uploads\/2019\/04\/DSC01608-Modifica-300x225.jpg 300w, https:\/\/www.lucaghigliano.it\/zioghilli\/wp-content\/uploads\/2019\/04\/DSC01608-Modifica-768x576.jpg 768w, https:\/\/www.lucaghigliano.it\/zioghilli\/wp-content\/uploads\/2019\/04\/DSC01608-Modifica-945x709.jpg 945w, https:\/\/www.lucaghigliano.it\/zioghilli\/wp-content\/uploads\/2019\/04\/DSC01608-Modifica-600x450.jpg 600w, https:\/\/www.lucaghigliano.it\/zioghilli\/wp-content\/uploads\/2019\/04\/DSC01608-Modifica.jpg 1200w\" sizes=\"(max-width: 1024px) 100vw, 1024px\" \/><\/noscript><figcaption class=\"wp-element-caption\"> Il pianoro in cima al colle&#8230; <br>.<\/figcaption><\/figure>\n\n\n\n<figure class=\"wp-block-image\"><img decoding=\"async\" width=\"1024\" height=\"768\" data-src=\"https:\/\/www.lucaghigliano.it\/zioghilli\/wp-content\/uploads\/2019\/04\/DSC01609-Modifica-1024x768.jpg\" src=\"data:image\/gif;base64,R0lGODlhAQABAIAAAAAAAP\/\/\/yH5BAEAAAAALAAAAAABAAEAAAIBRAA7\" alt=\"\" class=\"wp-image-1276 lazyload\"\/><noscript><img decoding=\"async\" width=\"1024\" height=\"768\" src=\"https:\/\/www.lucaghigliano.it\/zioghilli\/wp-content\/uploads\/2019\/04\/DSC01609-Modifica-1024x768.jpg\" alt=\"\" class=\"wp-image-1276\" srcset=\"https:\/\/www.lucaghigliano.it\/zioghilli\/wp-content\/uploads\/2019\/04\/DSC01609-Modifica-1024x768.jpg 1024w, https:\/\/www.lucaghigliano.it\/zioghilli\/wp-content\/uploads\/2019\/04\/DSC01609-Modifica-300x225.jpg 300w, https:\/\/www.lucaghigliano.it\/zioghilli\/wp-content\/uploads\/2019\/04\/DSC01609-Modifica-768x576.jpg 768w, https:\/\/www.lucaghigliano.it\/zioghilli\/wp-content\/uploads\/2019\/04\/DSC01609-Modifica-945x709.jpg 945w, https:\/\/www.lucaghigliano.it\/zioghilli\/wp-content\/uploads\/2019\/04\/DSC01609-Modifica-600x450.jpg 600w, https:\/\/www.lucaghigliano.it\/zioghilli\/wp-content\/uploads\/2019\/04\/DSC01609-Modifica.jpg 1200w\" sizes=\"(max-width: 1024px) 100vw, 1024px\" \/><\/noscript><figcaption class=\"wp-element-caption\">.<\/figcaption><\/figure>\n\n\n\n<p class=\"has-text-align-left wp-block-paragraph\">Col de l&#8217;Echelle. Da qualche parte bisogner\u00e0 pur iniziare. Aggiorniamo l&#8217;elenco&#8230;<br><\/p>\n\n\n\n<p class=\"has-text-align-center wp-block-paragraph\"><strong>[x] Col de l&#8217;Echelle<\/strong><br>[_] Col de Izoard<br>[_] Col de Vars<br>[_] Col de la Bonette<br>[_] Col de la Cayolle<br>[_] Valberg<br>[_] Col de la Couillole<br>[_] Col du S. Martin<br>[_] Col de Turini<br>[_] Col de Castillon\n\n<\/p>\n\n\n\n<figure class=\"wp-block-image\"><img decoding=\"async\" width=\"1024\" height=\"768\" data-src=\"https:\/\/www.lucaghigliano.it\/zioghilli\/wp-content\/uploads\/2019\/04\/DSC01612-Modifica-1024x768.jpg\" src=\"data:image\/gif;base64,R0lGODlhAQABAIAAAAAAAP\/\/\/yH5BAEAAAAALAAAAAABAAEAAAIBRAA7\" alt=\"\" class=\"wp-image-1277 lazyload\"\/><noscript><img decoding=\"async\" width=\"1024\" height=\"768\" src=\"https:\/\/www.lucaghigliano.it\/zioghilli\/wp-content\/uploads\/2019\/04\/DSC01612-Modifica-1024x768.jpg\" alt=\"\" class=\"wp-image-1277\" srcset=\"https:\/\/www.lucaghigliano.it\/zioghilli\/wp-content\/uploads\/2019\/04\/DSC01612-Modifica-1024x768.jpg 1024w, https:\/\/www.lucaghigliano.it\/zioghilli\/wp-content\/uploads\/2019\/04\/DSC01612-Modifica-300x225.jpg 300w, https:\/\/www.lucaghigliano.it\/zioghilli\/wp-content\/uploads\/2019\/04\/DSC01612-Modifica-768x576.jpg 768w, https:\/\/www.lucaghigliano.it\/zioghilli\/wp-content\/uploads\/2019\/04\/DSC01612-Modifica-945x709.jpg 945w, https:\/\/www.lucaghigliano.it\/zioghilli\/wp-content\/uploads\/2019\/04\/DSC01612-Modifica-600x450.jpg 600w, https:\/\/www.lucaghigliano.it\/zioghilli\/wp-content\/uploads\/2019\/04\/DSC01612-Modifica.jpg 1200w\" sizes=\"(max-width: 1024px) 100vw, 1024px\" \/><\/noscript><figcaption class=\"wp-element-caption\">Spuntino a Briancon e poi si va&#8230; <br>.<\/figcaption><\/figure>\n\n\n\n<figure class=\"wp-block-image\"><img decoding=\"async\" width=\"1024\" height=\"484\" data-src=\"https:\/\/www.lucaghigliano.it\/zioghilli\/wp-content\/uploads\/2019\/04\/izoard-1024x484.jpg\" src=\"data:image\/gif;base64,R0lGODlhAQABAIAAAAAAAP\/\/\/yH5BAEAAAAALAAAAAABAAEAAAIBRAA7\" alt=\"\" class=\"wp-image-1279 lazyload\"\/><noscript><img decoding=\"async\" width=\"1024\" height=\"484\" src=\"https:\/\/www.lucaghigliano.it\/zioghilli\/wp-content\/uploads\/2019\/04\/izoard-1024x484.jpg\" alt=\"\" class=\"wp-image-1279\" srcset=\"https:\/\/www.lucaghigliano.it\/zioghilli\/wp-content\/uploads\/2019\/04\/izoard-1024x484.jpg 1024w, https:\/\/www.lucaghigliano.it\/zioghilli\/wp-content\/uploads\/2019\/04\/izoard-300x142.jpg 300w, https:\/\/www.lucaghigliano.it\/zioghilli\/wp-content\/uploads\/2019\/04\/izoard-768x363.jpg 768w, https:\/\/www.lucaghigliano.it\/zioghilli\/wp-content\/uploads\/2019\/04\/izoard-945x446.jpg 945w, https:\/\/www.lucaghigliano.it\/zioghilli\/wp-content\/uploads\/2019\/04\/izoard-600x283.jpg 600w, https:\/\/www.lucaghigliano.it\/zioghilli\/wp-content\/uploads\/2019\/04\/izoard.jpg 1554w\" sizes=\"(max-width: 1024px) 100vw, 1024px\" \/><\/noscript><figcaption class=\"wp-element-caption\">www.salite.ch<br>.<\/figcaption><\/figure>\n\n\n\n<figure class=\"wp-block-image\"><img decoding=\"async\" width=\"1024\" height=\"768\" data-src=\"https:\/\/www.lucaghigliano.it\/zioghilli\/wp-content\/uploads\/2019\/04\/DSC01613-Modifica-1024x768.jpg\" src=\"data:image\/gif;base64,R0lGODlhAQABAIAAAAAAAP\/\/\/yH5BAEAAAAALAAAAAABAAEAAAIBRAA7\" alt=\"\" class=\"wp-image-1278 lazyload\"\/><noscript><img decoding=\"async\" width=\"1024\" height=\"768\" src=\"https:\/\/www.lucaghigliano.it\/zioghilli\/wp-content\/uploads\/2019\/04\/DSC01613-Modifica-1024x768.jpg\" alt=\"\" class=\"wp-image-1278\" srcset=\"https:\/\/www.lucaghigliano.it\/zioghilli\/wp-content\/uploads\/2019\/04\/DSC01613-Modifica-1024x768.jpg 1024w, https:\/\/www.lucaghigliano.it\/zioghilli\/wp-content\/uploads\/2019\/04\/DSC01613-Modifica-300x225.jpg 300w, https:\/\/www.lucaghigliano.it\/zioghilli\/wp-content\/uploads\/2019\/04\/DSC01613-Modifica-768x576.jpg 768w, https:\/\/www.lucaghigliano.it\/zioghilli\/wp-content\/uploads\/2019\/04\/DSC01613-Modifica-945x709.jpg 945w, https:\/\/www.lucaghigliano.it\/zioghilli\/wp-content\/uploads\/2019\/04\/DSC01613-Modifica-600x450.jpg 600w, https:\/\/www.lucaghigliano.it\/zioghilli\/wp-content\/uploads\/2019\/04\/DSC01613-Modifica.jpg 1200w\" sizes=\"(max-width: 1024px) 100vw, 1024px\" \/><\/noscript><figcaption class=\"wp-element-caption\">.<\/figcaption><\/figure>\n\n\n\n<p class=\"wp-block-paragraph\">La cosa buffa \u00e8 che arrivo davanti a questi cartelli e penso:&#8221;&#8230;dai sono 18km. In un paio di ore di fatica sono in cima&#8230;&#8221; senza ragionare sul fatto che due ore a pestare sui pedali sono veramente tante. La mente&#8230; mente (voce del verbo mentire) <\/p>\n\n\n\n<figure class=\"wp-block-image\"><img decoding=\"async\" width=\"1024\" height=\"768\" data-src=\"https:\/\/www.lucaghigliano.it\/zioghilli\/wp-content\/uploads\/2019\/04\/DSC01614-Modifica-1024x768.jpg\" src=\"data:image\/gif;base64,R0lGODlhAQABAIAAAAAAAP\/\/\/yH5BAEAAAAALAAAAAABAAEAAAIBRAA7\" alt=\"\" class=\"wp-image-1280 lazyload\"\/><noscript><img decoding=\"async\" width=\"1024\" height=\"768\" src=\"https:\/\/www.lucaghigliano.it\/zioghilli\/wp-content\/uploads\/2019\/04\/DSC01614-Modifica-1024x768.jpg\" alt=\"\" class=\"wp-image-1280\" srcset=\"https:\/\/www.lucaghigliano.it\/zioghilli\/wp-content\/uploads\/2019\/04\/DSC01614-Modifica-1024x768.jpg 1024w, https:\/\/www.lucaghigliano.it\/zioghilli\/wp-content\/uploads\/2019\/04\/DSC01614-Modifica-300x225.jpg 300w, https:\/\/www.lucaghigliano.it\/zioghilli\/wp-content\/uploads\/2019\/04\/DSC01614-Modifica-768x576.jpg 768w, https:\/\/www.lucaghigliano.it\/zioghilli\/wp-content\/uploads\/2019\/04\/DSC01614-Modifica-945x709.jpg 945w, https:\/\/www.lucaghigliano.it\/zioghilli\/wp-content\/uploads\/2019\/04\/DSC01614-Modifica-600x450.jpg 600w, https:\/\/www.lucaghigliano.it\/zioghilli\/wp-content\/uploads\/2019\/04\/DSC01614-Modifica.jpg 1200w\" sizes=\"(max-width: 1024px) 100vw, 1024px\" \/><\/noscript><figcaption class=\"wp-element-caption\"> Una parte della carreggiata verso l&#8217;Izoard \u00e8 riservata ai ciclisti <br>.<\/figcaption><\/figure>\n\n\n\n<figure class=\"wp-block-image\"><img decoding=\"async\" width=\"1024\" height=\"768\" data-src=\"https:\/\/www.lucaghigliano.it\/zioghilli\/wp-content\/uploads\/2019\/04\/DSC01618-Modifica-1024x768.jpg\" src=\"data:image\/gif;base64,R0lGODlhAQABAIAAAAAAAP\/\/\/yH5BAEAAAAALAAAAAABAAEAAAIBRAA7\" alt=\"\" class=\"wp-image-1281 lazyload\"\/><noscript><img decoding=\"async\" width=\"1024\" height=\"768\" src=\"https:\/\/www.lucaghigliano.it\/zioghilli\/wp-content\/uploads\/2019\/04\/DSC01618-Modifica-1024x768.jpg\" alt=\"\" class=\"wp-image-1281\" srcset=\"https:\/\/www.lucaghigliano.it\/zioghilli\/wp-content\/uploads\/2019\/04\/DSC01618-Modifica-1024x768.jpg 1024w, https:\/\/www.lucaghigliano.it\/zioghilli\/wp-content\/uploads\/2019\/04\/DSC01618-Modifica-300x225.jpg 300w, https:\/\/www.lucaghigliano.it\/zioghilli\/wp-content\/uploads\/2019\/04\/DSC01618-Modifica-768x576.jpg 768w, https:\/\/www.lucaghigliano.it\/zioghilli\/wp-content\/uploads\/2019\/04\/DSC01618-Modifica-945x709.jpg 945w, https:\/\/www.lucaghigliano.it\/zioghilli\/wp-content\/uploads\/2019\/04\/DSC01618-Modifica-600x450.jpg 600w, https:\/\/www.lucaghigliano.it\/zioghilli\/wp-content\/uploads\/2019\/04\/DSC01618-Modifica.jpg 1200w\" sizes=\"(max-width: 1024px) 100vw, 1024px\" \/><\/noscript><figcaption class=\"wp-element-caption\">.<\/figcaption><\/figure>\n\n\n\n<p class=\"wp-block-paragraph\">Pausa th\u00e8 caldo perch\u00e8 ha iniziato a tirare un vento freddo e la testa ha iniziato un po&#8217; a vacillare sotto al martello delle domande:<br><em>&#8211; perch\u00e8 sono qua da solo?<br>&#8211; non potevo andare al mare come fanno tutti?<br>&#8211; mancher\u00e0 ancora molto?<br>&#8211; trover\u00f2 da dormire a Guillestre?<br>&#8211; riuscir\u00f2 ad arrivare al mare?<\/em><br>E&#8217; strano ma una salita che in compagnia sarebbe stata piuttosto semplice dal punto di vista psicologico fatta da solo pu\u00f2 rivelarsi ostica&#8230; almeno per il sottoscritto<\/p>\n\n\n\n<figure class=\"wp-block-image\"><img decoding=\"async\" width=\"1024\" height=\"768\" data-src=\"https:\/\/www.lucaghigliano.it\/zioghilli\/wp-content\/uploads\/2019\/04\/DSC01620-Modifica-1024x768.jpg\" src=\"data:image\/gif;base64,R0lGODlhAQABAIAAAAAAAP\/\/\/yH5BAEAAAAALAAAAAABAAEAAAIBRAA7\" alt=\"\" class=\"wp-image-1282 lazyload\"\/><noscript><img decoding=\"async\" width=\"1024\" height=\"768\" src=\"https:\/\/www.lucaghigliano.it\/zioghilli\/wp-content\/uploads\/2019\/04\/DSC01620-Modifica-1024x768.jpg\" alt=\"\" class=\"wp-image-1282\" srcset=\"https:\/\/www.lucaghigliano.it\/zioghilli\/wp-content\/uploads\/2019\/04\/DSC01620-Modifica-1024x768.jpg 1024w, https:\/\/www.lucaghigliano.it\/zioghilli\/wp-content\/uploads\/2019\/04\/DSC01620-Modifica-300x225.jpg 300w, https:\/\/www.lucaghigliano.it\/zioghilli\/wp-content\/uploads\/2019\/04\/DSC01620-Modifica-768x576.jpg 768w, https:\/\/www.lucaghigliano.it\/zioghilli\/wp-content\/uploads\/2019\/04\/DSC01620-Modifica-945x709.jpg 945w, https:\/\/www.lucaghigliano.it\/zioghilli\/wp-content\/uploads\/2019\/04\/DSC01620-Modifica-600x450.jpg 600w, https:\/\/www.lucaghigliano.it\/zioghilli\/wp-content\/uploads\/2019\/04\/DSC01620-Modifica.jpg 1200w\" sizes=\"(max-width: 1024px) 100vw, 1024px\" \/><\/noscript><figcaption class=\"wp-element-caption\"> Dopo un buon th\u00e8 caldo riparto. Il morale \u00e8 tornato piuttosto alto&#8230; <br>.<\/figcaption><\/figure>\n\n\n\n<figure class=\"wp-block-image\"><img decoding=\"async\" width=\"1024\" height=\"768\" data-src=\"https:\/\/www.lucaghigliano.it\/zioghilli\/wp-content\/uploads\/2019\/04\/DSC01621-Modifica-1024x768.jpg\" src=\"data:image\/gif;base64,R0lGODlhAQABAIAAAAAAAP\/\/\/yH5BAEAAAAALAAAAAABAAEAAAIBRAA7\" alt=\"\" class=\"wp-image-1283 lazyload\"\/><noscript><img decoding=\"async\" width=\"1024\" height=\"768\" src=\"https:\/\/www.lucaghigliano.it\/zioghilli\/wp-content\/uploads\/2019\/04\/DSC01621-Modifica-1024x768.jpg\" alt=\"\" class=\"wp-image-1283\" srcset=\"https:\/\/www.lucaghigliano.it\/zioghilli\/wp-content\/uploads\/2019\/04\/DSC01621-Modifica-1024x768.jpg 1024w, https:\/\/www.lucaghigliano.it\/zioghilli\/wp-content\/uploads\/2019\/04\/DSC01621-Modifica-300x225.jpg 300w, https:\/\/www.lucaghigliano.it\/zioghilli\/wp-content\/uploads\/2019\/04\/DSC01621-Modifica-768x576.jpg 768w, https:\/\/www.lucaghigliano.it\/zioghilli\/wp-content\/uploads\/2019\/04\/DSC01621-Modifica-945x709.jpg 945w, https:\/\/www.lucaghigliano.it\/zioghilli\/wp-content\/uploads\/2019\/04\/DSC01621-Modifica-600x450.jpg 600w, https:\/\/www.lucaghigliano.it\/zioghilli\/wp-content\/uploads\/2019\/04\/DSC01621-Modifica.jpg 1200w\" sizes=\"(max-width: 1024px) 100vw, 1024px\" \/><\/noscript><figcaption class=\"wp-element-caption\">.<\/figcaption><\/figure>\n\n\n\n<p class=\"wp-block-paragraph\">La salita verso l&#8217;Izoard \u00e8 perfetta: pur essendo una salita mitica per via delle tante battaglie del Tour de France, ha un paio di tratti in cui spiana e permette di respirare. Il vento si \u00e8 placato ed \u00e8 tornato il caldo&#8230; <\/p>\n\n\n\n<figure class=\"wp-block-image\"><img decoding=\"async\" width=\"1024\" height=\"768\" data-src=\"https:\/\/www.lucaghigliano.it\/zioghilli\/wp-content\/uploads\/2019\/04\/DSC01623-Modifica-1024x768.jpg\" src=\"data:image\/gif;base64,R0lGODlhAQABAIAAAAAAAP\/\/\/yH5BAEAAAAALAAAAAABAAEAAAIBRAA7\" alt=\"\" class=\"wp-image-1284 lazyload\"\/><noscript><img decoding=\"async\" width=\"1024\" height=\"768\" src=\"https:\/\/www.lucaghigliano.it\/zioghilli\/wp-content\/uploads\/2019\/04\/DSC01623-Modifica-1024x768.jpg\" alt=\"\" class=\"wp-image-1284\" srcset=\"https:\/\/www.lucaghigliano.it\/zioghilli\/wp-content\/uploads\/2019\/04\/DSC01623-Modifica-1024x768.jpg 1024w, https:\/\/www.lucaghigliano.it\/zioghilli\/wp-content\/uploads\/2019\/04\/DSC01623-Modifica-300x225.jpg 300w, https:\/\/www.lucaghigliano.it\/zioghilli\/wp-content\/uploads\/2019\/04\/DSC01623-Modifica-768x576.jpg 768w, https:\/\/www.lucaghigliano.it\/zioghilli\/wp-content\/uploads\/2019\/04\/DSC01623-Modifica-945x709.jpg 945w, https:\/\/www.lucaghigliano.it\/zioghilli\/wp-content\/uploads\/2019\/04\/DSC01623-Modifica-600x450.jpg 600w, https:\/\/www.lucaghigliano.it\/zioghilli\/wp-content\/uploads\/2019\/04\/DSC01623-Modifica.jpg 1200w\" sizes=\"(max-width: 1024px) 100vw, 1024px\" \/><\/noscript><figcaption class=\"wp-element-caption\"> Allez-Allez!!! <br>.<\/figcaption><\/figure>\n\n\n\n<figure class=\"wp-block-image\"><img decoding=\"async\" width=\"1024\" height=\"768\" data-src=\"https:\/\/www.lucaghigliano.it\/zioghilli\/wp-content\/uploads\/2019\/04\/DSC01630-Modifica-1024x768.jpg\" src=\"data:image\/gif;base64,R0lGODlhAQABAIAAAAAAAP\/\/\/yH5BAEAAAAALAAAAAABAAEAAAIBRAA7\" alt=\"\" class=\"wp-image-1286 lazyload\"\/><noscript><img decoding=\"async\" width=\"1024\" height=\"768\" src=\"https:\/\/www.lucaghigliano.it\/zioghilli\/wp-content\/uploads\/2019\/04\/DSC01630-Modifica-1024x768.jpg\" alt=\"\" class=\"wp-image-1286\" srcset=\"https:\/\/www.lucaghigliano.it\/zioghilli\/wp-content\/uploads\/2019\/04\/DSC01630-Modifica-1024x768.jpg 1024w, https:\/\/www.lucaghigliano.it\/zioghilli\/wp-content\/uploads\/2019\/04\/DSC01630-Modifica-300x225.jpg 300w, https:\/\/www.lucaghigliano.it\/zioghilli\/wp-content\/uploads\/2019\/04\/DSC01630-Modifica-768x576.jpg 768w, https:\/\/www.lucaghigliano.it\/zioghilli\/wp-content\/uploads\/2019\/04\/DSC01630-Modifica-945x709.jpg 945w, https:\/\/www.lucaghigliano.it\/zioghilli\/wp-content\/uploads\/2019\/04\/DSC01630-Modifica-600x450.jpg 600w, https:\/\/www.lucaghigliano.it\/zioghilli\/wp-content\/uploads\/2019\/04\/DSC01630-Modifica.jpg 1200w\" sizes=\"(max-width: 1024px) 100vw, 1024px\" \/><\/noscript><figcaption class=\"wp-element-caption\">.<\/figcaption><\/figure>\n\n\n\n<figure class=\"wp-block-image\"><img decoding=\"async\" width=\"1024\" height=\"768\" data-src=\"https:\/\/www.lucaghigliano.it\/zioghilli\/wp-content\/uploads\/2019\/04\/DSC01626-Modifica-1024x768.jpg\" src=\"data:image\/gif;base64,R0lGODlhAQABAIAAAAAAAP\/\/\/yH5BAEAAAAALAAAAAABAAEAAAIBRAA7\" alt=\"\" class=\"wp-image-1285 lazyload\"\/><noscript><img decoding=\"async\" width=\"1024\" height=\"768\" src=\"https:\/\/www.lucaghigliano.it\/zioghilli\/wp-content\/uploads\/2019\/04\/DSC01626-Modifica-1024x768.jpg\" alt=\"\" class=\"wp-image-1285\" srcset=\"https:\/\/www.lucaghigliano.it\/zioghilli\/wp-content\/uploads\/2019\/04\/DSC01626-Modifica-1024x768.jpg 1024w, https:\/\/www.lucaghigliano.it\/zioghilli\/wp-content\/uploads\/2019\/04\/DSC01626-Modifica-300x225.jpg 300w, https:\/\/www.lucaghigliano.it\/zioghilli\/wp-content\/uploads\/2019\/04\/DSC01626-Modifica-768x576.jpg 768w, https:\/\/www.lucaghigliano.it\/zioghilli\/wp-content\/uploads\/2019\/04\/DSC01626-Modifica-945x709.jpg 945w, https:\/\/www.lucaghigliano.it\/zioghilli\/wp-content\/uploads\/2019\/04\/DSC01626-Modifica-600x450.jpg 600w, https:\/\/www.lucaghigliano.it\/zioghilli\/wp-content\/uploads\/2019\/04\/DSC01626-Modifica.jpg 1200w\" sizes=\"(max-width: 1024px) 100vw, 1024px\" \/><\/noscript><figcaption class=\"wp-element-caption\">.<\/figcaption><\/figure>\n\n\n\n<figure class=\"wp-block-image\"><img decoding=\"async\" width=\"1024\" height=\"768\" data-src=\"https:\/\/www.lucaghigliano.it\/zioghilli\/wp-content\/uploads\/2019\/04\/DSC01629-Modifica-1024x768.jpg\" src=\"data:image\/gif;base64,R0lGODlhAQABAIAAAAAAAP\/\/\/yH5BAEAAAAALAAAAAABAAEAAAIBRAA7\" alt=\"\" class=\"wp-image-1287 lazyload\"\/><noscript><img decoding=\"async\" width=\"1024\" height=\"768\" src=\"https:\/\/www.lucaghigliano.it\/zioghilli\/wp-content\/uploads\/2019\/04\/DSC01629-Modifica-1024x768.jpg\" alt=\"\" class=\"wp-image-1287\" srcset=\"https:\/\/www.lucaghigliano.it\/zioghilli\/wp-content\/uploads\/2019\/04\/DSC01629-Modifica-1024x768.jpg 1024w, https:\/\/www.lucaghigliano.it\/zioghilli\/wp-content\/uploads\/2019\/04\/DSC01629-Modifica-300x225.jpg 300w, https:\/\/www.lucaghigliano.it\/zioghilli\/wp-content\/uploads\/2019\/04\/DSC01629-Modifica-768x576.jpg 768w, https:\/\/www.lucaghigliano.it\/zioghilli\/wp-content\/uploads\/2019\/04\/DSC01629-Modifica-945x709.jpg 945w, https:\/\/www.lucaghigliano.it\/zioghilli\/wp-content\/uploads\/2019\/04\/DSC01629-Modifica-600x450.jpg 600w, https:\/\/www.lucaghigliano.it\/zioghilli\/wp-content\/uploads\/2019\/04\/DSC01629-Modifica.jpg 1200w\" sizes=\"(max-width: 1024px) 100vw, 1024px\" \/><\/noscript><figcaption class=\"wp-element-caption\">.<\/figcaption><\/figure>\n\n\n\n<figure class=\"wp-block-image\"><img decoding=\"async\" width=\"1024\" height=\"768\" data-src=\"https:\/\/www.lucaghigliano.it\/zioghilli\/wp-content\/uploads\/2019\/04\/DSC01635-Modifica-1024x768.jpg\" src=\"data:image\/gif;base64,R0lGODlhAQABAIAAAAAAAP\/\/\/yH5BAEAAAAALAAAAAABAAEAAAIBRAA7\" alt=\"\" class=\"wp-image-1288 lazyload\"\/><noscript><img decoding=\"async\" width=\"1024\" height=\"768\" src=\"https:\/\/www.lucaghigliano.it\/zioghilli\/wp-content\/uploads\/2019\/04\/DSC01635-Modifica-1024x768.jpg\" alt=\"\" class=\"wp-image-1288\" srcset=\"https:\/\/www.lucaghigliano.it\/zioghilli\/wp-content\/uploads\/2019\/04\/DSC01635-Modifica-1024x768.jpg 1024w, https:\/\/www.lucaghigliano.it\/zioghilli\/wp-content\/uploads\/2019\/04\/DSC01635-Modifica-300x225.jpg 300w, https:\/\/www.lucaghigliano.it\/zioghilli\/wp-content\/uploads\/2019\/04\/DSC01635-Modifica-768x576.jpg 768w, https:\/\/www.lucaghigliano.it\/zioghilli\/wp-content\/uploads\/2019\/04\/DSC01635-Modifica-945x709.jpg 945w, https:\/\/www.lucaghigliano.it\/zioghilli\/wp-content\/uploads\/2019\/04\/DSC01635-Modifica-600x450.jpg 600w, https:\/\/www.lucaghigliano.it\/zioghilli\/wp-content\/uploads\/2019\/04\/DSC01635-Modifica.jpg 1200w\" sizes=\"(max-width: 1024px) 100vw, 1024px\" \/><\/noscript><figcaption class=\"wp-element-caption\">.<\/figcaption><\/figure>\n\n\n\n<p class=\"wp-block-paragraph\">In cima. Poca gente. Mi fermo a fare un po&#8217; di foto qua e la. Seconda cima raggiunta. Aggiorno l&#8217;elenco&#8230;<\/p>\n\n\n\n<p class=\"has-text-align-center wp-block-paragraph\"><strong>[x] Col de l&#8217;Echelle<br>[x] Col de Izoard<\/strong><br>[_] Col de Vars<br>[_] Col de la Bonette<br>[_] Col de la Cayolle<br>[_] Valberg<br>[_] Col de la Couillole<br>[_] Col du S. Martin<br>[_] Col de Turini<br>[_] Col de Castillon\n\n<\/p>\n\n\n\n<figure class=\"wp-block-image\"><img decoding=\"async\" width=\"768\" height=\"1024\" data-src=\"https:\/\/www.lucaghigliano.it\/zioghilli\/wp-content\/uploads\/2019\/04\/DSC01637-Modifica-768x1024.jpg\" src=\"data:image\/gif;base64,R0lGODlhAQABAIAAAAAAAP\/\/\/yH5BAEAAAAALAAAAAABAAEAAAIBRAA7\" alt=\"\" class=\"wp-image-1289 lazyload\"\/><noscript><img decoding=\"async\" width=\"768\" height=\"1024\" src=\"https:\/\/www.lucaghigliano.it\/zioghilli\/wp-content\/uploads\/2019\/04\/DSC01637-Modifica-768x1024.jpg\" alt=\"\" class=\"wp-image-1289\" srcset=\"https:\/\/www.lucaghigliano.it\/zioghilli\/wp-content\/uploads\/2019\/04\/DSC01637-Modifica-768x1024.jpg 768w, https:\/\/www.lucaghigliano.it\/zioghilli\/wp-content\/uploads\/2019\/04\/DSC01637-Modifica-225x300.jpg 225w, https:\/\/www.lucaghigliano.it\/zioghilli\/wp-content\/uploads\/2019\/04\/DSC01637-Modifica-945x1260.jpg 945w, https:\/\/www.lucaghigliano.it\/zioghilli\/wp-content\/uploads\/2019\/04\/DSC01637-Modifica-600x800.jpg 600w, https:\/\/www.lucaghigliano.it\/zioghilli\/wp-content\/uploads\/2019\/04\/DSC01637-Modifica.jpg 1200w\" sizes=\"(max-width: 768px) 100vw, 768px\" \/><\/noscript><figcaption class=\"wp-element-caption\"> Tour de France &#8211; Arrivee 2017 <br>.<\/figcaption><\/figure>\n\n\n\n<figure class=\"wp-block-image\"><img decoding=\"async\" width=\"1024\" height=\"768\" data-src=\"https:\/\/www.lucaghigliano.it\/zioghilli\/wp-content\/uploads\/2019\/04\/DSC01646-Modifica-1024x768.jpg\" src=\"data:image\/gif;base64,R0lGODlhAQABAIAAAAAAAP\/\/\/yH5BAEAAAAALAAAAAABAAEAAAIBRAA7\" alt=\"\" class=\"wp-image-1290 lazyload\"\/><noscript><img decoding=\"async\" width=\"1024\" height=\"768\" src=\"https:\/\/www.lucaghigliano.it\/zioghilli\/wp-content\/uploads\/2019\/04\/DSC01646-Modifica-1024x768.jpg\" alt=\"\" class=\"wp-image-1290\" srcset=\"https:\/\/www.lucaghigliano.it\/zioghilli\/wp-content\/uploads\/2019\/04\/DSC01646-Modifica-1024x768.jpg 1024w, https:\/\/www.lucaghigliano.it\/zioghilli\/wp-content\/uploads\/2019\/04\/DSC01646-Modifica-300x225.jpg 300w, https:\/\/www.lucaghigliano.it\/zioghilli\/wp-content\/uploads\/2019\/04\/DSC01646-Modifica-768x576.jpg 768w, https:\/\/www.lucaghigliano.it\/zioghilli\/wp-content\/uploads\/2019\/04\/DSC01646-Modifica-945x709.jpg 945w, https:\/\/www.lucaghigliano.it\/zioghilli\/wp-content\/uploads\/2019\/04\/DSC01646-Modifica-600x450.jpg 600w, https:\/\/www.lucaghigliano.it\/zioghilli\/wp-content\/uploads\/2019\/04\/DSC01646-Modifica.jpg 1200w\" sizes=\"(max-width: 1024px) 100vw, 1024px\" \/><\/noscript><figcaption class=\"wp-element-caption\">.<\/figcaption><\/figure>\n\n\n\n<p class=\"wp-block-paragraph\">Inizio la discesa ed in corrispondenza della casse desert c&#8217;\u00e8 il monumento a monumento a Coppi e Bobet. La casse desert \u00e8 la zona quasi lunare che vedete in foto: ghiaione e rocce stranissime&#8230; <\/p>\n\n\n\n<figure class=\"wp-block-image\"><img decoding=\"async\" width=\"1024\" height=\"768\" data-src=\"https:\/\/www.lucaghigliano.it\/zioghilli\/wp-content\/uploads\/2019\/04\/DSC01648-Modifica-1024x768.jpg\" src=\"data:image\/gif;base64,R0lGODlhAQABAIAAAAAAAP\/\/\/yH5BAEAAAAALAAAAAABAAEAAAIBRAA7\" alt=\"\" class=\"wp-image-1291 lazyload\"\/><noscript><img decoding=\"async\" width=\"1024\" height=\"768\" src=\"https:\/\/www.lucaghigliano.it\/zioghilli\/wp-content\/uploads\/2019\/04\/DSC01648-Modifica-1024x768.jpg\" alt=\"\" class=\"wp-image-1291\" srcset=\"https:\/\/www.lucaghigliano.it\/zioghilli\/wp-content\/uploads\/2019\/04\/DSC01648-Modifica-1024x768.jpg 1024w, https:\/\/www.lucaghigliano.it\/zioghilli\/wp-content\/uploads\/2019\/04\/DSC01648-Modifica-300x225.jpg 300w, https:\/\/www.lucaghigliano.it\/zioghilli\/wp-content\/uploads\/2019\/04\/DSC01648-Modifica-768x576.jpg 768w, https:\/\/www.lucaghigliano.it\/zioghilli\/wp-content\/uploads\/2019\/04\/DSC01648-Modifica-945x709.jpg 945w, https:\/\/www.lucaghigliano.it\/zioghilli\/wp-content\/uploads\/2019\/04\/DSC01648-Modifica-600x450.jpg 600w, https:\/\/www.lucaghigliano.it\/zioghilli\/wp-content\/uploads\/2019\/04\/DSC01648-Modifica.jpg 1200w\" sizes=\"(max-width: 1024px) 100vw, 1024px\" \/><\/noscript><figcaption class=\"wp-element-caption\">.<\/figcaption><\/figure>\n\n\n\n<p class=\"wp-block-paragraph\">Discesone veloce verso l&#8217;altipiano di Arvieux. Di questa foto mi piace il fatto che dal bosco di pini sbuca un tornante in basso al centro dell&#8217;immagine. <\/p>\n\n\n\n<figure class=\"wp-block-image\"><img decoding=\"async\" width=\"1024\" height=\"768\" data-src=\"https:\/\/www.lucaghigliano.it\/zioghilli\/wp-content\/uploads\/2019\/04\/DSC01651-Modifica-1024x768.jpg\" src=\"data:image\/gif;base64,R0lGODlhAQABAIAAAAAAAP\/\/\/yH5BAEAAAAALAAAAAABAAEAAAIBRAA7\" alt=\"\" class=\"wp-image-1292 lazyload\"\/><noscript><img decoding=\"async\" width=\"1024\" height=\"768\" src=\"https:\/\/www.lucaghigliano.it\/zioghilli\/wp-content\/uploads\/2019\/04\/DSC01651-Modifica-1024x768.jpg\" alt=\"\" class=\"wp-image-1292\" srcset=\"https:\/\/www.lucaghigliano.it\/zioghilli\/wp-content\/uploads\/2019\/04\/DSC01651-Modifica-1024x768.jpg 1024w, https:\/\/www.lucaghigliano.it\/zioghilli\/wp-content\/uploads\/2019\/04\/DSC01651-Modifica-300x225.jpg 300w, https:\/\/www.lucaghigliano.it\/zioghilli\/wp-content\/uploads\/2019\/04\/DSC01651-Modifica-768x576.jpg 768w, https:\/\/www.lucaghigliano.it\/zioghilli\/wp-content\/uploads\/2019\/04\/DSC01651-Modifica-945x709.jpg 945w, https:\/\/www.lucaghigliano.it\/zioghilli\/wp-content\/uploads\/2019\/04\/DSC01651-Modifica-600x450.jpg 600w, https:\/\/www.lucaghigliano.it\/zioghilli\/wp-content\/uploads\/2019\/04\/DSC01651-Modifica.jpg 1200w\" sizes=\"(max-width: 1024px) 100vw, 1024px\" \/><\/noscript><figcaption class=\"wp-element-caption\"> P.o.V. &#8211; Point of View<br>.<\/figcaption><\/figure>\n\n\n\n<figure class=\"wp-block-image\"><img decoding=\"async\" width=\"1024\" height=\"768\" data-src=\"https:\/\/www.lucaghigliano.it\/zioghilli\/wp-content\/uploads\/2019\/04\/DSC01654-Modifica-1024x768.jpg\" src=\"data:image\/gif;base64,R0lGODlhAQABAIAAAAAAAP\/\/\/yH5BAEAAAAALAAAAAABAAEAAAIBRAA7\" alt=\"\" class=\"wp-image-1293 lazyload\"\/><noscript><img decoding=\"async\" width=\"1024\" height=\"768\" src=\"https:\/\/www.lucaghigliano.it\/zioghilli\/wp-content\/uploads\/2019\/04\/DSC01654-Modifica-1024x768.jpg\" alt=\"\" class=\"wp-image-1293\" srcset=\"https:\/\/www.lucaghigliano.it\/zioghilli\/wp-content\/uploads\/2019\/04\/DSC01654-Modifica-1024x768.jpg 1024w, https:\/\/www.lucaghigliano.it\/zioghilli\/wp-content\/uploads\/2019\/04\/DSC01654-Modifica-300x225.jpg 300w, https:\/\/www.lucaghigliano.it\/zioghilli\/wp-content\/uploads\/2019\/04\/DSC01654-Modifica-768x576.jpg 768w, https:\/\/www.lucaghigliano.it\/zioghilli\/wp-content\/uploads\/2019\/04\/DSC01654-Modifica-945x709.jpg 945w, https:\/\/www.lucaghigliano.it\/zioghilli\/wp-content\/uploads\/2019\/04\/DSC01654-Modifica-600x450.jpg 600w, https:\/\/www.lucaghigliano.it\/zioghilli\/wp-content\/uploads\/2019\/04\/DSC01654-Modifica.jpg 1200w\" sizes=\"(max-width: 1024px) 100vw, 1024px\" \/><\/noscript><figcaption class=\"wp-element-caption\">.<\/figcaption><\/figure>\n\n\n\n<p class=\"wp-block-paragraph\">Dopo Arvieux la discesa \u00e8 una rottura perch\u00e8 c&#8217;\u00e8 un vento fortissimo contrario che mi obbliga a pedalare anche in discesa, ancora una decina di km si entra in una gola profonda e rocciosa. Molto scenografica&#8230; <\/p>\n\n\n\n<figure class=\"wp-block-image\"><img decoding=\"async\" width=\"1024\" height=\"768\" data-src=\"https:\/\/www.lucaghigliano.it\/zioghilli\/wp-content\/uploads\/2019\/04\/DSC01655-Modifica-1024x768.jpg\" src=\"data:image\/gif;base64,R0lGODlhAQABAIAAAAAAAP\/\/\/yH5BAEAAAAALAAAAAABAAEAAAIBRAA7\" alt=\"\" class=\"wp-image-1294 lazyload\"\/><noscript><img decoding=\"async\" width=\"1024\" height=\"768\" src=\"https:\/\/www.lucaghigliano.it\/zioghilli\/wp-content\/uploads\/2019\/04\/DSC01655-Modifica-1024x768.jpg\" alt=\"\" class=\"wp-image-1294\" srcset=\"https:\/\/www.lucaghigliano.it\/zioghilli\/wp-content\/uploads\/2019\/04\/DSC01655-Modifica-1024x768.jpg 1024w, https:\/\/www.lucaghigliano.it\/zioghilli\/wp-content\/uploads\/2019\/04\/DSC01655-Modifica-300x225.jpg 300w, https:\/\/www.lucaghigliano.it\/zioghilli\/wp-content\/uploads\/2019\/04\/DSC01655-Modifica-768x576.jpg 768w, https:\/\/www.lucaghigliano.it\/zioghilli\/wp-content\/uploads\/2019\/04\/DSC01655-Modifica-945x709.jpg 945w, https:\/\/www.lucaghigliano.it\/zioghilli\/wp-content\/uploads\/2019\/04\/DSC01655-Modifica-600x450.jpg 600w, https:\/\/www.lucaghigliano.it\/zioghilli\/wp-content\/uploads\/2019\/04\/DSC01655-Modifica.jpg 1200w\" sizes=\"(max-width: 1024px) 100vw, 1024px\" \/><\/noscript><figcaption class=\"wp-element-caption\"> Il torrente Le Guil che scorre sul fondo del canyon<br>.<\/figcaption><\/figure>\n\n\n\n<figure class=\"wp-block-image\"><img decoding=\"async\" width=\"1024\" height=\"768\" data-src=\"https:\/\/www.lucaghigliano.it\/zioghilli\/wp-content\/uploads\/2019\/04\/DSC01667-Modifica-1024x768.jpg\" src=\"data:image\/gif;base64,R0lGODlhAQABAIAAAAAAAP\/\/\/yH5BAEAAAAALAAAAAABAAEAAAIBRAA7\" alt=\"\" class=\"wp-image-1296 lazyload\"\/><noscript><img decoding=\"async\" width=\"1024\" height=\"768\" src=\"https:\/\/www.lucaghigliano.it\/zioghilli\/wp-content\/uploads\/2019\/04\/DSC01667-Modifica-1024x768.jpg\" alt=\"\" class=\"wp-image-1296\" srcset=\"https:\/\/www.lucaghigliano.it\/zioghilli\/wp-content\/uploads\/2019\/04\/DSC01667-Modifica-1024x768.jpg 1024w, https:\/\/www.lucaghigliano.it\/zioghilli\/wp-content\/uploads\/2019\/04\/DSC01667-Modifica-300x225.jpg 300w, https:\/\/www.lucaghigliano.it\/zioghilli\/wp-content\/uploads\/2019\/04\/DSC01667-Modifica-768x576.jpg 768w, https:\/\/www.lucaghigliano.it\/zioghilli\/wp-content\/uploads\/2019\/04\/DSC01667-Modifica-945x709.jpg 945w, https:\/\/www.lucaghigliano.it\/zioghilli\/wp-content\/uploads\/2019\/04\/DSC01667-Modifica-600x450.jpg 600w, https:\/\/www.lucaghigliano.it\/zioghilli\/wp-content\/uploads\/2019\/04\/DSC01667-Modifica.jpg 1600w\" sizes=\"(max-width: 1024px) 100vw, 1024px\" \/><\/noscript><figcaption class=\"wp-element-caption\">.<\/figcaption><\/figure>\n\n\n\n<p class=\"wp-block-paragraph\">Arrivato a Guillestre non trovo da dormire ma un gentilissimo albergatore mi prenota una stanza da un suo collega a Eygliers. Bici in camera. Figata<\/p>\n\n\n\n<figure class=\"wp-block-image\"><img decoding=\"async\" width=\"1024\" height=\"768\" data-src=\"https:\/\/www.lucaghigliano.it\/zioghilli\/wp-content\/uploads\/2019\/04\/DSC01659-Modifica-1024x768.jpg\" src=\"data:image\/gif;base64,R0lGODlhAQABAIAAAAAAAP\/\/\/yH5BAEAAAAALAAAAAABAAEAAAIBRAA7\" alt=\"\" class=\"wp-image-1297 lazyload\"\/><noscript><img decoding=\"async\" width=\"1024\" height=\"768\" src=\"https:\/\/www.lucaghigliano.it\/zioghilli\/wp-content\/uploads\/2019\/04\/DSC01659-Modifica-1024x768.jpg\" alt=\"\" class=\"wp-image-1297\" srcset=\"https:\/\/www.lucaghigliano.it\/zioghilli\/wp-content\/uploads\/2019\/04\/DSC01659-Modifica-1024x768.jpg 1024w, https:\/\/www.lucaghigliano.it\/zioghilli\/wp-content\/uploads\/2019\/04\/DSC01659-Modifica-300x225.jpg 300w, https:\/\/www.lucaghigliano.it\/zioghilli\/wp-content\/uploads\/2019\/04\/DSC01659-Modifica-768x576.jpg 768w, https:\/\/www.lucaghigliano.it\/zioghilli\/wp-content\/uploads\/2019\/04\/DSC01659-Modifica-945x709.jpg 945w, https:\/\/www.lucaghigliano.it\/zioghilli\/wp-content\/uploads\/2019\/04\/DSC01659-Modifica-600x450.jpg 600w, https:\/\/www.lucaghigliano.it\/zioghilli\/wp-content\/uploads\/2019\/04\/DSC01659-Modifica.jpg 1200w\" sizes=\"(max-width: 1024px) 100vw, 1024px\" \/><\/noscript><figcaption class=\"wp-element-caption\">.<\/figcaption><\/figure>\n\n\n\n<p class=\"wp-block-paragraph\">Il proprietario mi sa che \u00e8 un Harley-sta a giudicare dallo scarico SuperTrapp posizionato all&#8217;ingresso a mo&#8217; di monumento. Cos\u00ec si conclude la prima giornata:<br>127km e 2.260m di dislivello. Buon inizio&#8230;<br><br><a href=\"https:\/\/www.lucaghigliano.it\/zioghilli\/route-des-grandes-alpes-18-2\/\">Continua&#8230;<\/a><\/p>\n\n\n\n<p class=\"has-text-align-center wp-block-paragraph\">&#x2b06;&#xfe0f; <strong>TI \u00c8 PIACIUTO L&#8217;ARTICOLO?<\/strong> &#x2b06;&#xfe0f;<br>L&#8217;interazione con i lettori \u00e8 una delle maggiori soddisfazioni di un blogger!<br>&#x1f642;&#x1f643;<br>Lascia un commento qui sotto e ti risponder\u00f2 al pi\u00f9 presto<br>&#x2b07;&#xfe0f;&#x2b07;&#xfe0f;&#x2b07;&#xfe0f;<\/p>\n","protected":false},"excerpt":{"rendered":"<p>Il richiamo del viaggio in solitaria sulla route des Grandes Alpes era forte e cos\u00ec&#8230; \ud83d\ude42Cos\u00ec \u00e8 ora di partire nuovamente: &#8211; treno fino ad Oulx&#8211; col de l&#8217;\u00c9chelle &#8211; 1.762m&#8211; Briancon&#8211; col de Izoard &#8211; 2.360m&#8211; Guillestre&#8211; col de&#8230; <a class=\"more-link\" href=\"https:\/\/www.lucaghigliano.it\/zioghilli\/route-des-grandes-alpes-18-1\/\">Continua a leggere &rarr;<\/a><\/p>\n","protected":false},"author":1,"featured_media":1522,"comment_status":"open","ping_status":"open","sticky":false,"template":"","format":"standard","meta":{"footnotes":""},"categories":[6,1],"tags":[22,23,19,11,43,21],"class_list":["post-1241","post","type-post","status-publish","format-standard","has-post-thumbnail","hentry","category-bici","category-blog","tag-bici-da-corsa","tag-bici-da-endurance","tag-bikepacking","tag-canyon-endurace-al","tag-route-des-grandes-alpes","tag-viaggiare-in-bici-da-corsa"],"_links":{"self":[{"href":"https:\/\/www.lucaghigliano.it\/zioghilli\/wp-json\/wp\/v2\/posts\/1241","targetHints":{"allow":["GET"]}}],"collection":[{"href":"https:\/\/www.lucaghigliano.it\/zioghilli\/wp-json\/wp\/v2\/posts"}],"about":[{"href":"https:\/\/www.lucaghigliano.it\/zioghilli\/wp-json\/wp\/v2\/types\/post"}],"author":[{"embeddable":true,"href":"https:\/\/www.lucaghigliano.it\/zioghilli\/wp-json\/wp\/v2\/users\/1"}],"replies":[{"embeddable":true,"href":"https:\/\/www.lucaghigliano.it\/zioghilli\/wp-json\/wp\/v2\/comments?post=1241"}],"version-history":[{"count":0,"href":"https:\/\/www.lucaghigliano.it\/zioghilli\/wp-json\/wp\/v2\/posts\/1241\/revisions"}],"wp:featuredmedia":[{"embeddable":true,"href":"https:\/\/www.lucaghigliano.it\/zioghilli\/wp-json\/wp\/v2\/media\/1522"}],"wp:attachment":[{"href":"https:\/\/www.lucaghigliano.it\/zioghilli\/wp-json\/wp\/v2\/media?parent=1241"}],"wp:term":[{"taxonomy":"category","embeddable":true,"href":"https:\/\/www.lucaghigliano.it\/zioghilli\/wp-json\/wp\/v2\/categories?post=1241"},{"taxonomy":"post_tag","embeddable":true,"href":"https:\/\/www.lucaghigliano.it\/zioghilli\/wp-json\/wp\/v2\/tags?post=1241"}],"curies":[{"name":"wp","href":"https:\/\/api.w.org\/{rel}","templated":true}]}}