{"id":1938,"date":"2019-06-20T19:59:14","date_gmt":"2019-06-20T18:59:14","guid":{"rendered":"http:\/\/www.lucaghigliano.it\/zioghilli\/?p=1938"},"modified":"2025-09-10T10:29:21","modified_gmt":"2025-09-10T09:29:21","slug":"livorno-ferraris-pont-de-cheruy","status":"publish","type":"post","link":"https:\/\/www.lucaghigliano.it\/zioghilli\/livorno-ferraris-pont-de-cheruy\/","title":{"rendered":"Bici da corsa | Livorno F.ris &#8211; Pont de Cheruy"},"content":{"rendered":"\n<p class=\"wp-block-paragraph\">Ero stato a Pont de Cheruy per il 1\u00b0 gemellaggio, per una partita di basket di rappresentanza. Ci eravamo andati con un pullman e mi era sembrato un viaggio lunghissimo. Saranno passati quasi vent&#8217;anni&#8230; \ud83d\ude42<br>Mai avrei immaginato che un giorno sarei tornato in questo paesino vicino a Lione e ci sarei tornato in bicicletta pedalando direttamente da casa&#8230; \ud83d\ude09<\/p>\n\n\n\n<p class=\"wp-block-paragraph\">Un viaggio durato 2 giorni e mezzo per un totale di <strong>416km e 4916m+<\/strong><\/p>\n\n\n\n<h3 class=\"wp-block-heading\">1\u00b0 GIORNO<\/h3>\n\n\n\n<p class=\"wp-block-paragraph\"><strong>Livorno Ferraris &#8211; Susa &#8211; Oulx &#8211; Monginevro &#8211; Briancon |<\/strong> 174km &#8211; 2.018m+<br><a rel=\"noreferrer noopener\" aria-label=\"www.strava.com\/activities\/2475982578 (si apre in una nuova scheda)\" href=\"https:\/\/www.strava.com\/activities\/2475982578\" target=\"_blank\">www.strava.com\/activities\/2475982578<\/a><br><\/p>\n\n\n\n<figure class=\"wp-block-image\"><img decoding=\"async\" width=\"1024\" height=\"655\" data-src=\"https:\/\/www.lucaghigliano.it\/zioghilli\/wp-content\/uploads\/2019\/08\/page1-1024x655.jpg\" src=\"data:image\/gif;base64,R0lGODlhAQABAIAAAAAAAP\/\/\/yH5BAEAAAAALAAAAAABAAEAAAIBRAA7\" alt=\"\" class=\"wp-image-1942 lazyload\"\/><noscript><img decoding=\"async\" width=\"1024\" height=\"655\" src=\"https:\/\/www.lucaghigliano.it\/zioghilli\/wp-content\/uploads\/2019\/08\/page1-1024x655.jpg\" alt=\"\" class=\"wp-image-1942\" srcset=\"https:\/\/www.lucaghigliano.it\/zioghilli\/wp-content\/uploads\/2019\/08\/page1-1024x655.jpg 1024w, https:\/\/www.lucaghigliano.it\/zioghilli\/wp-content\/uploads\/2019\/08\/page1-300x192.jpg 300w, https:\/\/www.lucaghigliano.it\/zioghilli\/wp-content\/uploads\/2019\/08\/page1-768x492.jpg 768w, https:\/\/www.lucaghigliano.it\/zioghilli\/wp-content\/uploads\/2019\/08\/page1-945x605.jpg 945w, https:\/\/www.lucaghigliano.it\/zioghilli\/wp-content\/uploads\/2019\/08\/page1-600x384.jpg 600w, https:\/\/www.lucaghigliano.it\/zioghilli\/wp-content\/uploads\/2019\/08\/page1.jpg 1600w\" sizes=\"(max-width: 1024px) 100vw, 1024px\" \/><\/noscript><\/figure>\n\n\n\n<h3 class=\"wp-block-heading\">2\u00b0 GIORNO<\/h3>\n\n\n\n<p class=\"wp-block-paragraph\">Briancon &#8211; Lautaret &#8211; Alpe d&#8217;Huez &#8211; Grenoble | 140km &#8211; 2.019m+<br><a rel=\"noreferrer noopener\" aria-label=\"www.strava.com\/activities\/2476000859 (si apre in una nuova scheda)\" href=\"https:\/\/www.strava.com\/activities\/2476000859\" target=\"_blank\">www.strava.com\/activities\/2476000859<\/a><\/p>\n\n\n\n<figure class=\"wp-block-image\"><img decoding=\"async\" width=\"1024\" height=\"655\" data-src=\"https:\/\/www.lucaghigliano.it\/zioghilli\/wp-content\/uploads\/2019\/08\/page2-1024x655.jpg\" src=\"data:image\/gif;base64,R0lGODlhAQABAIAAAAAAAP\/\/\/yH5BAEAAAAALAAAAAABAAEAAAIBRAA7\" alt=\"\" class=\"wp-image-1943 lazyload\"\/><noscript><img decoding=\"async\" width=\"1024\" height=\"655\" src=\"https:\/\/www.lucaghigliano.it\/zioghilli\/wp-content\/uploads\/2019\/08\/page2-1024x655.jpg\" alt=\"\" class=\"wp-image-1943\" srcset=\"https:\/\/www.lucaghigliano.it\/zioghilli\/wp-content\/uploads\/2019\/08\/page2-1024x655.jpg 1024w, https:\/\/www.lucaghigliano.it\/zioghilli\/wp-content\/uploads\/2019\/08\/page2-300x192.jpg 300w, https:\/\/www.lucaghigliano.it\/zioghilli\/wp-content\/uploads\/2019\/08\/page2-768x492.jpg 768w, https:\/\/www.lucaghigliano.it\/zioghilli\/wp-content\/uploads\/2019\/08\/page2-945x605.jpg 945w, https:\/\/www.lucaghigliano.it\/zioghilli\/wp-content\/uploads\/2019\/08\/page2-600x384.jpg 600w, https:\/\/www.lucaghigliano.it\/zioghilli\/wp-content\/uploads\/2019\/08\/page2.jpg 1600w\" sizes=\"(max-width: 1024px) 100vw, 1024px\" \/><\/noscript><\/figure>\n\n\n\n<figure class=\"wp-block-image\"><img decoding=\"async\" width=\"1024\" height=\"683\" data-src=\"https:\/\/www.lucaghigliano.it\/zioghilli\/wp-content\/uploads\/2019\/08\/115-2-1024x683.jpg\" src=\"data:image\/gif;base64,R0lGODlhAQABAIAAAAAAAP\/\/\/yH5BAEAAAAALAAAAAABAAEAAAIBRAA7\" alt=\"\" class=\"wp-image-1944 lazyload\"\/><noscript><img decoding=\"async\" width=\"1024\" height=\"683\" src=\"https:\/\/www.lucaghigliano.it\/zioghilli\/wp-content\/uploads\/2019\/08\/115-2-1024x683.jpg\" alt=\"\" class=\"wp-image-1944\" srcset=\"https:\/\/www.lucaghigliano.it\/zioghilli\/wp-content\/uploads\/2019\/08\/115-2-1024x683.jpg 1024w, https:\/\/www.lucaghigliano.it\/zioghilli\/wp-content\/uploads\/2019\/08\/115-2-300x200.jpg 300w, https:\/\/www.lucaghigliano.it\/zioghilli\/wp-content\/uploads\/2019\/08\/115-2-768x512.jpg 768w, https:\/\/www.lucaghigliano.it\/zioghilli\/wp-content\/uploads\/2019\/08\/115-2-945x630.jpg 945w, https:\/\/www.lucaghigliano.it\/zioghilli\/wp-content\/uploads\/2019\/08\/115-2-600x400.jpg 600w, https:\/\/www.lucaghigliano.it\/zioghilli\/wp-content\/uploads\/2019\/08\/115-2.jpg 1800w\" sizes=\"(max-width: 1024px) 100vw, 1024px\" \/><\/noscript><\/figure>\n\n\n\n<h3 class=\"wp-block-heading\">3\u00b0 GIORNO<\/h3>\n\n\n\n<p class=\"wp-block-paragraph\">Grenoble &#8211; Pont de Cheruy | 101km &#8211; 879m+<br><a rel=\"noreferrer noopener\" aria-label=\"www.strava.com\/activities\/2476006616 (si apre in una nuova scheda)\" href=\"https:\/\/www.strava.com\/activities\/2476006616\" target=\"_blank\">www.strava.com\/activities\/2476006616<\/a><\/p>\n\n\n\n<figure class=\"wp-block-image\"><img decoding=\"async\" width=\"1024\" height=\"1024\" data-src=\"https:\/\/www.lucaghigliano.it\/zioghilli\/wp-content\/uploads\/2019\/08\/page3-1-1024x1024.jpg\" src=\"data:image\/gif;base64,R0lGODlhAQABAIAAAAAAAP\/\/\/yH5BAEAAAAALAAAAAABAAEAAAIBRAA7\" alt=\"\" class=\"wp-image-1947 lazyload\"\/><noscript><img decoding=\"async\" width=\"1024\" height=\"1024\" src=\"https:\/\/www.lucaghigliano.it\/zioghilli\/wp-content\/uploads\/2019\/08\/page3-1-1024x1024.jpg\" alt=\"\" class=\"wp-image-1947\" srcset=\"https:\/\/www.lucaghigliano.it\/zioghilli\/wp-content\/uploads\/2019\/08\/page3-1-1024x1024.jpg 1024w, https:\/\/www.lucaghigliano.it\/zioghilli\/wp-content\/uploads\/2019\/08\/page3-1-150x150.jpg 150w, https:\/\/www.lucaghigliano.it\/zioghilli\/wp-content\/uploads\/2019\/08\/page3-1-300x300.jpg 300w, https:\/\/www.lucaghigliano.it\/zioghilli\/wp-content\/uploads\/2019\/08\/page3-1-768x768.jpg 768w, https:\/\/www.lucaghigliano.it\/zioghilli\/wp-content\/uploads\/2019\/08\/page3-1-945x945.jpg 945w, https:\/\/www.lucaghigliano.it\/zioghilli\/wp-content\/uploads\/2019\/08\/page3-1-600x600.jpg 600w, https:\/\/www.lucaghigliano.it\/zioghilli\/wp-content\/uploads\/2019\/08\/page3-1.jpg 1600w\" sizes=\"(max-width: 1024px) 100vw, 1024px\" \/><\/noscript><\/figure>\n\n\n\n<p class=\"wp-block-paragraph\">Un ringraziamento <strong>enorme <\/strong>al Gruppo Sportivo di Livorno Ferraris, al President Arnaldo, ai nostri capitani Sandro e Tot\u00f2 ed a tutti i partecipanti&#8230; \ud83d\ude42<\/p>\n\n\n\n<p class=\"has-text-align-center wp-block-paragraph\">&#x2b06;&#xfe0f; <strong>TI \u00c8 PIACIUTO L&#8217;ARTICOLO?<\/strong> &#x2b06;&#xfe0f;<br>L&#8217;interazione con i lettori \u00e8 una delle maggiori soddisfazioni di un blogger!<br>&#x1f642;&#x1f643;<br>Lascia un commento qui sotto e ti risponder\u00f2 al pi\u00f9 presto<br>&#x2b07;&#xfe0f;&#x2b07;&#xfe0f;&#x2b07;&#xfe0f;<\/p>\n","protected":false},"excerpt":{"rendered":"<p>Ero stato a Pont de Cheruy per il 1\u00b0 gemellaggio, per una partita di basket di rappresentanza. Ci eravamo andati con un pullman e mi era sembrato un viaggio lunghissimo. Saranno passati quasi vent&#8217;anni&#8230; \ud83d\ude42Mai avrei immaginato che un giorno&#8230; <a class=\"more-link\" href=\"https:\/\/www.lucaghigliano.it\/zioghilli\/livorno-ferraris-pont-de-cheruy\/\">Continua a leggere &rarr;<\/a><\/p>\n","protected":false},"author":1,"featured_media":1944,"comment_status":"open","ping_status":"open","sticky":false,"template":"","format":"standard","meta":{"footnotes":""},"categories":[6,1],"tags":[22,23,11,20,21],"class_list":["post-1938","post","type-post","status-publish","format-standard","has-post-thumbnail","hentry","category-bici","category-blog","tag-bici-da-corsa","tag-bici-da-endurance","tag-canyon-endurace-al","tag-cicloturismo","tag-viaggiare-in-bici-da-corsa"],"_links":{"self":[{"href":"https:\/\/www.lucaghigliano.it\/zioghilli\/wp-json\/wp\/v2\/posts\/1938","targetHints":{"allow":["GET"]}}],"collection":[{"href":"https:\/\/www.lucaghigliano.it\/zioghilli\/wp-json\/wp\/v2\/posts"}],"about":[{"href":"https:\/\/www.lucaghigliano.it\/zioghilli\/wp-json\/wp\/v2\/types\/post"}],"author":[{"embeddable":true,"href":"https:\/\/www.lucaghigliano.it\/zioghilli\/wp-json\/wp\/v2\/users\/1"}],"replies":[{"embeddable":true,"href":"https:\/\/www.lucaghigliano.it\/zioghilli\/wp-json\/wp\/v2\/comments?post=1938"}],"version-history":[{"count":0,"href":"https:\/\/www.lucaghigliano.it\/zioghilli\/wp-json\/wp\/v2\/posts\/1938\/revisions"}],"wp:featuredmedia":[{"embeddable":true,"href":"https:\/\/www.lucaghigliano.it\/zioghilli\/wp-json\/wp\/v2\/media\/1944"}],"wp:attachment":[{"href":"https:\/\/www.lucaghigliano.it\/zioghilli\/wp-json\/wp\/v2\/media?parent=1938"}],"wp:term":[{"taxonomy":"category","embeddable":true,"href":"https:\/\/www.lucaghigliano.it\/zioghilli\/wp-json\/wp\/v2\/categories?post=1938"},{"taxonomy":"post_tag","embeddable":true,"href":"https:\/\/www.lucaghigliano.it\/zioghilli\/wp-json\/wp\/v2\/tags?post=1938"}],"curies":[{"name":"wp","href":"https:\/\/api.w.org\/{rel}","templated":true}]}}