{"id":3828,"date":"2023-04-18T10:25:00","date_gmt":"2023-04-18T09:25:00","guid":{"rendered":"https:\/\/www.lucaghigliano.it\/zioghilli\/?p=3828"},"modified":"2025-09-02T09:51:41","modified_gmt":"2025-09-02T08:51:41","slug":"lago-vargno-in-mtb","status":"publish","type":"post","link":"https:\/\/www.lucaghigliano.it\/zioghilli\/lago-vargno-in-mtb\/","title":{"rendered":"MTB | Lago Vargno con la neve"},"content":{"rendered":"\n<p class=\"wp-block-paragraph\">Ieri sera torno da spinning alle 21.00 &#8211; Messaggio di Miguel<em>:&#8221;&#8230;domani niente Project Invictus. Vado in mtb in Valle d&#8217;Aosta. Anzi. Se vuoi venire anche tu sei ben accetto&#8230;&#8221;<\/em> <br>Se sono ben accetto allora accetto! &#x1f600;<\/p>\n\n\n\n<figure class=\"wp-block-image size-full\"><img decoding=\"async\" width=\"1024\" height=\"683\" data-src=\"https:\/\/www.lucaghigliano.it\/zioghilli\/wp-content\/uploads\/2025\/05\/DSC00521.jpg\" src=\"data:image\/gif;base64,R0lGODlhAQABAIAAAAAAAP\/\/\/yH5BAEAAAAALAAAAAABAAEAAAIBRAA7\" alt=\"\" class=\"wp-image-3829 lazyload\"\/><noscript><img decoding=\"async\" width=\"1024\" height=\"683\" src=\"https:\/\/www.lucaghigliano.it\/zioghilli\/wp-content\/uploads\/2025\/05\/DSC00521.jpg\" alt=\"\" class=\"wp-image-3829\" srcset=\"https:\/\/www.lucaghigliano.it\/zioghilli\/wp-content\/uploads\/2025\/05\/DSC00521.jpg 1024w, https:\/\/www.lucaghigliano.it\/zioghilli\/wp-content\/uploads\/2025\/05\/DSC00521-300x200.jpg 300w, https:\/\/www.lucaghigliano.it\/zioghilli\/wp-content\/uploads\/2025\/05\/DSC00521-768x512.jpg 768w, https:\/\/www.lucaghigliano.it\/zioghilli\/wp-content\/uploads\/2025\/05\/DSC00521-600x400.jpg 600w, https:\/\/www.lucaghigliano.it\/zioghilli\/wp-content\/uploads\/2025\/05\/DSC00521-945x630.jpg 945w\" sizes=\"(max-width: 1024px) 100vw, 1024px\" \/><\/noscript><figcaption class=\"wp-element-caption\">Miguel ha avuto una violenta lite con il barbiere, sono mesi che non si parlano pi\u00f9&#8230;<\/figcaption><\/figure>\n\n\n\n<p class=\"wp-block-paragraph\">Gita al Lago Vargno. Partiti con il sole e 18\u00b0 da Fontanemore, infatti ho azzardato anche le braghe corte. Poi si rannuvola e dopo l&#8217;ultimo paesello inizia a piovigginare ma in pochi metri si trasforma in neve. Arriviamo al lago che \u00e8 completamente ghiacciato e anche (soprattutto) con questo meteo \u00e8 stupendo &#x1f60d;<\/p>\n\n\n\n<figure class=\"wp-block-image size-full\"><img decoding=\"async\" width=\"1024\" height=\"683\" data-src=\"https:\/\/www.lucaghigliano.it\/zioghilli\/wp-content\/uploads\/2025\/05\/DSC00522.jpg\" src=\"data:image\/gif;base64,R0lGODlhAQABAIAAAAAAAP\/\/\/yH5BAEAAAAALAAAAAABAAEAAAIBRAA7\" alt=\"\" class=\"wp-image-3830 lazyload\"\/><noscript><img decoding=\"async\" width=\"1024\" height=\"683\" src=\"https:\/\/www.lucaghigliano.it\/zioghilli\/wp-content\/uploads\/2025\/05\/DSC00522.jpg\" alt=\"\" class=\"wp-image-3830\" srcset=\"https:\/\/www.lucaghigliano.it\/zioghilli\/wp-content\/uploads\/2025\/05\/DSC00522.jpg 1024w, https:\/\/www.lucaghigliano.it\/zioghilli\/wp-content\/uploads\/2025\/05\/DSC00522-300x200.jpg 300w, https:\/\/www.lucaghigliano.it\/zioghilli\/wp-content\/uploads\/2025\/05\/DSC00522-768x512.jpg 768w, https:\/\/www.lucaghigliano.it\/zioghilli\/wp-content\/uploads\/2025\/05\/DSC00522-600x400.jpg 600w, https:\/\/www.lucaghigliano.it\/zioghilli\/wp-content\/uploads\/2025\/05\/DSC00522-945x630.jpg 945w\" sizes=\"(max-width: 1024px) 100vw, 1024px\" \/><\/noscript><figcaption class=\"wp-element-caption\">Prima parte della salita su asfalto<br>.<\/figcaption><\/figure>\n\n\n\n<figure class=\"wp-block-image size-full\"><img decoding=\"async\" width=\"1024\" height=\"683\" data-src=\"https:\/\/www.lucaghigliano.it\/zioghilli\/wp-content\/uploads\/2025\/05\/DSC00526.jpg\" src=\"data:image\/gif;base64,R0lGODlhAQABAIAAAAAAAP\/\/\/yH5BAEAAAAALAAAAAABAAEAAAIBRAA7\" alt=\"\" class=\"wp-image-3831 lazyload\"\/><noscript><img decoding=\"async\" width=\"1024\" height=\"683\" src=\"https:\/\/www.lucaghigliano.it\/zioghilli\/wp-content\/uploads\/2025\/05\/DSC00526.jpg\" alt=\"\" class=\"wp-image-3831\" srcset=\"https:\/\/www.lucaghigliano.it\/zioghilli\/wp-content\/uploads\/2025\/05\/DSC00526.jpg 1024w, https:\/\/www.lucaghigliano.it\/zioghilli\/wp-content\/uploads\/2025\/05\/DSC00526-300x200.jpg 300w, https:\/\/www.lucaghigliano.it\/zioghilli\/wp-content\/uploads\/2025\/05\/DSC00526-768x512.jpg 768w, https:\/\/www.lucaghigliano.it\/zioghilli\/wp-content\/uploads\/2025\/05\/DSC00526-600x400.jpg 600w, https:\/\/www.lucaghigliano.it\/zioghilli\/wp-content\/uploads\/2025\/05\/DSC00526-945x630.jpg 945w\" sizes=\"(max-width: 1024px) 100vw, 1024px\" \/><\/noscript><figcaption class=\"wp-element-caption\">Abbandonata la strada principale la strada diventa sterrata con tratti di asfalto solo nei punti pi\u00f9 ripidi<br>.<\/figcaption><\/figure>\n\n\n\n<figure class=\"wp-block-image size-full\"><img decoding=\"async\" width=\"1024\" height=\"683\" data-src=\"https:\/\/www.lucaghigliano.it\/zioghilli\/wp-content\/uploads\/2025\/05\/DSC00528.jpg\" src=\"data:image\/gif;base64,R0lGODlhAQABAIAAAAAAAP\/\/\/yH5BAEAAAAALAAAAAABAAEAAAIBRAA7\" alt=\"\" class=\"wp-image-3832 lazyload\"\/><noscript><img decoding=\"async\" width=\"1024\" height=\"683\" src=\"https:\/\/www.lucaghigliano.it\/zioghilli\/wp-content\/uploads\/2025\/05\/DSC00528.jpg\" alt=\"\" class=\"wp-image-3832\" srcset=\"https:\/\/www.lucaghigliano.it\/zioghilli\/wp-content\/uploads\/2025\/05\/DSC00528.jpg 1024w, https:\/\/www.lucaghigliano.it\/zioghilli\/wp-content\/uploads\/2025\/05\/DSC00528-300x200.jpg 300w, https:\/\/www.lucaghigliano.it\/zioghilli\/wp-content\/uploads\/2025\/05\/DSC00528-768x512.jpg 768w, https:\/\/www.lucaghigliano.it\/zioghilli\/wp-content\/uploads\/2025\/05\/DSC00528-600x400.jpg 600w, https:\/\/www.lucaghigliano.it\/zioghilli\/wp-content\/uploads\/2025\/05\/DSC00528-945x630.jpg 945w\" sizes=\"(max-width: 1024px) 100vw, 1024px\" \/><\/noscript><figcaption class=\"wp-element-caption\">E&#8217; vero che con il sole ce la saremmo goduta di pi\u00f9 ma questo meteo e questa luce rende il paesaggio molto suggestivo<br>.<\/figcaption><\/figure>\n\n\n\n<figure class=\"wp-block-image size-full\"><img decoding=\"async\" width=\"1024\" height=\"683\" data-src=\"https:\/\/www.lucaghigliano.it\/zioghilli\/wp-content\/uploads\/2025\/05\/DSC00532.jpg\" src=\"data:image\/gif;base64,R0lGODlhAQABAIAAAAAAAP\/\/\/yH5BAEAAAAALAAAAAABAAEAAAIBRAA7\" alt=\"\" class=\"wp-image-3833 lazyload\"\/><noscript><img decoding=\"async\" width=\"1024\" height=\"683\" src=\"https:\/\/www.lucaghigliano.it\/zioghilli\/wp-content\/uploads\/2025\/05\/DSC00532.jpg\" alt=\"\" class=\"wp-image-3833\" srcset=\"https:\/\/www.lucaghigliano.it\/zioghilli\/wp-content\/uploads\/2025\/05\/DSC00532.jpg 1024w, https:\/\/www.lucaghigliano.it\/zioghilli\/wp-content\/uploads\/2025\/05\/DSC00532-300x200.jpg 300w, https:\/\/www.lucaghigliano.it\/zioghilli\/wp-content\/uploads\/2025\/05\/DSC00532-768x512.jpg 768w, https:\/\/www.lucaghigliano.it\/zioghilli\/wp-content\/uploads\/2025\/05\/DSC00532-600x400.jpg 600w, https:\/\/www.lucaghigliano.it\/zioghilli\/wp-content\/uploads\/2025\/05\/DSC00532-945x630.jpg 945w\" sizes=\"(max-width: 1024px) 100vw, 1024px\" \/><\/noscript><figcaption class=\"wp-element-caption\">Ecco il Lago Vargno<\/figcaption><\/figure>\n\n\n\n<p class=\"wp-block-paragraph\">A riguardo Wikipedia ci racconta che <em>il lago Vargno (m 1670) \u00e8 un lago alpino [&#8230;] di origine glaciale [&#8230;]<br>Nel 1916 il suo livello fu innalzato mediante una diga; dopo la tragedia del Vajont, a seguito dell&#8217;instabilit\u00e0 di alcuni pendii, la muraglia fu tagliata nella parte centrale, riportando il lago al suo livello originale.<\/em><\/p>\n\n\n\n<figure class=\"wp-block-image size-full\"><img decoding=\"async\" width=\"1024\" height=\"683\" data-src=\"https:\/\/www.lucaghigliano.it\/zioghilli\/wp-content\/uploads\/2025\/05\/IMG_20230418_122825.jpg\" src=\"data:image\/gif;base64,R0lGODlhAQABAIAAAAAAAP\/\/\/yH5BAEAAAAALAAAAAABAAEAAAIBRAA7\" alt=\"\" class=\"wp-image-3834 lazyload\"\/><noscript><img decoding=\"async\" width=\"1024\" height=\"683\" src=\"https:\/\/www.lucaghigliano.it\/zioghilli\/wp-content\/uploads\/2025\/05\/IMG_20230418_122825.jpg\" alt=\"\" class=\"wp-image-3834\" srcset=\"https:\/\/www.lucaghigliano.it\/zioghilli\/wp-content\/uploads\/2025\/05\/IMG_20230418_122825.jpg 1024w, https:\/\/www.lucaghigliano.it\/zioghilli\/wp-content\/uploads\/2025\/05\/IMG_20230418_122825-300x200.jpg 300w, https:\/\/www.lucaghigliano.it\/zioghilli\/wp-content\/uploads\/2025\/05\/IMG_20230418_122825-768x512.jpg 768w, https:\/\/www.lucaghigliano.it\/zioghilli\/wp-content\/uploads\/2025\/05\/IMG_20230418_122825-600x400.jpg 600w, https:\/\/www.lucaghigliano.it\/zioghilli\/wp-content\/uploads\/2025\/05\/IMG_20230418_122825-945x630.jpg 945w\" sizes=\"(max-width: 1024px) 100vw, 1024px\" \/><\/noscript><figcaption class=\"wp-element-caption\">.<\/figcaption><\/figure>\n\n\n\n<figure class=\"wp-block-image size-full\"><img decoding=\"async\" width=\"1024\" height=\"683\" data-src=\"https:\/\/www.lucaghigliano.it\/zioghilli\/wp-content\/uploads\/2025\/05\/IMG_20230418_123249.jpg\" src=\"data:image\/gif;base64,R0lGODlhAQABAIAAAAAAAP\/\/\/yH5BAEAAAAALAAAAAABAAEAAAIBRAA7\" alt=\"\" class=\"wp-image-3835 lazyload\"\/><noscript><img decoding=\"async\" width=\"1024\" height=\"683\" src=\"https:\/\/www.lucaghigliano.it\/zioghilli\/wp-content\/uploads\/2025\/05\/IMG_20230418_123249.jpg\" alt=\"\" class=\"wp-image-3835\" srcset=\"https:\/\/www.lucaghigliano.it\/zioghilli\/wp-content\/uploads\/2025\/05\/IMG_20230418_123249.jpg 1024w, https:\/\/www.lucaghigliano.it\/zioghilli\/wp-content\/uploads\/2025\/05\/IMG_20230418_123249-300x200.jpg 300w, https:\/\/www.lucaghigliano.it\/zioghilli\/wp-content\/uploads\/2025\/05\/IMG_20230418_123249-768x512.jpg 768w, https:\/\/www.lucaghigliano.it\/zioghilli\/wp-content\/uploads\/2025\/05\/IMG_20230418_123249-600x400.jpg 600w, https:\/\/www.lucaghigliano.it\/zioghilli\/wp-content\/uploads\/2025\/05\/IMG_20230418_123249-945x630.jpg 945w\" sizes=\"(max-width: 1024px) 100vw, 1024px\" \/><\/noscript><figcaption class=\"wp-element-caption\">.<\/figcaption><\/figure>\n\n\n\n<figure class=\"wp-block-image size-full\"><img decoding=\"async\" width=\"1024\" height=\"683\" data-src=\"https:\/\/www.lucaghigliano.it\/zioghilli\/wp-content\/uploads\/2025\/05\/IMG_20230418_123642.jpg\" src=\"data:image\/gif;base64,R0lGODlhAQABAIAAAAAAAP\/\/\/yH5BAEAAAAALAAAAAABAAEAAAIBRAA7\" alt=\"\" class=\"wp-image-3836 lazyload\"\/><noscript><img decoding=\"async\" width=\"1024\" height=\"683\" src=\"https:\/\/www.lucaghigliano.it\/zioghilli\/wp-content\/uploads\/2025\/05\/IMG_20230418_123642.jpg\" alt=\"\" class=\"wp-image-3836\" srcset=\"https:\/\/www.lucaghigliano.it\/zioghilli\/wp-content\/uploads\/2025\/05\/IMG_20230418_123642.jpg 1024w, https:\/\/www.lucaghigliano.it\/zioghilli\/wp-content\/uploads\/2025\/05\/IMG_20230418_123642-300x200.jpg 300w, https:\/\/www.lucaghigliano.it\/zioghilli\/wp-content\/uploads\/2025\/05\/IMG_20230418_123642-768x512.jpg 768w, https:\/\/www.lucaghigliano.it\/zioghilli\/wp-content\/uploads\/2025\/05\/IMG_20230418_123642-600x400.jpg 600w, https:\/\/www.lucaghigliano.it\/zioghilli\/wp-content\/uploads\/2025\/05\/IMG_20230418_123642-945x630.jpg 945w\" sizes=\"(max-width: 1024px) 100vw, 1024px\" \/><\/noscript><figcaption class=\"wp-element-caption\">.<\/figcaption><\/figure>\n\n\n\n<figure class=\"wp-block-image size-full\"><img decoding=\"async\" width=\"1024\" height=\"683\" data-src=\"https:\/\/www.lucaghigliano.it\/zioghilli\/wp-content\/uploads\/2025\/05\/IMG_20230418_124803.jpg\" src=\"data:image\/gif;base64,R0lGODlhAQABAIAAAAAAAP\/\/\/yH5BAEAAAAALAAAAAABAAEAAAIBRAA7\" alt=\"\" class=\"wp-image-3837 lazyload\"\/><noscript><img decoding=\"async\" width=\"1024\" height=\"683\" src=\"https:\/\/www.lucaghigliano.it\/zioghilli\/wp-content\/uploads\/2025\/05\/IMG_20230418_124803.jpg\" alt=\"\" class=\"wp-image-3837\" srcset=\"https:\/\/www.lucaghigliano.it\/zioghilli\/wp-content\/uploads\/2025\/05\/IMG_20230418_124803.jpg 1024w, https:\/\/www.lucaghigliano.it\/zioghilli\/wp-content\/uploads\/2025\/05\/IMG_20230418_124803-300x200.jpg 300w, https:\/\/www.lucaghigliano.it\/zioghilli\/wp-content\/uploads\/2025\/05\/IMG_20230418_124803-768x512.jpg 768w, https:\/\/www.lucaghigliano.it\/zioghilli\/wp-content\/uploads\/2025\/05\/IMG_20230418_124803-600x400.jpg 600w, https:\/\/www.lucaghigliano.it\/zioghilli\/wp-content\/uploads\/2025\/05\/IMG_20230418_124803-945x630.jpg 945w\" sizes=\"(max-width: 1024px) 100vw, 1024px\" \/><\/noscript><figcaption class=\"wp-element-caption\">.<\/figcaption><\/figure>\n\n\n\n<p class=\"wp-block-paragraph\">Discesa su Pian Coumarial dove andiamo a fare uno spuntino all&#8217;agriturismo Soleil dove la proprietaria, amica di Miguel, ci serve torte buonissime ed un th\u00e8 che ci scalda le budella &#x2615;<\/p>\n\n\n\n<p class=\"wp-block-paragraph\">Dopo aver riempito lo zaino di fontina locale &#x1f9c0; scendiamo verso la macchina, non prima di aver fatto un salto a Farettaz dove Miguel ha trascorso una settimana da eremita in una casa con vista pazzesca sul fondovalle &#x1f52d;<\/p>\n\n\n\n<figure class=\"wp-block-gallery has-nested-images columns-default is-cropped wp-block-gallery-1 is-layout-flex wp-block-gallery-is-layout-flex\">\n<figure class=\"wp-block-image size-full\"><img decoding=\"async\" width=\"683\" height=\"1024\" data-src=\"https:\/\/www.lucaghigliano.it\/zioghilli\/wp-content\/uploads\/2025\/05\/IMG_20230418_123554.jpg\" data-id=\"3839\" src=\"data:image\/gif;base64,R0lGODlhAQABAIAAAAAAAP\/\/\/yH5BAEAAAAALAAAAAABAAEAAAIBRAA7\" alt=\"\" class=\"wp-image-3839 lazyload\"\/><noscript><img decoding=\"async\" width=\"683\" height=\"1024\" data-id=\"3839\" src=\"https:\/\/www.lucaghigliano.it\/zioghilli\/wp-content\/uploads\/2025\/05\/IMG_20230418_123554.jpg\" alt=\"\" class=\"wp-image-3839\" srcset=\"https:\/\/www.lucaghigliano.it\/zioghilli\/wp-content\/uploads\/2025\/05\/IMG_20230418_123554.jpg 683w, https:\/\/www.lucaghigliano.it\/zioghilli\/wp-content\/uploads\/2025\/05\/IMG_20230418_123554-200x300.jpg 200w, https:\/\/www.lucaghigliano.it\/zioghilli\/wp-content\/uploads\/2025\/05\/IMG_20230418_123554-600x900.jpg 600w\" sizes=\"(max-width: 683px) 100vw, 683px\" \/><\/noscript><\/figure>\n\n\n\n<figure class=\"wp-block-image size-full\"><img decoding=\"async\" width=\"683\" height=\"1024\" data-src=\"https:\/\/www.lucaghigliano.it\/zioghilli\/wp-content\/uploads\/2025\/05\/DSC00534.jpg\" data-id=\"3838\" src=\"data:image\/gif;base64,R0lGODlhAQABAIAAAAAAAP\/\/\/yH5BAEAAAAALAAAAAABAAEAAAIBRAA7\" alt=\"\" class=\"wp-image-3838 lazyload\"\/><noscript><img decoding=\"async\" width=\"683\" height=\"1024\" data-id=\"3838\" src=\"https:\/\/www.lucaghigliano.it\/zioghilli\/wp-content\/uploads\/2025\/05\/DSC00534.jpg\" alt=\"\" class=\"wp-image-3838\" srcset=\"https:\/\/www.lucaghigliano.it\/zioghilli\/wp-content\/uploads\/2025\/05\/DSC00534.jpg 683w, https:\/\/www.lucaghigliano.it\/zioghilli\/wp-content\/uploads\/2025\/05\/DSC00534-200x300.jpg 200w, https:\/\/www.lucaghigliano.it\/zioghilli\/wp-content\/uploads\/2025\/05\/DSC00534-600x900.jpg 600w\" sizes=\"(max-width: 683px) 100vw, 683px\" \/><\/noscript><\/figure>\n<\/figure>\n\n\n\n<p class=\"wp-block-paragraph\">Giro veramente stupendo anche senza sentieri in discesa: una bella gita in compagnia. Voto: 10+<\/p>\n\n\n\n<p class=\"has-text-align-center wp-block-paragraph\">&#x2b06;&#xfe0f; <strong>TI \u00c8 PIACIUTO L&#8217;ARTICOLO?<\/strong> &#x2b06;&#xfe0f;<br>L&#8217;interazione con i lettori \u00e8 una delle maggiori soddisfazioni di un blogger!<br>&#x1f642;&#x1f643;<br>Lascia un commento qui sotto e ti risponder\u00f2 al pi\u00f9 presto<br>&#x2b07;&#xfe0f;&#x2b07;&#xfe0f;&#x2b07;&#xfe0f;<\/p>\n","protected":false},"excerpt":{"rendered":"<p>Gita in MTB al Lago Vargno situato nella valle di Gressoney. Giro da fare in mountain bike o in gravel. Panorami su Pian Coumarial<\/p>\n","protected":false},"author":1,"featured_media":3833,"comment_status":"open","ping_status":"open","sticky":false,"template":"","format":"standard","meta":{"footnotes":""},"categories":[6,1],"tags":[12,40,26,13],"class_list":["post-3828","post","type-post","status-publish","format-standard","has-post-thumbnail","hentry","category-bici","category-blog","tag-canyon-nerve","tag-ciclismo-invernale","tag-mountain-bike","tag-mountain-bike-valle-aosta"],"_links":{"self":[{"href":"https:\/\/www.lucaghigliano.it\/zioghilli\/wp-json\/wp\/v2\/posts\/3828","targetHints":{"allow":["GET"]}}],"collection":[{"href":"https:\/\/www.lucaghigliano.it\/zioghilli\/wp-json\/wp\/v2\/posts"}],"about":[{"href":"https:\/\/www.lucaghigliano.it\/zioghilli\/wp-json\/wp\/v2\/types\/post"}],"author":[{"embeddable":true,"href":"https:\/\/www.lucaghigliano.it\/zioghilli\/wp-json\/wp\/v2\/users\/1"}],"replies":[{"embeddable":true,"href":"https:\/\/www.lucaghigliano.it\/zioghilli\/wp-json\/wp\/v2\/comments?post=3828"}],"version-history":[{"count":0,"href":"https:\/\/www.lucaghigliano.it\/zioghilli\/wp-json\/wp\/v2\/posts\/3828\/revisions"}],"wp:featuredmedia":[{"embeddable":true,"href":"https:\/\/www.lucaghigliano.it\/zioghilli\/wp-json\/wp\/v2\/media\/3833"}],"wp:attachment":[{"href":"https:\/\/www.lucaghigliano.it\/zioghilli\/wp-json\/wp\/v2\/media?parent=3828"}],"wp:term":[{"taxonomy":"category","embeddable":true,"href":"https:\/\/www.lucaghigliano.it\/zioghilli\/wp-json\/wp\/v2\/categories?post=3828"},{"taxonomy":"post_tag","embeddable":true,"href":"https:\/\/www.lucaghigliano.it\/zioghilli\/wp-json\/wp\/v2\/tags?post=3828"}],"curies":[{"name":"wp","href":"https:\/\/api.w.org\/{rel}","templated":true}]}}