{"id":4104,"date":"2025-07-12T07:39:00","date_gmt":"2025-07-12T06:39:00","guid":{"rendered":"https:\/\/www.lucaghigliano.it\/zioghilli\/?p=4104"},"modified":"2025-10-09T08:44:55","modified_gmt":"2025-10-09T07:44:55","slug":"vinadio-vinadio-in-bici-da-corsa","status":"publish","type":"post","link":"https:\/\/www.lucaghigliano.it\/zioghilli\/vinadio-vinadio-in-bici-da-corsa\/","title":{"rendered":"Bici da corsa | Vinadio &#8211; Vinadio: Bonette, Lombarda e Maddalena &#8211; Anello epico nel cuore delle Alpi"},"content":{"rendered":"\n<p class=\"has-background wp-block-paragraph\" style=\"background-color:#8fe1ff\"><strong>RIASSUNTO IN 500 CARATTERI<\/strong> &#8211; Preparati a un anello epico: la <strong>Vinadio Vinadio in bici da corsa<\/strong> tocca il Colle della Lombarda, la Bonette e il Colle della Maddalena, per circa <strong>160 km e 4.000 m di dislivello<\/strong>. Leggendo scoprirai come il viaggio si trasforma in racconto: incontri lungo la strada, panorami spettacolari, momenti di fatica, pause tra valichi e discese mozzafiato. Se ami il <strong>ciclismo alpino<\/strong>, questo articolo ti far\u00e0 sognare la prossima impresa.<\/p>\n\n\n\n<p class=\"wp-block-paragraph\">Ci sono <strong>giri in bici da corsa<\/strong> che ti restano nelle gambe. Altri, invece, ti restano nell&#8217;anima. Il tour bici da corsa <strong>Vinadio &#8211; Vinadio<\/strong> appartiene a questa seconda categoria: un anello che attraversa le <strong>Alpi tra Italia e Francia<\/strong>, scalando tre colossi che fanno tremare solo a nominarli: <strong>Colle della Lombarda<\/strong>, <strong>Col de la Bonette<\/strong> e <strong>Colle della Maddalena<\/strong>.<\/p>\n\n\n\n<p class=\"wp-block-paragraph\">Un percorso da oltre <strong>160 km e 4.000 metri di dislivello<\/strong>, roba che ti fa capire subito che non stai partendo per una scampagnata. Ma, credimi, ogni metro di fatica \u00e8 ripagato da panorami mozzafiato, silenzi alpini e quella sensazione unica di essere davvero \u201csul tetto del mondo\u201d.<\/p>\n\n\n\n<p class=\"wp-block-paragraph\">La <strong>Vinadio &#8211; Vinadio<\/strong> in bici da corsa era nel mirino da un paio di anni ma ho sempre cercato una scusa per non affrontarla. Riassunto: non ne avevo pi\u00f9 voglia di faticare a certi livelli&#8230;<br>&#x1f605;<\/p>\n\n\n\n<p class=\"wp-block-paragraph\">Poi per\u00f2 i pianeti si sono allineati sottoforma di un corriere che non mi consegna la forcella da MTB e quindi: <em><strong>cosa facciamo nel weekend?<\/strong><\/em><\/p>\n\n\n\n<h1 class=\"wp-block-heading\">Nasce l&#8217;idea della Vinadio &#8211; Vinadio in bici da corsa<\/h1>\n\n\n\n<p class=\"wp-block-paragraph\">Venerd\u00ec in tarda mattinata l&#8217;idea della <strong>Vinadio &#8211; Vinadio<\/strong> prende una forma definitiva, guardando la cartina, salta fuori l\u2019idea: <em>\u201cE se facessimo un anello in bici da corsa da V<strong>inadio a Vinadio<\/strong>, passando per Bonette, Lombarda e Maddalena?\u201d<\/em>. Un&#8217;emoticon. Una risata, poi il silenzio. Quel tipo di silenzio che sa di sfida accettata.<\/p>\n\n\n\n<p class=\"wp-block-paragraph\">Nasce cos\u00ec il tour bici da corsa <strong>Vinadio \u2013 Vinadio<\/strong>, un giro ad anello che unisce tre tra i passi pi\u00f9 spettacolari e impegnativi delle Alpi. Niente di inventato: solo la voglia di misurarsi con la montagna, di pedalare fino a perdere il fiato e di scoprire cosa c\u2019\u00e8 oltre ogni curva. S\u00ec, perch\u00e9 qui le curve non finiscono mai.<br>&#x1f633;<\/p>\n\n\n\n<p class=\"wp-block-paragraph\">Dopo una cena al ristorante <a href=\"http:\/\/www.centosentierivallestura.it\/\" data-type=\"link\" data-id=\"http:\/\/www.centosentierivallestura.it\/\" target=\"_blank\" rel=\"noreferrer noopener\">&#8220;100 Sentieri&#8221; di Pietraporzio<\/a> ed un pernotto da Re all&#8217;<a href=\"https:\/\/la-barmo-affittacamere.worhot.com\/\" data-type=\"link\" data-id=\"https:\/\/la-barmo-affittacamere.worhot.com\/\" target=\"_blank\" rel=\"noreferrer noopener\">affittacamere La Barma di Pontebernardo<\/a> (consigliatissimo) alle 7.40 spaccate siamo pronti per la partenza, che per noi sar\u00e0 davanti al piazzale del ristorante perch\u00e8:&#8221;<em>cos\u00ec quando arriveremo (se arriveremo) andremo direttamente a mangiare senza neanche cambiarci<\/em>&#8220;<br>Quando si \u00e8 campioni a tavola lo si \u00e8 anche quando si programmano i giri in bici&#8230;<br>&#x1f60e;<\/p>\n\n\n\n<figure class=\"wp-block-image size-full\"><img decoding=\"async\" width=\"1024\" height=\"683\" data-src=\"https:\/\/www.lucaghigliano.it\/zioghilli\/wp-content\/uploads\/2025\/08\/photo_24_2025-08-17_22-05-51.jpg\" src=\"data:image\/gif;base64,R0lGODlhAQABAIAAAAAAAP\/\/\/yH5BAEAAAAALAAAAAABAAEAAAIBRAA7\" alt=\"Vinadio Vinadio in bici da corsa: siamo carichi per la partenza\" class=\"wp-image-4105 lazyload\"\/><noscript><img decoding=\"async\" width=\"1024\" height=\"683\" src=\"https:\/\/www.lucaghigliano.it\/zioghilli\/wp-content\/uploads\/2025\/08\/photo_24_2025-08-17_22-05-51.jpg\" alt=\"Vinadio Vinadio in bici da corsa: siamo carichi per la partenza\" class=\"wp-image-4105\" srcset=\"https:\/\/www.lucaghigliano.it\/zioghilli\/wp-content\/uploads\/2025\/08\/photo_24_2025-08-17_22-05-51.jpg 1024w, https:\/\/www.lucaghigliano.it\/zioghilli\/wp-content\/uploads\/2025\/08\/photo_24_2025-08-17_22-05-51-300x200.jpg 300w, https:\/\/www.lucaghigliano.it\/zioghilli\/wp-content\/uploads\/2025\/08\/photo_24_2025-08-17_22-05-51-768x512.jpg 768w, https:\/\/www.lucaghigliano.it\/zioghilli\/wp-content\/uploads\/2025\/08\/photo_24_2025-08-17_22-05-51-600x400.jpg 600w, https:\/\/www.lucaghigliano.it\/zioghilli\/wp-content\/uploads\/2025\/08\/photo_24_2025-08-17_22-05-51-945x630.jpg 945w\" sizes=\"(max-width: 1024px) 100vw, 1024px\" \/><\/noscript><figcaption class=\"wp-element-caption\"><strong>Pronti per la Vinadio &#8211; Vinadio in bici da corsa: eccoci appena resuscitati da una dormita fanciullesca<br>&#8211;<\/strong><\/figcaption><\/figure>\n\n\n\n<figure class=\"wp-block-gallery has-nested-images columns-default is-cropped wp-block-gallery-1 is-layout-flex wp-block-gallery-is-layout-flex\">\n<figure class=\"wp-block-image size-large\"><img decoding=\"async\" width=\"683\" height=\"1024\" data-src=\"https:\/\/www.lucaghigliano.it\/zioghilli\/wp-content\/uploads\/2025\/08\/photo_25_2025-08-17_22-05-51.jpg\" data-id=\"4106\" src=\"data:image\/gif;base64,R0lGODlhAQABAIAAAAAAAP\/\/\/yH5BAEAAAAALAAAAAABAAEAAAIBRAA7\" alt=\"Vinadio Vinadio in bici da corsa: mattina presto il meteo promette bene ma non benissimo\" class=\"wp-image-4106 lazyload\"\/><noscript><img decoding=\"async\" width=\"683\" height=\"1024\" data-id=\"4106\" src=\"https:\/\/www.lucaghigliano.it\/zioghilli\/wp-content\/uploads\/2025\/08\/photo_25_2025-08-17_22-05-51.jpg\" alt=\"Vinadio Vinadio in bici da corsa: mattina presto il meteo promette bene ma non benissimo\" class=\"wp-image-4106\" srcset=\"https:\/\/www.lucaghigliano.it\/zioghilli\/wp-content\/uploads\/2025\/08\/photo_25_2025-08-17_22-05-51.jpg 683w, https:\/\/www.lucaghigliano.it\/zioghilli\/wp-content\/uploads\/2025\/08\/photo_25_2025-08-17_22-05-51-200x300.jpg 200w, https:\/\/www.lucaghigliano.it\/zioghilli\/wp-content\/uploads\/2025\/08\/photo_25_2025-08-17_22-05-51-600x900.jpg 600w\" sizes=\"(max-width: 683px) 100vw, 683px\" \/><\/noscript><\/figure>\n\n\n\n<figure class=\"wp-block-image size-large\"><img decoding=\"async\" width=\"683\" height=\"1024\" data-src=\"https:\/\/www.lucaghigliano.it\/zioghilli\/wp-content\/uploads\/2025\/08\/photo_26_2025-08-17_22-05-51.jpg\" data-id=\"4107\" src=\"data:image\/gif;base64,R0lGODlhAQABAIAAAAAAAP\/\/\/yH5BAEAAAAALAAAAAABAAEAAAIBRAA7\" alt=\"Vinadio Vinadio in bici da corsa: la nostra tabella di viaggio\" class=\"wp-image-4107 lazyload\"\/><noscript><img decoding=\"async\" width=\"683\" height=\"1024\" data-id=\"4107\" src=\"https:\/\/www.lucaghigliano.it\/zioghilli\/wp-content\/uploads\/2025\/08\/photo_26_2025-08-17_22-05-51.jpg\" alt=\"Vinadio Vinadio in bici da corsa: la nostra tabella di viaggio\" class=\"wp-image-4107\" srcset=\"https:\/\/www.lucaghigliano.it\/zioghilli\/wp-content\/uploads\/2025\/08\/photo_26_2025-08-17_22-05-51.jpg 683w, https:\/\/www.lucaghigliano.it\/zioghilli\/wp-content\/uploads\/2025\/08\/photo_26_2025-08-17_22-05-51-200x300.jpg 200w, https:\/\/www.lucaghigliano.it\/zioghilli\/wp-content\/uploads\/2025\/08\/photo_26_2025-08-17_22-05-51-600x900.jpg 600w\" sizes=\"(max-width: 683px) 100vw, 683px\" \/><\/noscript><\/figure>\n<\/figure>\n\n\n\n<p class=\"wp-block-paragraph\">&#8211;<\/p>\n\n\n\n<figure class=\"wp-block-image size-full\"><img decoding=\"async\" width=\"1024\" height=\"683\" data-src=\"https:\/\/www.lucaghigliano.it\/zioghilli\/wp-content\/uploads\/2025\/08\/photo_27_2025-08-17_22-05-51.jpg\" src=\"data:image\/gif;base64,R0lGODlhAQABAIAAAAAAAP\/\/\/yH5BAEAAAAALAAAAAABAAEAAAIBRAA7\" alt=\"Vinadio Vinadio in bici da corsa: bici a terra. Pronti? Via!\" class=\"wp-image-4108 lazyload\"\/><noscript><img decoding=\"async\" width=\"1024\" height=\"683\" src=\"https:\/\/www.lucaghigliano.it\/zioghilli\/wp-content\/uploads\/2025\/08\/photo_27_2025-08-17_22-05-51.jpg\" alt=\"Vinadio Vinadio in bici da corsa: bici a terra. Pronti? Via!\" class=\"wp-image-4108\" srcset=\"https:\/\/www.lucaghigliano.it\/zioghilli\/wp-content\/uploads\/2025\/08\/photo_27_2025-08-17_22-05-51.jpg 1024w, https:\/\/www.lucaghigliano.it\/zioghilli\/wp-content\/uploads\/2025\/08\/photo_27_2025-08-17_22-05-51-300x200.jpg 300w, https:\/\/www.lucaghigliano.it\/zioghilli\/wp-content\/uploads\/2025\/08\/photo_27_2025-08-17_22-05-51-768x512.jpg 768w, https:\/\/www.lucaghigliano.it\/zioghilli\/wp-content\/uploads\/2025\/08\/photo_27_2025-08-17_22-05-51-600x400.jpg 600w, https:\/\/www.lucaghigliano.it\/zioghilli\/wp-content\/uploads\/2025\/08\/photo_27_2025-08-17_22-05-51-945x630.jpg 945w\" sizes=\"(max-width: 1024px) 100vw, 1024px\" \/><\/noscript><figcaption class=\"wp-element-caption\"><strong>Pronti? Partenza? Via&#8230;<\/strong><br>&#8211;<\/figcaption><\/figure>\n\n\n\n<p class=\"wp-block-paragraph\">Quindi per noi non sar\u00e0 Vinadio &#8211; Vinadio bens\u00ec Pietraporzio &#8211; Pietraporzio<br><strong><em>Vinadio &#8211; Vinadio \u00e8 per tutti. Pietraporzio &#8211; Pietraporzio \u00e8 per tanti ma non per tutti!<\/em><\/strong><br>&#x1f601;<\/p>\n\n\n\n<h2 class=\"wp-block-heading\">&#x2b06;&#xfe0f; <strong>PIETRAPORZIO &#8211; COLLE DELLA LOMBARDA | 23km 1.480m+<\/strong><\/h2>\n\n\n\n<p class=\"wp-block-paragraph\">Dopo qualche km di discesa &#8211; ed un cerbiatto a salutarci in mezzo alla strada &#8211; ad attenderci c&#8217;\u00e8 subito la prima vera prova del tour: la salita al <strong>Colle della Lombarda<\/strong>. Ventitr\u00e9 chilometri di ascesa, con quasi 1.500 metri di dislivello positivo. Una salita seria, di quelle che ti insegnano la pazienza.<\/p>\n\n\n\n<p class=\"wp-block-paragraph\">La Lombarda \u00e8 una montagna elegante, fatta di curve larghe e panorami che cambiano a ogni svolta. Si sale immersi nei boschi, poi improvvisamente tutto si apre: prati, vallate, e laghi che riflettono le cime circostanti. \u00c8 in questo tratto che inizi a sentire la magia del <strong>tour bici da corsa Vinadio \u2013 Vinadio<\/strong>. Non \u00e8 solo fatica, \u00e8 <strong>immersione totale nella montagna<\/strong>.<\/p>\n\n\n\n<figure class=\"wp-block-gallery has-nested-images columns-default is-cropped wp-block-gallery-2 is-layout-flex wp-block-gallery-is-layout-flex\">\n<figure class=\"wp-block-image size-large\"><img decoding=\"async\" width=\"683\" height=\"1024\" data-src=\"https:\/\/www.lucaghigliano.it\/zioghilli\/wp-content\/uploads\/2025\/08\/photo_28_2025-08-17_22-05-51.jpg\" data-id=\"4109\" src=\"data:image\/gif;base64,R0lGODlhAQABAIAAAAAAAP\/\/\/yH5BAEAAAAALAAAAAABAAEAAAIBRAA7\" alt=\"Vinadio Vinadio in bici da corsa: inizia il Colle della Lombarda\" class=\"wp-image-4109 lazyload\"\/><noscript><img decoding=\"async\" width=\"683\" height=\"1024\" data-id=\"4109\" src=\"https:\/\/www.lucaghigliano.it\/zioghilli\/wp-content\/uploads\/2025\/08\/photo_28_2025-08-17_22-05-51.jpg\" alt=\"Vinadio Vinadio in bici da corsa: inizia il Colle della Lombarda\" class=\"wp-image-4109\" srcset=\"https:\/\/www.lucaghigliano.it\/zioghilli\/wp-content\/uploads\/2025\/08\/photo_28_2025-08-17_22-05-51.jpg 683w, https:\/\/www.lucaghigliano.it\/zioghilli\/wp-content\/uploads\/2025\/08\/photo_28_2025-08-17_22-05-51-200x300.jpg 200w, https:\/\/www.lucaghigliano.it\/zioghilli\/wp-content\/uploads\/2025\/08\/photo_28_2025-08-17_22-05-51-600x900.jpg 600w\" sizes=\"(max-width: 683px) 100vw, 683px\" \/><\/noscript><\/figure>\n\n\n\n<figure class=\"wp-block-image size-large\"><img decoding=\"async\" width=\"683\" height=\"1024\" data-src=\"https:\/\/www.lucaghigliano.it\/zioghilli\/wp-content\/uploads\/2025\/08\/photo_31_2025-08-17_22-05-51.jpg\" data-id=\"4110\" src=\"data:image\/gif;base64,R0lGODlhAQABAIAAAAAAAP\/\/\/yH5BAEAAAAALAAAAAABAAEAAAIBRAA7\" alt=\"Vinadio Vinadio in bici da corsa: il Santuario di S. Anna visto da lontano\" class=\"wp-image-4110 lazyload\"\/><noscript><img decoding=\"async\" width=\"683\" height=\"1024\" data-id=\"4110\" src=\"https:\/\/www.lucaghigliano.it\/zioghilli\/wp-content\/uploads\/2025\/08\/photo_31_2025-08-17_22-05-51.jpg\" alt=\"Vinadio Vinadio in bici da corsa: il Santuario di S. Anna visto da lontano\" class=\"wp-image-4110\" srcset=\"https:\/\/www.lucaghigliano.it\/zioghilli\/wp-content\/uploads\/2025\/08\/photo_31_2025-08-17_22-05-51.jpg 683w, https:\/\/www.lucaghigliano.it\/zioghilli\/wp-content\/uploads\/2025\/08\/photo_31_2025-08-17_22-05-51-200x300.jpg 200w, https:\/\/www.lucaghigliano.it\/zioghilli\/wp-content\/uploads\/2025\/08\/photo_31_2025-08-17_22-05-51-600x900.jpg 600w\" sizes=\"(max-width: 683px) 100vw, 683px\" \/><\/noscript><\/figure>\n<\/figure>\n\n\n\n<p class=\"wp-block-paragraph\">&#8211;<\/p>\n\n\n\n<figure class=\"wp-block-image size-full\"><img decoding=\"async\" width=\"1024\" height=\"683\" data-src=\"https:\/\/www.lucaghigliano.it\/zioghilli\/wp-content\/uploads\/2025\/08\/photo_29_2025-08-17_22-05-51.jpg\" src=\"data:image\/gif;base64,R0lGODlhAQABAIAAAAAAAP\/\/\/yH5BAEAAAAALAAAAAABAAEAAAIBRAA7\" alt=\"Vinadio Vinadio in bici da corsa: paesaggi pazzeschi salendo al colle della Lombarda\" class=\"wp-image-4111 lazyload\"\/><noscript><img decoding=\"async\" width=\"1024\" height=\"683\" src=\"https:\/\/www.lucaghigliano.it\/zioghilli\/wp-content\/uploads\/2025\/08\/photo_29_2025-08-17_22-05-51.jpg\" alt=\"Vinadio Vinadio in bici da corsa: paesaggi pazzeschi salendo al colle della Lombarda\" class=\"wp-image-4111\" srcset=\"https:\/\/www.lucaghigliano.it\/zioghilli\/wp-content\/uploads\/2025\/08\/photo_29_2025-08-17_22-05-51.jpg 1024w, https:\/\/www.lucaghigliano.it\/zioghilli\/wp-content\/uploads\/2025\/08\/photo_29_2025-08-17_22-05-51-300x200.jpg 300w, https:\/\/www.lucaghigliano.it\/zioghilli\/wp-content\/uploads\/2025\/08\/photo_29_2025-08-17_22-05-51-768x512.jpg 768w, https:\/\/www.lucaghigliano.it\/zioghilli\/wp-content\/uploads\/2025\/08\/photo_29_2025-08-17_22-05-51-600x400.jpg 600w, https:\/\/www.lucaghigliano.it\/zioghilli\/wp-content\/uploads\/2025\/08\/photo_29_2025-08-17_22-05-51-945x630.jpg 945w\" sizes=\"(max-width: 1024px) 100vw, 1024px\" \/><\/noscript><figcaption class=\"wp-element-caption\">&#8211;<\/figcaption><\/figure>\n\n\n\n<figure class=\"wp-block-image size-full\"><img decoding=\"async\" width=\"1024\" height=\"683\" data-src=\"https:\/\/www.lucaghigliano.it\/zioghilli\/wp-content\/uploads\/2025\/08\/photo_48_2025-08-17_22-05-52.jpg\" src=\"data:image\/gif;base64,R0lGODlhAQABAIAAAAAAAP\/\/\/yH5BAEAAAAALAAAAAABAAEAAAIBRAA7\" alt=\"Vinadio Vinadio in bici da corsa: ZioGhilli verso il colle della Lombarda\" class=\"wp-image-4112 lazyload\"\/><noscript><img decoding=\"async\" width=\"1024\" height=\"683\" src=\"https:\/\/www.lucaghigliano.it\/zioghilli\/wp-content\/uploads\/2025\/08\/photo_48_2025-08-17_22-05-52.jpg\" alt=\"Vinadio Vinadio in bici da corsa: ZioGhilli verso il colle della Lombarda\" class=\"wp-image-4112\" srcset=\"https:\/\/www.lucaghigliano.it\/zioghilli\/wp-content\/uploads\/2025\/08\/photo_48_2025-08-17_22-05-52.jpg 1024w, https:\/\/www.lucaghigliano.it\/zioghilli\/wp-content\/uploads\/2025\/08\/photo_48_2025-08-17_22-05-52-300x200.jpg 300w, https:\/\/www.lucaghigliano.it\/zioghilli\/wp-content\/uploads\/2025\/08\/photo_48_2025-08-17_22-05-52-768x512.jpg 768w, https:\/\/www.lucaghigliano.it\/zioghilli\/wp-content\/uploads\/2025\/08\/photo_48_2025-08-17_22-05-52-600x400.jpg 600w, https:\/\/www.lucaghigliano.it\/zioghilli\/wp-content\/uploads\/2025\/08\/photo_48_2025-08-17_22-05-52-945x630.jpg 945w\" sizes=\"(max-width: 1024px) 100vw, 1024px\" \/><\/noscript><figcaption class=\"wp-element-caption\">Questa <strong>Vinadio &#8211; Vinadio in bici da corsa<\/strong> ci sta riservando un inizio con panorami stupendi<br>&#8211;<\/figcaption><\/figure>\n\n\n\n<figure class=\"wp-block-image size-full\"><img decoding=\"async\" width=\"1024\" height=\"683\" data-src=\"https:\/\/www.lucaghigliano.it\/zioghilli\/wp-content\/uploads\/2025\/08\/photo_30_2025-08-17_22-05-51.jpg\" src=\"data:image\/gif;base64,R0lGODlhAQABAIAAAAAAAP\/\/\/yH5BAEAAAAALAAAAAABAAEAAAIBRAA7\" alt=\"Vinadio Vinadio in bici da corsa: dopo il bivio per il colle\" class=\"wp-image-4113 lazyload\"\/><noscript><img decoding=\"async\" width=\"1024\" height=\"683\" src=\"https:\/\/www.lucaghigliano.it\/zioghilli\/wp-content\/uploads\/2025\/08\/photo_30_2025-08-17_22-05-51.jpg\" alt=\"Vinadio Vinadio in bici da corsa: dopo il bivio per il colle\" class=\"wp-image-4113\" srcset=\"https:\/\/www.lucaghigliano.it\/zioghilli\/wp-content\/uploads\/2025\/08\/photo_30_2025-08-17_22-05-51.jpg 1024w, https:\/\/www.lucaghigliano.it\/zioghilli\/wp-content\/uploads\/2025\/08\/photo_30_2025-08-17_22-05-51-300x200.jpg 300w, https:\/\/www.lucaghigliano.it\/zioghilli\/wp-content\/uploads\/2025\/08\/photo_30_2025-08-17_22-05-51-768x512.jpg 768w, https:\/\/www.lucaghigliano.it\/zioghilli\/wp-content\/uploads\/2025\/08\/photo_30_2025-08-17_22-05-51-600x400.jpg 600w, https:\/\/www.lucaghigliano.it\/zioghilli\/wp-content\/uploads\/2025\/08\/photo_30_2025-08-17_22-05-51-945x630.jpg 945w\" sizes=\"(max-width: 1024px) 100vw, 1024px\" \/><\/noscript><figcaption class=\"wp-element-caption\">&#8211;<\/figcaption><\/figure>\n\n\n\n<p class=\"wp-block-paragraph\">Il meteo per\u00f2 \u00e8 dalla nostra parte perch\u00e8 le nuvole che vanno e vengono ci permettono di pedalare al fresco. Ad un certo punto agganciamo un ragazzo in sella ad una Cannondale CAAD, con una Insta360 sul casco:<em><strong>&#8220;come va?&#8221; &#8220;dove andate?&#8221; &#8220;Vinadio &#8211; Vinadio l&#8217;ho gi\u00e0 fatta anch&#8217;io e non la rifar\u00f2 mai pi\u00f9&#8221;<\/strong><\/em> finch\u00e8 Sandrino <strong><em>&#8220;ma io ti ho visto su YouTube! Hai preso la grandine sulla Bonette&#8221;<\/em> <\/strong>insomma era <a href=\"https:\/\/www.youtube.com\/watch?v=CvY605YOqjs&amp;t=245s\" data-type=\"link\" data-id=\"https:\/\/www.youtube.com\/watch?v=CvY605YOqjs&amp;t=245s\" target=\"_blank\" rel=\"noopener\">Matteo Bacchetta<\/a> che stava andando in bici, con un gruppo di amici, a Nizza passando dalla Lombarda. <\/p>\n\n\n\n<figure class=\"wp-block-gallery has-nested-images columns-default is-cropped wp-block-gallery-3 is-layout-flex wp-block-gallery-is-layout-flex\">\n<figure class=\"wp-block-image size-full\"><img decoding=\"async\" width=\"683\" height=\"1024\" data-src=\"https:\/\/www.lucaghigliano.it\/zioghilli\/wp-content\/uploads\/2025\/08\/photo_49_2025-08-17_22-05-52.jpg\" data-id=\"4116\" src=\"data:image\/gif;base64,R0lGODlhAQABAIAAAAAAAP\/\/\/yH5BAEAAAAALAAAAAABAAEAAAIBRAA7\" alt=\"Vinadio Vinadio in bici da corsa: incontriamo Matteo Bacchetta\" class=\"wp-image-4116 lazyload\"\/><noscript><img decoding=\"async\" width=\"683\" height=\"1024\" data-id=\"4116\" src=\"https:\/\/www.lucaghigliano.it\/zioghilli\/wp-content\/uploads\/2025\/08\/photo_49_2025-08-17_22-05-52.jpg\" alt=\"Vinadio Vinadio in bici da corsa: incontriamo Matteo Bacchetta\" class=\"wp-image-4116\" srcset=\"https:\/\/www.lucaghigliano.it\/zioghilli\/wp-content\/uploads\/2025\/08\/photo_49_2025-08-17_22-05-52.jpg 683w, https:\/\/www.lucaghigliano.it\/zioghilli\/wp-content\/uploads\/2025\/08\/photo_49_2025-08-17_22-05-52-200x300.jpg 200w, https:\/\/www.lucaghigliano.it\/zioghilli\/wp-content\/uploads\/2025\/08\/photo_49_2025-08-17_22-05-52-600x900.jpg 600w\" sizes=\"(max-width: 683px) 100vw, 683px\" \/><\/noscript><\/figure>\n\n\n\n<figure class=\"wp-block-image size-full\"><img decoding=\"async\" width=\"683\" height=\"1024\" data-src=\"https:\/\/www.lucaghigliano.it\/zioghilli\/wp-content\/uploads\/2025\/08\/photo_34_2025-08-17_22-05-51.jpg\" data-id=\"4115\" src=\"data:image\/gif;base64,R0lGODlhAQABAIAAAAAAAP\/\/\/yH5BAEAAAAALAAAAAABAAEAAAIBRAA7\" alt=\"Vinadio Vinadio in bici da corsa: colle della Lombarda raggiunto\" class=\"wp-image-4115 lazyload\"\/><noscript><img decoding=\"async\" width=\"683\" height=\"1024\" data-id=\"4115\" src=\"https:\/\/www.lucaghigliano.it\/zioghilli\/wp-content\/uploads\/2025\/08\/photo_34_2025-08-17_22-05-51.jpg\" alt=\"Vinadio Vinadio in bici da corsa: colle della Lombarda raggiunto\" class=\"wp-image-4115\" srcset=\"https:\/\/www.lucaghigliano.it\/zioghilli\/wp-content\/uploads\/2025\/08\/photo_34_2025-08-17_22-05-51.jpg 683w, https:\/\/www.lucaghigliano.it\/zioghilli\/wp-content\/uploads\/2025\/08\/photo_34_2025-08-17_22-05-51-200x300.jpg 200w, https:\/\/www.lucaghigliano.it\/zioghilli\/wp-content\/uploads\/2025\/08\/photo_34_2025-08-17_22-05-51-600x900.jpg 600w\" sizes=\"(max-width: 683px) 100vw, 683px\" \/><\/noscript><\/figure>\n<\/figure>\n\n\n\n<p class=\"wp-block-paragraph\">&#8211;<\/p>\n\n\n\n<figure class=\"wp-block-image size-full\"><img decoding=\"async\" width=\"1024\" height=\"683\" data-src=\"https:\/\/www.lucaghigliano.it\/zioghilli\/wp-content\/uploads\/2025\/08\/photo_33_2025-08-17_22-05-51.jpg\" src=\"data:image\/gif;base64,R0lGODlhAQABAIAAAAAAAP\/\/\/yH5BAEAAAAALAAAAAABAAEAAAIBRAA7\" alt=\"Vinadio Vinadio in bici da corsa: un saluto con gli amici del Matteo Bacchetta\" class=\"wp-image-4114 lazyload\"\/><noscript><img decoding=\"async\" width=\"1024\" height=\"683\" src=\"https:\/\/www.lucaghigliano.it\/zioghilli\/wp-content\/uploads\/2025\/08\/photo_33_2025-08-17_22-05-51.jpg\" alt=\"Vinadio Vinadio in bici da corsa: un saluto con gli amici del Matteo Bacchetta\" class=\"wp-image-4114\" srcset=\"https:\/\/www.lucaghigliano.it\/zioghilli\/wp-content\/uploads\/2025\/08\/photo_33_2025-08-17_22-05-51.jpg 1024w, https:\/\/www.lucaghigliano.it\/zioghilli\/wp-content\/uploads\/2025\/08\/photo_33_2025-08-17_22-05-51-300x200.jpg 300w, https:\/\/www.lucaghigliano.it\/zioghilli\/wp-content\/uploads\/2025\/08\/photo_33_2025-08-17_22-05-51-768x512.jpg 768w, https:\/\/www.lucaghigliano.it\/zioghilli\/wp-content\/uploads\/2025\/08\/photo_33_2025-08-17_22-05-51-600x400.jpg 600w, https:\/\/www.lucaghigliano.it\/zioghilli\/wp-content\/uploads\/2025\/08\/photo_33_2025-08-17_22-05-51-945x630.jpg 945w\" sizes=\"(max-width: 1024px) 100vw, 1024px\" \/><\/noscript><figcaption class=\"wp-element-caption\"><strong>Colle della Lombarda<br>Noi &#8211; il Bacchetta (maglia LA FAUSTO COPPI) &#8211; gli amici del Bacchetta<br>&#8211;<\/strong><\/figcaption><\/figure>\n\n\n\n<figure class=\"wp-block-image size-full\"><img decoding=\"async\" width=\"1024\" height=\"683\" data-src=\"https:\/\/www.lucaghigliano.it\/zioghilli\/wp-content\/uploads\/2025\/08\/photo_36_2025-08-17_22-05-51.jpg\" src=\"data:image\/gif;base64,R0lGODlhAQABAIAAAAAAAP\/\/\/yH5BAEAAAAALAAAAAABAAEAAAIBRAA7\" alt=\"Vinadio Vinadio in bici da corsa: caff\u00e8 al colle\" class=\"wp-image-4117 lazyload\"\/><noscript><img decoding=\"async\" width=\"1024\" height=\"683\" src=\"https:\/\/www.lucaghigliano.it\/zioghilli\/wp-content\/uploads\/2025\/08\/photo_36_2025-08-17_22-05-51.jpg\" alt=\"Vinadio Vinadio in bici da corsa: caff\u00e8 al colle\" class=\"wp-image-4117\" srcset=\"https:\/\/www.lucaghigliano.it\/zioghilli\/wp-content\/uploads\/2025\/08\/photo_36_2025-08-17_22-05-51.jpg 1024w, https:\/\/www.lucaghigliano.it\/zioghilli\/wp-content\/uploads\/2025\/08\/photo_36_2025-08-17_22-05-51-300x200.jpg 300w, https:\/\/www.lucaghigliano.it\/zioghilli\/wp-content\/uploads\/2025\/08\/photo_36_2025-08-17_22-05-51-768x512.jpg 768w, https:\/\/www.lucaghigliano.it\/zioghilli\/wp-content\/uploads\/2025\/08\/photo_36_2025-08-17_22-05-51-600x400.jpg 600w, https:\/\/www.lucaghigliano.it\/zioghilli\/wp-content\/uploads\/2025\/08\/photo_36_2025-08-17_22-05-51-945x630.jpg 945w\" sizes=\"(max-width: 1024px) 100vw, 1024px\" \/><\/noscript><figcaption class=\"wp-element-caption\"><strong>Il primo caff\u00e8 al colle della Lombarda, il primo colle della nostra <strong>Vinadio &#8211; Vinadio in bici da corsa<\/strong><br>&#8211;<\/strong><\/figcaption><\/figure>\n\n\n\n<p class=\"wp-block-paragraph\">Pedaliamo con lui fino al colle, foto, saluti ed arrivederci, un caff\u00e8 ed iniziamo anche noi la lunga discesa verso Isola (pausa panino in piazzetta) da cui inizia un falsopiano (molto falso perch\u00e8 \u00e8 sempre in leggera salita) che ci condurr\u00e0 a Saint Etienne de Tin\u00e9e. Altra pausa Orangina e si inizia a salire verso il secondo colle della giornata.<\/p>\n\n\n\n<figure class=\"wp-block-image size-full\"><img decoding=\"async\" width=\"1024\" height=\"683\" data-src=\"https:\/\/www.lucaghigliano.it\/zioghilli\/wp-content\/uploads\/2025\/08\/photo_38_2025-08-17_22-05-52.jpg\" src=\"data:image\/gif;base64,R0lGODlhAQABAIAAAAAAAP\/\/\/yH5BAEAAAAALAAAAAABAAEAAAIBRAA7\" alt=\"Vinadio Vinadio in bici da corsa: discesa verso Isola 2000\" class=\"wp-image-4118 lazyload\"\/><noscript><img decoding=\"async\" width=\"1024\" height=\"683\" src=\"https:\/\/www.lucaghigliano.it\/zioghilli\/wp-content\/uploads\/2025\/08\/photo_38_2025-08-17_22-05-52.jpg\" alt=\"Vinadio Vinadio in bici da corsa: discesa verso Isola 2000\" class=\"wp-image-4118\" srcset=\"https:\/\/www.lucaghigliano.it\/zioghilli\/wp-content\/uploads\/2025\/08\/photo_38_2025-08-17_22-05-52.jpg 1024w, https:\/\/www.lucaghigliano.it\/zioghilli\/wp-content\/uploads\/2025\/08\/photo_38_2025-08-17_22-05-52-300x200.jpg 300w, https:\/\/www.lucaghigliano.it\/zioghilli\/wp-content\/uploads\/2025\/08\/photo_38_2025-08-17_22-05-52-768x512.jpg 768w, https:\/\/www.lucaghigliano.it\/zioghilli\/wp-content\/uploads\/2025\/08\/photo_38_2025-08-17_22-05-52-600x400.jpg 600w, https:\/\/www.lucaghigliano.it\/zioghilli\/wp-content\/uploads\/2025\/08\/photo_38_2025-08-17_22-05-52-945x630.jpg 945w\" sizes=\"(max-width: 1024px) 100vw, 1024px\" \/><\/noscript><figcaption class=\"wp-element-caption\"><strong>Discesa verso Isola 2000<br>&#8211;<\/strong><\/figcaption><\/figure>\n\n\n\n<figure class=\"wp-block-image size-full\"><img decoding=\"async\" width=\"1024\" height=\"683\" data-src=\"https:\/\/www.lucaghigliano.it\/zioghilli\/wp-content\/uploads\/2025\/08\/photo_39_2025-08-17_22-05-52.jpg\" src=\"data:image\/gif;base64,R0lGODlhAQABAIAAAAAAAP\/\/\/yH5BAEAAAAALAAAAAABAAEAAAIBRAA7\" alt=\"Vinadio Vinadio in bici da corsa: murales del Tour de France\" class=\"wp-image-4119 lazyload\"\/><noscript><img decoding=\"async\" width=\"1024\" height=\"683\" src=\"https:\/\/www.lucaghigliano.it\/zioghilli\/wp-content\/uploads\/2025\/08\/photo_39_2025-08-17_22-05-52.jpg\" alt=\"Vinadio Vinadio in bici da corsa: murales del Tour de France\" class=\"wp-image-4119\" srcset=\"https:\/\/www.lucaghigliano.it\/zioghilli\/wp-content\/uploads\/2025\/08\/photo_39_2025-08-17_22-05-52.jpg 1024w, https:\/\/www.lucaghigliano.it\/zioghilli\/wp-content\/uploads\/2025\/08\/photo_39_2025-08-17_22-05-52-300x200.jpg 300w, https:\/\/www.lucaghigliano.it\/zioghilli\/wp-content\/uploads\/2025\/08\/photo_39_2025-08-17_22-05-52-768x512.jpg 768w, https:\/\/www.lucaghigliano.it\/zioghilli\/wp-content\/uploads\/2025\/08\/photo_39_2025-08-17_22-05-52-600x400.jpg 600w, https:\/\/www.lucaghigliano.it\/zioghilli\/wp-content\/uploads\/2025\/08\/photo_39_2025-08-17_22-05-52-945x630.jpg 945w\" sizes=\"(max-width: 1024px) 100vw, 1024px\" \/><\/noscript><figcaption class=\"wp-element-caption\">&#8211;<\/figcaption><\/figure>\n\n\n\n<figure class=\"wp-block-image size-full\"><img decoding=\"async\" width=\"1024\" height=\"682\" data-src=\"https:\/\/www.lucaghigliano.it\/zioghilli\/wp-content\/uploads\/2025\/08\/photo_42_2025-08-17_22-05-52.jpg\" src=\"data:image\/gif;base64,R0lGODlhAQABAIAAAAAAAP\/\/\/yH5BAEAAAAALAAAAAABAAEAAAIBRAA7\" alt=\"Vinadio Vinadio in bici da corsa: eccoci ad Isola\" class=\"wp-image-4120 lazyload\"\/><noscript><img decoding=\"async\" width=\"1024\" height=\"682\" src=\"https:\/\/www.lucaghigliano.it\/zioghilli\/wp-content\/uploads\/2025\/08\/photo_42_2025-08-17_22-05-52.jpg\" alt=\"Vinadio Vinadio in bici da corsa: eccoci ad Isola\" class=\"wp-image-4120\" srcset=\"https:\/\/www.lucaghigliano.it\/zioghilli\/wp-content\/uploads\/2025\/08\/photo_42_2025-08-17_22-05-52.jpg 1024w, https:\/\/www.lucaghigliano.it\/zioghilli\/wp-content\/uploads\/2025\/08\/photo_42_2025-08-17_22-05-52-300x200.jpg 300w, https:\/\/www.lucaghigliano.it\/zioghilli\/wp-content\/uploads\/2025\/08\/photo_42_2025-08-17_22-05-52-768x512.jpg 768w, https:\/\/www.lucaghigliano.it\/zioghilli\/wp-content\/uploads\/2025\/08\/photo_42_2025-08-17_22-05-52-600x400.jpg 600w, https:\/\/www.lucaghigliano.it\/zioghilli\/wp-content\/uploads\/2025\/08\/photo_42_2025-08-17_22-05-52-945x629.jpg 945w\" sizes=\"(max-width: 1024px) 100vw, 1024px\" \/><\/noscript><figcaption class=\"wp-element-caption\"><strong>Isola<br>&#8211;<\/strong><\/figcaption><\/figure>\n\n\n\n<figure class=\"wp-block-gallery has-nested-images columns-default is-cropped wp-block-gallery-4 is-layout-flex wp-block-gallery-is-layout-flex\">\n<figure class=\"wp-block-image size-large\"><img decoding=\"async\" width=\"683\" height=\"1024\" data-src=\"https:\/\/www.lucaghigliano.it\/zioghilli\/wp-content\/uploads\/2025\/08\/photo_63_2025-08-17_22-05-52.jpg\" data-id=\"4121\" src=\"data:image\/gif;base64,R0lGODlhAQABAIAAAAAAAP\/\/\/yH5BAEAAAAALAAAAAABAAEAAAIBRAA7\" alt=\"Vinadio Vinadio in bici da corsa: Isola\" class=\"wp-image-4121 lazyload\"\/><noscript><img decoding=\"async\" width=\"683\" height=\"1024\" data-id=\"4121\" src=\"https:\/\/www.lucaghigliano.it\/zioghilli\/wp-content\/uploads\/2025\/08\/photo_63_2025-08-17_22-05-52.jpg\" alt=\"Vinadio Vinadio in bici da corsa: Isola\" class=\"wp-image-4121\" srcset=\"https:\/\/www.lucaghigliano.it\/zioghilli\/wp-content\/uploads\/2025\/08\/photo_63_2025-08-17_22-05-52.jpg 683w, https:\/\/www.lucaghigliano.it\/zioghilli\/wp-content\/uploads\/2025\/08\/photo_63_2025-08-17_22-05-52-200x300.jpg 200w, https:\/\/www.lucaghigliano.it\/zioghilli\/wp-content\/uploads\/2025\/08\/photo_63_2025-08-17_22-05-52-600x900.jpg 600w\" sizes=\"(max-width: 683px) 100vw, 683px\" \/><\/noscript><\/figure>\n\n\n\n<figure class=\"wp-block-image size-large\"><img decoding=\"async\" width=\"683\" height=\"1024\" data-src=\"https:\/\/www.lucaghigliano.it\/zioghilli\/wp-content\/uploads\/2025\/08\/photo_66_2025-08-17_22-05-52.jpg\" data-id=\"4122\" src=\"data:image\/gif;base64,R0lGODlhAQABAIAAAAAAAP\/\/\/yH5BAEAAAAALAAAAAABAAEAAAIBRAA7\" alt=\"Vinadio Vinadio in bici da corsa: Gatorade? No grazie. Acqua ed Orangina\" class=\"wp-image-4122 lazyload\"\/><noscript><img decoding=\"async\" width=\"683\" height=\"1024\" data-id=\"4122\" src=\"https:\/\/www.lucaghigliano.it\/zioghilli\/wp-content\/uploads\/2025\/08\/photo_66_2025-08-17_22-05-52.jpg\" alt=\"Vinadio Vinadio in bici da corsa: Gatorade? No grazie. Acqua ed Orangina\" class=\"wp-image-4122\" srcset=\"https:\/\/www.lucaghigliano.it\/zioghilli\/wp-content\/uploads\/2025\/08\/photo_66_2025-08-17_22-05-52.jpg 683w, https:\/\/www.lucaghigliano.it\/zioghilli\/wp-content\/uploads\/2025\/08\/photo_66_2025-08-17_22-05-52-200x300.jpg 200w, https:\/\/www.lucaghigliano.it\/zioghilli\/wp-content\/uploads\/2025\/08\/photo_66_2025-08-17_22-05-52-600x900.jpg 600w\" sizes=\"(max-width: 683px) 100vw, 683px\" \/><\/noscript><\/figure>\n<\/figure>\n\n\n\n<p class=\"wp-block-paragraph\">&#8211;<\/p>\n\n\n\n<h2 class=\"wp-block-heading\">&#x2b06;&#xfe0f; <strong>S. ETIENNE &#8211; BONETTE | 25km 1.550m+<\/strong><\/h2>\n\n\n\n<p class=\"wp-block-paragraph\"><strong>\u201cLa Bonette\u201d<\/strong> basta la parola per far tremare i polpacci di ogni ciclista. Si parte da <strong>Saint-\u00c9tienne<\/strong> e si sale per 25 chilometri fino ad oltre 2.800 metri, <strong>la strada asfaltata pi\u00f9 alta d\u2019Europa<\/strong>. Qui non \u00e8 solo questione di gambe, ma di testa. L\u2019aria si fa pi\u00f9 rarefatta, i respiri pi\u00f9 corti, ma la vista diventa sempre pi\u00f9 ampia. Un mix di dolore e meraviglia che definisce alla perfezione questo tour bici da corsa <strong>Vinadio \u2013 Vinadio<\/strong>.<\/p>\n\n\n\n<p class=\"wp-block-paragraph\">Ci presentiamo all&#8217;inizio della <strong>salita alla Bonette<\/strong> con quasi 2.000m di dislivello nelle gambe, siamo ad un po&#8217; meno della met\u00e0 del giro totale. La salita \u00e8 lunga e con arrivo in alta quota, per cui \u00e8 cosa saggia non esagerare e tenere il cervello attaccato perch\u00e8 sarebbe un bel casino se cedessero le prime o il secondo o entrambi.<\/p>\n\n\n\n<figure class=\"wp-block-gallery has-nested-images columns-default is-cropped wp-block-gallery-5 is-layout-flex wp-block-gallery-is-layout-flex\">\n<figure class=\"wp-block-image size-large\"><img decoding=\"async\" width=\"683\" height=\"1024\" data-src=\"https:\/\/www.lucaghigliano.it\/zioghilli\/wp-content\/uploads\/2025\/08\/photo_68_2025-08-17_22-05-52.jpg\" data-id=\"4123\" src=\"data:image\/gif;base64,R0lGODlhAQABAIAAAAAAAP\/\/\/yH5BAEAAAAALAAAAAABAAEAAAIBRAA7\" alt=\"Vinadio Vinadio in bici da corsa: pronti per la Bonette?\" class=\"wp-image-4123 lazyload\"\/><noscript><img decoding=\"async\" width=\"683\" height=\"1024\" data-id=\"4123\" src=\"https:\/\/www.lucaghigliano.it\/zioghilli\/wp-content\/uploads\/2025\/08\/photo_68_2025-08-17_22-05-52.jpg\" alt=\"Vinadio Vinadio in bici da corsa: pronti per la Bonette?\" class=\"wp-image-4123\" srcset=\"https:\/\/www.lucaghigliano.it\/zioghilli\/wp-content\/uploads\/2025\/08\/photo_68_2025-08-17_22-05-52.jpg 683w, https:\/\/www.lucaghigliano.it\/zioghilli\/wp-content\/uploads\/2025\/08\/photo_68_2025-08-17_22-05-52-200x300.jpg 200w, https:\/\/www.lucaghigliano.it\/zioghilli\/wp-content\/uploads\/2025\/08\/photo_68_2025-08-17_22-05-52-600x900.jpg 600w\" sizes=\"(max-width: 683px) 100vw, 683px\" \/><\/noscript><\/figure>\n\n\n\n<figure class=\"wp-block-image size-large\"><img decoding=\"async\" width=\"683\" height=\"1024\" data-src=\"https:\/\/www.lucaghigliano.it\/zioghilli\/wp-content\/uploads\/2025\/08\/photo_69_2025-08-17_22-05-52.jpg\" data-id=\"4124\" src=\"data:image\/gif;base64,R0lGODlhAQABAIAAAAAAAP\/\/\/yH5BAEAAAAALAAAAAABAAEAAAIBRAA7\" alt=\"Vinadio Vinadio in bici da corsa: ci siamo\" class=\"wp-image-4124 lazyload\"\/><noscript><img decoding=\"async\" width=\"683\" height=\"1024\" data-id=\"4124\" src=\"https:\/\/www.lucaghigliano.it\/zioghilli\/wp-content\/uploads\/2025\/08\/photo_69_2025-08-17_22-05-52.jpg\" alt=\"Vinadio Vinadio in bici da corsa: ci siamo\" class=\"wp-image-4124\" srcset=\"https:\/\/www.lucaghigliano.it\/zioghilli\/wp-content\/uploads\/2025\/08\/photo_69_2025-08-17_22-05-52.jpg 683w, https:\/\/www.lucaghigliano.it\/zioghilli\/wp-content\/uploads\/2025\/08\/photo_69_2025-08-17_22-05-52-200x300.jpg 200w, https:\/\/www.lucaghigliano.it\/zioghilli\/wp-content\/uploads\/2025\/08\/photo_69_2025-08-17_22-05-52-600x900.jpg 600w\" sizes=\"(max-width: 683px) 100vw, 683px\" \/><\/noscript><\/figure>\n<\/figure>\n\n\n\n<p class=\"wp-block-paragraph\">Il grande mostro della nostra <strong>Vinadio &#8211; Vinadio in bici da corsa:<\/strong> il Col de la Bonette, il colle asfaltato pi\u00f9 alto d&#8217;Europa<br>.<\/p>\n\n\n\n<figure class=\"wp-block-image size-full\"><img decoding=\"async\" width=\"1024\" height=\"683\" data-src=\"https:\/\/www.lucaghigliano.it\/zioghilli\/wp-content\/uploads\/2025\/08\/photo_13_2025-08-17_22-05-51.jpg\" src=\"data:image\/gif;base64,R0lGODlhAQABAIAAAAAAAP\/\/\/yH5BAEAAAAALAAAAAABAAEAAAIBRAA7\" alt=\"Vinadio Vinadio in bici da corsa: ultimo bivio poi da qua non si sbaglia pi\u00f9\" class=\"wp-image-4133 lazyload\"\/><noscript><img decoding=\"async\" width=\"1024\" height=\"683\" src=\"https:\/\/www.lucaghigliano.it\/zioghilli\/wp-content\/uploads\/2025\/08\/photo_13_2025-08-17_22-05-51.jpg\" alt=\"Vinadio Vinadio in bici da corsa: ultimo bivio poi da qua non si sbaglia pi\u00f9\" class=\"wp-image-4133\" srcset=\"https:\/\/www.lucaghigliano.it\/zioghilli\/wp-content\/uploads\/2025\/08\/photo_13_2025-08-17_22-05-51.jpg 1024w, https:\/\/www.lucaghigliano.it\/zioghilli\/wp-content\/uploads\/2025\/08\/photo_13_2025-08-17_22-05-51-300x200.jpg 300w, https:\/\/www.lucaghigliano.it\/zioghilli\/wp-content\/uploads\/2025\/08\/photo_13_2025-08-17_22-05-51-768x512.jpg 768w, https:\/\/www.lucaghigliano.it\/zioghilli\/wp-content\/uploads\/2025\/08\/photo_13_2025-08-17_22-05-51-600x400.jpg 600w, https:\/\/www.lucaghigliano.it\/zioghilli\/wp-content\/uploads\/2025\/08\/photo_13_2025-08-17_22-05-51-945x630.jpg 945w\" sizes=\"(max-width: 1024px) 100vw, 1024px\" \/><\/noscript><figcaption class=\"wp-element-caption\"><strong>I cartelli che mettono allegria: COL DE LA BONETTE 22KM<\/strong><br>&#8211;<\/figcaption><\/figure>\n\n\n\n<p class=\"wp-block-paragraph\">Circa a met\u00e0 salita c&#8217;\u00e8 un bar\/rifugio dove ci fermiamo a bere un th\u00e8 caldo (io) ed una limonata (Sandro) ammirando la fauna locale (meglio che non aggiungo altro). <\/p>\n\n\n\n<figure class=\"wp-block-image size-full\"><img decoding=\"async\" width=\"1024\" height=\"683\" data-src=\"https:\/\/www.lucaghigliano.it\/zioghilli\/wp-content\/uploads\/2025\/08\/photo_72_2025-08-17_22-05-52.jpg\" src=\"data:image\/gif;base64,R0lGODlhAQABAIAAAAAAAP\/\/\/yH5BAEAAAAALAAAAAABAAEAAAIBRAA7\" alt=\"Vinadio Vinadio in bici da corsa: pausa rifugio sulla strada per la Bonette\" class=\"wp-image-4125 lazyload\"\/><noscript><img decoding=\"async\" width=\"1024\" height=\"683\" src=\"https:\/\/www.lucaghigliano.it\/zioghilli\/wp-content\/uploads\/2025\/08\/photo_72_2025-08-17_22-05-52.jpg\" alt=\"Vinadio Vinadio in bici da corsa: pausa rifugio sulla strada per la Bonette\" class=\"wp-image-4125\" srcset=\"https:\/\/www.lucaghigliano.it\/zioghilli\/wp-content\/uploads\/2025\/08\/photo_72_2025-08-17_22-05-52.jpg 1024w, https:\/\/www.lucaghigliano.it\/zioghilli\/wp-content\/uploads\/2025\/08\/photo_72_2025-08-17_22-05-52-300x200.jpg 300w, https:\/\/www.lucaghigliano.it\/zioghilli\/wp-content\/uploads\/2025\/08\/photo_72_2025-08-17_22-05-52-768x512.jpg 768w, https:\/\/www.lucaghigliano.it\/zioghilli\/wp-content\/uploads\/2025\/08\/photo_72_2025-08-17_22-05-52-600x400.jpg 600w, https:\/\/www.lucaghigliano.it\/zioghilli\/wp-content\/uploads\/2025\/08\/photo_72_2025-08-17_22-05-52-945x630.jpg 945w\" sizes=\"(max-width: 1024px) 100vw, 1024px\" \/><\/noscript><figcaption class=\"wp-element-caption\"><strong>Pausa al rifugio<br>&#8211;<\/strong><\/figcaption><\/figure>\n\n\n\n<p class=\"wp-block-paragraph\">Si inizia ad intravvedere la cima che \u00e8 ancora lontana, ma con pazienza e un altro panino riusciamo a raggiungere l&#8217;obiettivo. <strong>Siamo a 2.802m<\/strong> e pi\u00f9 in alto di cos\u00ec in Europa, in bici da corsa, non si pu\u00f2 andare. <strong>Anche la Bonette \u00e8 conquistata<\/strong><br>&#x1f51d;<\/p>\n\n\n\n<figure class=\"wp-block-image size-full\"><img decoding=\"async\" width=\"1024\" height=\"683\" data-src=\"https:\/\/www.lucaghigliano.it\/zioghilli\/wp-content\/uploads\/2025\/08\/photo_51_2025-08-17_22-05-52.jpg\" src=\"data:image\/gif;base64,R0lGODlhAQABAIAAAAAAAP\/\/\/yH5BAEAAAAALAAAAAABAAEAAAIBRAA7\" alt=\"Vinadio Vinadio in bici da corsa: un'altra sosta panino\" class=\"wp-image-4128 lazyload\"\/><noscript><img decoding=\"async\" width=\"1024\" height=\"683\" src=\"https:\/\/www.lucaghigliano.it\/zioghilli\/wp-content\/uploads\/2025\/08\/photo_51_2025-08-17_22-05-52.jpg\" alt=\"Vinadio Vinadio in bici da corsa: un&#039;altra sosta panino\" class=\"wp-image-4128\" srcset=\"https:\/\/www.lucaghigliano.it\/zioghilli\/wp-content\/uploads\/2025\/08\/photo_51_2025-08-17_22-05-52.jpg 1024w, https:\/\/www.lucaghigliano.it\/zioghilli\/wp-content\/uploads\/2025\/08\/photo_51_2025-08-17_22-05-52-300x200.jpg 300w, https:\/\/www.lucaghigliano.it\/zioghilli\/wp-content\/uploads\/2025\/08\/photo_51_2025-08-17_22-05-52-768x512.jpg 768w, https:\/\/www.lucaghigliano.it\/zioghilli\/wp-content\/uploads\/2025\/08\/photo_51_2025-08-17_22-05-52-600x400.jpg 600w, https:\/\/www.lucaghigliano.it\/zioghilli\/wp-content\/uploads\/2025\/08\/photo_51_2025-08-17_22-05-52-945x630.jpg 945w\" sizes=\"(max-width: 1024px) 100vw, 1024px\" \/><\/noscript><figcaption class=\"wp-element-caption\"><strong>Sosta panino<br>&#8211;<\/strong><\/figcaption><\/figure>\n\n\n\n<figure class=\"wp-block-gallery has-nested-images columns-default is-cropped wp-block-gallery-6 is-layout-flex wp-block-gallery-is-layout-flex\">\n<figure class=\"wp-block-image size-large\"><img decoding=\"async\" width=\"683\" height=\"1024\" data-src=\"https:\/\/www.lucaghigliano.it\/zioghilli\/wp-content\/uploads\/2025\/08\/photo_50_2025-08-17_22-05-52.jpg\" data-id=\"4127\" src=\"data:image\/gif;base64,R0lGODlhAQABAIAAAAAAAP\/\/\/yH5BAEAAAAALAAAAAABAAEAAAIBRAA7\" alt=\"\" class=\"wp-image-4127 lazyload\"\/><noscript><img decoding=\"async\" width=\"683\" height=\"1024\" data-id=\"4127\" src=\"https:\/\/www.lucaghigliano.it\/zioghilli\/wp-content\/uploads\/2025\/08\/photo_50_2025-08-17_22-05-52.jpg\" alt=\"\" class=\"wp-image-4127\" srcset=\"https:\/\/www.lucaghigliano.it\/zioghilli\/wp-content\/uploads\/2025\/08\/photo_50_2025-08-17_22-05-52.jpg 683w, https:\/\/www.lucaghigliano.it\/zioghilli\/wp-content\/uploads\/2025\/08\/photo_50_2025-08-17_22-05-52-200x300.jpg 200w, https:\/\/www.lucaghigliano.it\/zioghilli\/wp-content\/uploads\/2025\/08\/photo_50_2025-08-17_22-05-52-600x900.jpg 600w\" sizes=\"(max-width: 683px) 100vw, 683px\" \/><\/noscript><\/figure>\n\n\n\n<figure class=\"wp-block-image size-full\"><img decoding=\"async\" width=\"683\" height=\"1024\" data-src=\"https:\/\/www.lucaghigliano.it\/zioghilli\/wp-content\/uploads\/2025\/08\/photo_15_2025-08-17_22-05-51.jpg\" data-id=\"4131\" src=\"data:image\/gif;base64,R0lGODlhAQABAIAAAAAAAP\/\/\/yH5BAEAAAAALAAAAAABAAEAAAIBRAA7\" alt=\"Vinadio Vinadio in bici da corsa: Bonette in vista\" class=\"wp-image-4131 lazyload\"\/><noscript><img decoding=\"async\" width=\"683\" height=\"1024\" data-id=\"4131\" src=\"https:\/\/www.lucaghigliano.it\/zioghilli\/wp-content\/uploads\/2025\/08\/photo_15_2025-08-17_22-05-51.jpg\" alt=\"Vinadio Vinadio in bici da corsa: Bonette in vista\" class=\"wp-image-4131\" srcset=\"https:\/\/www.lucaghigliano.it\/zioghilli\/wp-content\/uploads\/2025\/08\/photo_15_2025-08-17_22-05-51.jpg 683w, https:\/\/www.lucaghigliano.it\/zioghilli\/wp-content\/uploads\/2025\/08\/photo_15_2025-08-17_22-05-51-200x300.jpg 200w, https:\/\/www.lucaghigliano.it\/zioghilli\/wp-content\/uploads\/2025\/08\/photo_15_2025-08-17_22-05-51-600x900.jpg 600w\" sizes=\"(max-width: 683px) 100vw, 683px\" \/><\/noscript><\/figure>\n<\/figure>\n\n\n\n<p class=\"wp-block-paragraph\">&#8211;<\/p>\n\n\n\n<figure class=\"wp-block-image size-full\"><img decoding=\"async\" width=\"1024\" height=\"683\" data-src=\"https:\/\/www.lucaghigliano.it\/zioghilli\/wp-content\/uploads\/2025\/08\/photo_53_2025-08-17_22-05-52.jpg\" src=\"data:image\/gif;base64,R0lGODlhAQABAIAAAAAAAP\/\/\/yH5BAEAAAAALAAAAAABAAEAAAIBRAA7\" alt=\"Vinadio Vinadio in bici da corsa: quasi Bonette\" class=\"wp-image-4129 lazyload\"\/><noscript><img decoding=\"async\" width=\"1024\" height=\"683\" src=\"https:\/\/www.lucaghigliano.it\/zioghilli\/wp-content\/uploads\/2025\/08\/photo_53_2025-08-17_22-05-52.jpg\" alt=\"Vinadio Vinadio in bici da corsa: quasi Bonette\" class=\"wp-image-4129\" srcset=\"https:\/\/www.lucaghigliano.it\/zioghilli\/wp-content\/uploads\/2025\/08\/photo_53_2025-08-17_22-05-52.jpg 1024w, https:\/\/www.lucaghigliano.it\/zioghilli\/wp-content\/uploads\/2025\/08\/photo_53_2025-08-17_22-05-52-300x200.jpg 300w, https:\/\/www.lucaghigliano.it\/zioghilli\/wp-content\/uploads\/2025\/08\/photo_53_2025-08-17_22-05-52-768x512.jpg 768w, https:\/\/www.lucaghigliano.it\/zioghilli\/wp-content\/uploads\/2025\/08\/photo_53_2025-08-17_22-05-52-600x400.jpg 600w, https:\/\/www.lucaghigliano.it\/zioghilli\/wp-content\/uploads\/2025\/08\/photo_53_2025-08-17_22-05-52-945x630.jpg 945w\" sizes=\"(max-width: 1024px) 100vw, 1024px\" \/><\/noscript><figcaption class=\"wp-element-caption\"><strong>Quasi Bonette<br>&#8211;<\/strong><\/figcaption><\/figure>\n\n\n\n<figure class=\"wp-block-image size-full\"><img decoding=\"async\" width=\"1024\" height=\"683\" data-src=\"https:\/\/www.lucaghigliano.it\/zioghilli\/wp-content\/uploads\/2025\/08\/photo_1_2025-08-17_22-05-50.jpg\" src=\"data:image\/gif;base64,R0lGODlhAQABAIAAAAAAAP\/\/\/yH5BAEAAAAALAAAAAABAAEAAAIBRAA7\" alt=\"Vinadio Vinadio in bici da corsa: ultimo strappo\" class=\"wp-image-4130 lazyload\"\/><noscript><img decoding=\"async\" width=\"1024\" height=\"683\" src=\"https:\/\/www.lucaghigliano.it\/zioghilli\/wp-content\/uploads\/2025\/08\/photo_1_2025-08-17_22-05-50.jpg\" alt=\"Vinadio Vinadio in bici da corsa: ultimo strappo\" class=\"wp-image-4130\" srcset=\"https:\/\/www.lucaghigliano.it\/zioghilli\/wp-content\/uploads\/2025\/08\/photo_1_2025-08-17_22-05-50.jpg 1024w, https:\/\/www.lucaghigliano.it\/zioghilli\/wp-content\/uploads\/2025\/08\/photo_1_2025-08-17_22-05-50-300x200.jpg 300w, https:\/\/www.lucaghigliano.it\/zioghilli\/wp-content\/uploads\/2025\/08\/photo_1_2025-08-17_22-05-50-768x512.jpg 768w, https:\/\/www.lucaghigliano.it\/zioghilli\/wp-content\/uploads\/2025\/08\/photo_1_2025-08-17_22-05-50-600x400.jpg 600w, https:\/\/www.lucaghigliano.it\/zioghilli\/wp-content\/uploads\/2025\/08\/photo_1_2025-08-17_22-05-50-945x630.jpg 945w\" sizes=\"(max-width: 1024px) 100vw, 1024px\" \/><\/noscript><figcaption class=\"wp-element-caption\"><strong>Vinadio &#8211; Vinadio in bici da corsa:<\/strong> ultimo strappo prima della roccia\/monumento\/cartello del col de la Bonette<br>&#8211;<\/figcaption><\/figure>\n\n\n\n<figure class=\"wp-block-gallery has-nested-images columns-default is-cropped wp-block-gallery-7 is-layout-flex wp-block-gallery-is-layout-flex\">\n<figure class=\"wp-block-image size-large\"><img decoding=\"async\" width=\"683\" height=\"1024\" data-src=\"https:\/\/www.lucaghigliano.it\/zioghilli\/wp-content\/uploads\/2025\/08\/photo_54_2025-08-17_22-05-52.jpg\" data-id=\"4135\" src=\"data:image\/gif;base64,R0lGODlhAQABAIAAAAAAAP\/\/\/yH5BAEAAAAALAAAAAABAAEAAAIBRAA7\" alt=\"Vinadio Vinadio in bici da corsa: Bonette conquistata!\" class=\"wp-image-4135 lazyload\"\/><noscript><img decoding=\"async\" width=\"683\" height=\"1024\" data-id=\"4135\" src=\"https:\/\/www.lucaghigliano.it\/zioghilli\/wp-content\/uploads\/2025\/08\/photo_54_2025-08-17_22-05-52.jpg\" alt=\"Vinadio Vinadio in bici da corsa: Bonette conquistata!\" class=\"wp-image-4135\" srcset=\"https:\/\/www.lucaghigliano.it\/zioghilli\/wp-content\/uploads\/2025\/08\/photo_54_2025-08-17_22-05-52.jpg 683w, https:\/\/www.lucaghigliano.it\/zioghilli\/wp-content\/uploads\/2025\/08\/photo_54_2025-08-17_22-05-52-200x300.jpg 200w, https:\/\/www.lucaghigliano.it\/zioghilli\/wp-content\/uploads\/2025\/08\/photo_54_2025-08-17_22-05-52-600x900.jpg 600w\" sizes=\"(max-width: 683px) 100vw, 683px\" \/><\/noscript><\/figure>\n\n\n\n<figure class=\"wp-block-image size-large\"><img decoding=\"async\" width=\"683\" height=\"1024\" data-src=\"https:\/\/www.lucaghigliano.it\/zioghilli\/wp-content\/uploads\/2025\/08\/photo_21_2025-08-17_22-05-51.jpg\" data-id=\"4134\" src=\"data:image\/gif;base64,R0lGODlhAQABAIAAAAAAAP\/\/\/yH5BAEAAAAALAAAAAABAAEAAAIBRAA7\" alt=\"Vinadio Vinadio in bici da corsa: altra spunta sulla nostra tabella di viaggio\" class=\"wp-image-4134 lazyload\"\/><noscript><img decoding=\"async\" width=\"683\" height=\"1024\" data-id=\"4134\" src=\"https:\/\/www.lucaghigliano.it\/zioghilli\/wp-content\/uploads\/2025\/08\/photo_21_2025-08-17_22-05-51.jpg\" alt=\"Vinadio Vinadio in bici da corsa: altra spunta sulla nostra tabella di viaggio\" class=\"wp-image-4134\" srcset=\"https:\/\/www.lucaghigliano.it\/zioghilli\/wp-content\/uploads\/2025\/08\/photo_21_2025-08-17_22-05-51.jpg 683w, https:\/\/www.lucaghigliano.it\/zioghilli\/wp-content\/uploads\/2025\/08\/photo_21_2025-08-17_22-05-51-200x300.jpg 200w, https:\/\/www.lucaghigliano.it\/zioghilli\/wp-content\/uploads\/2025\/08\/photo_21_2025-08-17_22-05-51-600x900.jpg 600w\" sizes=\"(max-width: 683px) 100vw, 683px\" \/><\/noscript><\/figure>\n<\/figure>\n\n\n\n<p class=\"wp-block-paragraph\">&#8211;<\/p>\n\n\n\n<figure class=\"wp-block-image size-full\"><img decoding=\"async\" width=\"1024\" height=\"683\" data-src=\"https:\/\/www.lucaghigliano.it\/zioghilli\/wp-content\/uploads\/2025\/08\/photo_61_2025-08-17_22-05-52.jpg\" src=\"data:image\/gif;base64,R0lGODlhAQABAIAAAAAAAP\/\/\/yH5BAEAAAAALAAAAAABAAEAAAIBRAA7\" alt=\"Vinadio Vinadio in bici da corsa: Sandro alla Bonette\" class=\"wp-image-4136 lazyload\"\/><noscript><img decoding=\"async\" width=\"1024\" height=\"683\" src=\"https:\/\/www.lucaghigliano.it\/zioghilli\/wp-content\/uploads\/2025\/08\/photo_61_2025-08-17_22-05-52.jpg\" alt=\"Vinadio Vinadio in bici da corsa: Sandro alla Bonette\" class=\"wp-image-4136\" srcset=\"https:\/\/www.lucaghigliano.it\/zioghilli\/wp-content\/uploads\/2025\/08\/photo_61_2025-08-17_22-05-52.jpg 1024w, https:\/\/www.lucaghigliano.it\/zioghilli\/wp-content\/uploads\/2025\/08\/photo_61_2025-08-17_22-05-52-300x200.jpg 300w, https:\/\/www.lucaghigliano.it\/zioghilli\/wp-content\/uploads\/2025\/08\/photo_61_2025-08-17_22-05-52-768x512.jpg 768w, https:\/\/www.lucaghigliano.it\/zioghilli\/wp-content\/uploads\/2025\/08\/photo_61_2025-08-17_22-05-52-600x400.jpg 600w, https:\/\/www.lucaghigliano.it\/zioghilli\/wp-content\/uploads\/2025\/08\/photo_61_2025-08-17_22-05-52-945x630.jpg 945w\" sizes=\"(max-width: 1024px) 100vw, 1024px\" \/><\/noscript><figcaption class=\"wp-element-caption\">&#8211;<\/figcaption><\/figure>\n\n\n\n<figure class=\"wp-block-image size-full\"><img decoding=\"async\" width=\"1024\" height=\"683\" data-src=\"https:\/\/www.lucaghigliano.it\/zioghilli\/wp-content\/uploads\/2025\/08\/photo_62_2025-08-17_22-05-52.jpg\" src=\"data:image\/gif;base64,R0lGODlhAQABAIAAAAAAAP\/\/\/yH5BAEAAAAALAAAAAABAAEAAAIBRAA7\" alt=\"Vinadio Vinadio in bici da corsa: pausa a Jausier\" class=\"wp-image-4137 lazyload\"\/><noscript><img decoding=\"async\" width=\"1024\" height=\"683\" src=\"https:\/\/www.lucaghigliano.it\/zioghilli\/wp-content\/uploads\/2025\/08\/photo_62_2025-08-17_22-05-52.jpg\" alt=\"Vinadio Vinadio in bici da corsa: pausa a Jausier\" class=\"wp-image-4137\" srcset=\"https:\/\/www.lucaghigliano.it\/zioghilli\/wp-content\/uploads\/2025\/08\/photo_62_2025-08-17_22-05-52.jpg 1024w, https:\/\/www.lucaghigliano.it\/zioghilli\/wp-content\/uploads\/2025\/08\/photo_62_2025-08-17_22-05-52-300x200.jpg 300w, https:\/\/www.lucaghigliano.it\/zioghilli\/wp-content\/uploads\/2025\/08\/photo_62_2025-08-17_22-05-52-768x512.jpg 768w, https:\/\/www.lucaghigliano.it\/zioghilli\/wp-content\/uploads\/2025\/08\/photo_62_2025-08-17_22-05-52-600x400.jpg 600w, https:\/\/www.lucaghigliano.it\/zioghilli\/wp-content\/uploads\/2025\/08\/photo_62_2025-08-17_22-05-52-945x630.jpg 945w\" sizes=\"(max-width: 1024px) 100vw, 1024px\" \/><\/noscript><figcaption class=\"wp-element-caption\"><strong>Lunghissima discesa su Jausier per una lunga pausa ristoratrice <\/strong><a href=\"https:\/\/www.lucaghigliano.it\/zioghilli\/route-des-grandes-alpes-18-2\/\" data-type=\"post\" data-id=\"1299\" target=\"_blank\" rel=\"noreferrer noopener\">nello stesso bar in cui avevo bevuto una birra con Clifford nel 2018<\/a><br>&#8211;<\/figcaption><\/figure>\n\n\n\n<figure class=\"wp-block-image size-large\"><img decoding=\"async\" width=\"1024\" height=\"768\" data-src=\"https:\/\/www.lucaghigliano.it\/zioghilli\/wp-content\/uploads\/2019\/04\/DSC01724-Modifica-1024x768.jpg\" src=\"data:image\/gif;base64,R0lGODlhAQABAIAAAAAAAP\/\/\/yH5BAEAAAAALAAAAAABAAEAAAIBRAA7\" alt=\"\" class=\"wp-image-1326 lazyload\"\/><noscript><img decoding=\"async\" width=\"1024\" height=\"768\" src=\"https:\/\/www.lucaghigliano.it\/zioghilli\/wp-content\/uploads\/2019\/04\/DSC01724-Modifica-1024x768.jpg\" alt=\"\" class=\"wp-image-1326\" srcset=\"https:\/\/www.lucaghigliano.it\/zioghilli\/wp-content\/uploads\/2019\/04\/DSC01724-Modifica-1024x768.jpg 1024w, https:\/\/www.lucaghigliano.it\/zioghilli\/wp-content\/uploads\/2019\/04\/DSC01724-Modifica-300x225.jpg 300w, https:\/\/www.lucaghigliano.it\/zioghilli\/wp-content\/uploads\/2019\/04\/DSC01724-Modifica-768x576.jpg 768w, https:\/\/www.lucaghigliano.it\/zioghilli\/wp-content\/uploads\/2019\/04\/DSC01724-Modifica-945x709.jpg 945w, https:\/\/www.lucaghigliano.it\/zioghilli\/wp-content\/uploads\/2019\/04\/DSC01724-Modifica-600x450.jpg 600w, https:\/\/www.lucaghigliano.it\/zioghilli\/wp-content\/uploads\/2019\/04\/DSC01724-Modifica.jpg 1200w\" sizes=\"(max-width: 1024px) 100vw, 1024px\" \/><\/noscript><figcaption class=\"wp-element-caption\"><strong>Ciao Clifford da San Diego<br>&#8211;<\/strong><\/figcaption><\/figure>\n\n\n\n<h2 class=\"wp-block-heading\">&#x2b06;&#xfe0f; <strong>JAUSIER &#8211; COLLE DELLA MADDALENA | 23km 800m+<\/strong><\/h2>\n\n\n\n<p class=\"wp-block-paragraph\">Dal fondovalle, <strong>la salita al Colle della Maddalena<\/strong> \u00e8 pi\u00f9 morbida delle precedenti, ma non per questo meno affascinante. Ventitr\u00e9 chilometri e circa 800 metri di dislivello ti separano dal ritorno in Italia. Il paesaggio cambia ancora: boschi, pascoli e i colori vividi delle <strong>Alpi Marittime<\/strong>. Ogni curva \u00e8 un piccolo traguardo, ogni tornante una promessa mantenuta.<\/p>\n\n\n\n<p class=\"wp-block-paragraph\">La strada risale lungo il fiume fino al bivio per il <strong>Col de Larche<\/strong> (cos\u00ec i francesi chiamano il <strong>colle della Maddalena<\/strong>) da cui inizia una salita spettacolare, l&#8217;ideale per concludere una giornata simile: pendenza sempre sotto al 6% e quasi sempre in zona 3-4-5%. Panorama aperto su una valle stupenda, ancor pi\u00f9 bella perch\u00e8 \u00e8 quella che ci condurr\u00e0 verso l&#8217;ultimo obiettivo di giornata.<\/p>\n\n\n\n<figure class=\"wp-block-image size-full\"><img decoding=\"async\" width=\"1024\" height=\"683\" data-src=\"https:\/\/www.lucaghigliano.it\/zioghilli\/wp-content\/uploads\/2025\/08\/photo_84_2025-08-17_22-05-53.jpg\" src=\"data:image\/gif;base64,R0lGODlhAQABAIAAAAAAAP\/\/\/yH5BAEAAAAALAAAAAABAAEAAAIBRAA7\" alt=\"Vinadio Vinadio in bici da corsa: verso il colle della Maddalena\" class=\"wp-image-4142 lazyload\"\/><noscript><img decoding=\"async\" width=\"1024\" height=\"683\" src=\"https:\/\/www.lucaghigliano.it\/zioghilli\/wp-content\/uploads\/2025\/08\/photo_84_2025-08-17_22-05-53.jpg\" alt=\"Vinadio Vinadio in bici da corsa: verso il colle della Maddalena\" class=\"wp-image-4142\" srcset=\"https:\/\/www.lucaghigliano.it\/zioghilli\/wp-content\/uploads\/2025\/08\/photo_84_2025-08-17_22-05-53.jpg 1024w, https:\/\/www.lucaghigliano.it\/zioghilli\/wp-content\/uploads\/2025\/08\/photo_84_2025-08-17_22-05-53-300x200.jpg 300w, https:\/\/www.lucaghigliano.it\/zioghilli\/wp-content\/uploads\/2025\/08\/photo_84_2025-08-17_22-05-53-768x512.jpg 768w, https:\/\/www.lucaghigliano.it\/zioghilli\/wp-content\/uploads\/2025\/08\/photo_84_2025-08-17_22-05-53-600x400.jpg 600w, https:\/\/www.lucaghigliano.it\/zioghilli\/wp-content\/uploads\/2025\/08\/photo_84_2025-08-17_22-05-53-945x630.jpg 945w\" sizes=\"(max-width: 1024px) 100vw, 1024px\" \/><\/noscript><figcaption class=\"wp-element-caption\"><strong>Sulla strada di fondovalle prima dell&#8217;inizio della salita c&#8217;\u00e8 questo imponente forte<br>&#8211;<\/strong><\/figcaption><\/figure>\n\n\n\n<figure class=\"wp-block-gallery has-nested-images columns-default is-cropped wp-block-gallery-8 is-layout-flex wp-block-gallery-is-layout-flex\">\n<figure class=\"wp-block-image size-large\"><img decoding=\"async\" width=\"683\" height=\"1024\" data-src=\"https:\/\/www.lucaghigliano.it\/zioghilli\/wp-content\/uploads\/2025\/08\/photo_87_2025-08-17_22-05-53.jpg\" data-id=\"4140\" src=\"data:image\/gif;base64,R0lGODlhAQABAIAAAAAAAP\/\/\/yH5BAEAAAAALAAAAAABAAEAAAIBRAA7\" alt=\"Vinadio Vinadio in bici da corsa: col de Larche ouvert\" class=\"wp-image-4140 lazyload\"\/><noscript><img decoding=\"async\" width=\"683\" height=\"1024\" data-id=\"4140\" src=\"https:\/\/www.lucaghigliano.it\/zioghilli\/wp-content\/uploads\/2025\/08\/photo_87_2025-08-17_22-05-53.jpg\" alt=\"Vinadio Vinadio in bici da corsa: col de Larche ouvert\" class=\"wp-image-4140\" srcset=\"https:\/\/www.lucaghigliano.it\/zioghilli\/wp-content\/uploads\/2025\/08\/photo_87_2025-08-17_22-05-53.jpg 683w, https:\/\/www.lucaghigliano.it\/zioghilli\/wp-content\/uploads\/2025\/08\/photo_87_2025-08-17_22-05-53-200x300.jpg 200w, https:\/\/www.lucaghigliano.it\/zioghilli\/wp-content\/uploads\/2025\/08\/photo_87_2025-08-17_22-05-53-600x900.jpg 600w\" sizes=\"(max-width: 683px) 100vw, 683px\" \/><\/noscript><\/figure>\n\n\n\n<figure class=\"wp-block-image size-large\"><img decoding=\"async\" width=\"682\" height=\"1024\" data-src=\"https:\/\/www.lucaghigliano.it\/zioghilli\/wp-content\/uploads\/2025\/08\/photo_88_2025-08-17_22-05-53.jpg\" data-id=\"4141\" src=\"data:image\/gif;base64,R0lGODlhAQABAIAAAAAAAP\/\/\/yH5BAEAAAAALAAAAAABAAEAAAIBRAA7\" alt=\"Vinadio Vinadio in bici da corsa: noi lo chiamiamo colle della Maddalena - i francesi col de Larche\" class=\"wp-image-4141 lazyload\"\/><noscript><img decoding=\"async\" width=\"682\" height=\"1024\" data-id=\"4141\" src=\"https:\/\/www.lucaghigliano.it\/zioghilli\/wp-content\/uploads\/2025\/08\/photo_88_2025-08-17_22-05-53.jpg\" alt=\"Vinadio Vinadio in bici da corsa: noi lo chiamiamo colle della Maddalena - i francesi col de Larche\" class=\"wp-image-4141\" srcset=\"https:\/\/www.lucaghigliano.it\/zioghilli\/wp-content\/uploads\/2025\/08\/photo_88_2025-08-17_22-05-53.jpg 682w, https:\/\/www.lucaghigliano.it\/zioghilli\/wp-content\/uploads\/2025\/08\/photo_88_2025-08-17_22-05-53-200x300.jpg 200w, https:\/\/www.lucaghigliano.it\/zioghilli\/wp-content\/uploads\/2025\/08\/photo_88_2025-08-17_22-05-53-600x901.jpg 600w\" sizes=\"(max-width: 682px) 100vw, 682px\" \/><\/noscript><\/figure>\n<\/figure>\n\n\n\n<p class=\"wp-block-paragraph\">&#8211;<\/p>\n\n\n\n<p class=\"wp-block-paragraph\">La strada \u00e8 praticamente deserta, pochissimi automobilisti, un solo camion, qualche motociclista. Saliamo parlando di macchine da rally e moto da SBK. Iniziamo ad annusare nell&#8217;aria quel profumo di <strong>&#8220;epic ride&#8221;<\/strong> che sta per concludersi. Pedaliamo a passo estremamente tranquillo e rilassato, c&#8217;\u00e8 una luce bellissima che illumina la valle. Ad un certo punto sul display del Bryton compare il numero 4.000 nella casella del dislivello: era dal 2020 che non lo vedevo. Bentornato&#8230;<br>&#x1f973;<\/p>\n\n\n\n<figure class=\"wp-block-image size-full\"><img decoding=\"async\" width=\"1024\" height=\"683\" data-src=\"https:\/\/www.lucaghigliano.it\/zioghilli\/wp-content\/uploads\/2025\/08\/photo_90_2025-08-17_22-05-53.jpg\" src=\"data:image\/gif;base64,R0lGODlhAQABAIAAAAAAAP\/\/\/yH5BAEAAAAALAAAAAABAAEAAAIBRAA7\" alt=\"Vinadio Vinadio in bici da corsa: panorami al colle della maddalena\" class=\"wp-image-4139 lazyload\"\/><noscript><img decoding=\"async\" width=\"1024\" height=\"683\" src=\"https:\/\/www.lucaghigliano.it\/zioghilli\/wp-content\/uploads\/2025\/08\/photo_90_2025-08-17_22-05-53.jpg\" alt=\"Vinadio Vinadio in bici da corsa: panorami al colle della maddalena\" class=\"wp-image-4139\" srcset=\"https:\/\/www.lucaghigliano.it\/zioghilli\/wp-content\/uploads\/2025\/08\/photo_90_2025-08-17_22-05-53.jpg 1024w, https:\/\/www.lucaghigliano.it\/zioghilli\/wp-content\/uploads\/2025\/08\/photo_90_2025-08-17_22-05-53-300x200.jpg 300w, https:\/\/www.lucaghigliano.it\/zioghilli\/wp-content\/uploads\/2025\/08\/photo_90_2025-08-17_22-05-53-768x512.jpg 768w, https:\/\/www.lucaghigliano.it\/zioghilli\/wp-content\/uploads\/2025\/08\/photo_90_2025-08-17_22-05-53-600x400.jpg 600w, https:\/\/www.lucaghigliano.it\/zioghilli\/wp-content\/uploads\/2025\/08\/photo_90_2025-08-17_22-05-53-945x630.jpg 945w\" sizes=\"(max-width: 1024px) 100vw, 1024px\" \/><\/noscript><figcaption class=\"wp-element-caption\">&#8211;<\/figcaption><\/figure>\n\n\n\n<figure class=\"wp-block-image size-full\"><img decoding=\"async\" width=\"1024\" height=\"683\" data-src=\"https:\/\/www.lucaghigliano.it\/zioghilli\/wp-content\/uploads\/2025\/08\/photo_73_2025-08-17_22-05-52.jpg\" src=\"data:image\/gif;base64,R0lGODlhAQABAIAAAAAAAP\/\/\/yH5BAEAAAAALAAAAAABAAEAAAIBRAA7\" alt=\"\" class=\"wp-image-4138 lazyload\"\/><noscript><img decoding=\"async\" width=\"1024\" height=\"683\" src=\"https:\/\/www.lucaghigliano.it\/zioghilli\/wp-content\/uploads\/2025\/08\/photo_73_2025-08-17_22-05-52.jpg\" alt=\"\" class=\"wp-image-4138\" srcset=\"https:\/\/www.lucaghigliano.it\/zioghilli\/wp-content\/uploads\/2025\/08\/photo_73_2025-08-17_22-05-52.jpg 1024w, https:\/\/www.lucaghigliano.it\/zioghilli\/wp-content\/uploads\/2025\/08\/photo_73_2025-08-17_22-05-52-300x200.jpg 300w, https:\/\/www.lucaghigliano.it\/zioghilli\/wp-content\/uploads\/2025\/08\/photo_73_2025-08-17_22-05-52-768x512.jpg 768w, https:\/\/www.lucaghigliano.it\/zioghilli\/wp-content\/uploads\/2025\/08\/photo_73_2025-08-17_22-05-52-600x400.jpg 600w, https:\/\/www.lucaghigliano.it\/zioghilli\/wp-content\/uploads\/2025\/08\/photo_73_2025-08-17_22-05-52-945x630.jpg 945w\" sizes=\"(max-width: 1024px) 100vw, 1024px\" \/><\/noscript><figcaption class=\"wp-element-caption\">&#8211;<\/figcaption><\/figure>\n\n\n\n<figure class=\"wp-block-image size-full\"><img decoding=\"async\" width=\"1024\" height=\"683\" data-src=\"https:\/\/www.lucaghigliano.it\/zioghilli\/wp-content\/uploads\/2025\/08\/photo_89_2025-08-17_22-05-53.jpg\" src=\"data:image\/gif;base64,R0lGODlhAQABAIAAAAAAAP\/\/\/yH5BAEAAAAALAAAAAABAAEAAAIBRAA7\" alt=\"Vinadio Vinadio in bici da corsa: 4000+ raggiunti\" class=\"wp-image-4143 lazyload\"\/><noscript><img decoding=\"async\" width=\"1024\" height=\"683\" src=\"https:\/\/www.lucaghigliano.it\/zioghilli\/wp-content\/uploads\/2025\/08\/photo_89_2025-08-17_22-05-53.jpg\" alt=\"Vinadio Vinadio in bici da corsa: 4000+ raggiunti\" class=\"wp-image-4143\" srcset=\"https:\/\/www.lucaghigliano.it\/zioghilli\/wp-content\/uploads\/2025\/08\/photo_89_2025-08-17_22-05-53.jpg 1024w, https:\/\/www.lucaghigliano.it\/zioghilli\/wp-content\/uploads\/2025\/08\/photo_89_2025-08-17_22-05-53-300x200.jpg 300w, https:\/\/www.lucaghigliano.it\/zioghilli\/wp-content\/uploads\/2025\/08\/photo_89_2025-08-17_22-05-53-768x512.jpg 768w, https:\/\/www.lucaghigliano.it\/zioghilli\/wp-content\/uploads\/2025\/08\/photo_89_2025-08-17_22-05-53-600x400.jpg 600w, https:\/\/www.lucaghigliano.it\/zioghilli\/wp-content\/uploads\/2025\/08\/photo_89_2025-08-17_22-05-53-945x630.jpg 945w\" sizes=\"(max-width: 1024px) 100vw, 1024px\" \/><\/noscript><figcaption class=\"wp-element-caption\"><strong>Vinadio &#8211; Vinadio in bici da corsa<\/strong> &#8211; <strong>Ci siamo quasi: 4000+ in tasca e ce ne mancano poche centinaia alla fine<br>&#8211;<\/strong><\/figcaption><\/figure>\n\n\n\n<figure class=\"wp-block-image size-full\"><img decoding=\"async\" width=\"1024\" height=\"683\" data-src=\"https:\/\/www.lucaghigliano.it\/zioghilli\/wp-content\/uploads\/2025\/08\/photo_75_2025-08-17_22-05-52.jpg\" src=\"data:image\/gif;base64,R0lGODlhAQABAIAAAAAAAP\/\/\/yH5BAEAAAAALAAAAAABAAEAAAIBRAA7\" alt=\"Vinadio Vinadio in bici da corsa: Colle della Maddalena raggiunto\" class=\"wp-image-4144 lazyload\"\/><noscript><img decoding=\"async\" width=\"1024\" height=\"683\" src=\"https:\/\/www.lucaghigliano.it\/zioghilli\/wp-content\/uploads\/2025\/08\/photo_75_2025-08-17_22-05-52.jpg\" alt=\"Vinadio Vinadio in bici da corsa: Colle della Maddalena raggiunto\" class=\"wp-image-4144\" srcset=\"https:\/\/www.lucaghigliano.it\/zioghilli\/wp-content\/uploads\/2025\/08\/photo_75_2025-08-17_22-05-52.jpg 1024w, https:\/\/www.lucaghigliano.it\/zioghilli\/wp-content\/uploads\/2025\/08\/photo_75_2025-08-17_22-05-52-300x200.jpg 300w, https:\/\/www.lucaghigliano.it\/zioghilli\/wp-content\/uploads\/2025\/08\/photo_75_2025-08-17_22-05-52-768x512.jpg 768w, https:\/\/www.lucaghigliano.it\/zioghilli\/wp-content\/uploads\/2025\/08\/photo_75_2025-08-17_22-05-52-600x400.jpg 600w, https:\/\/www.lucaghigliano.it\/zioghilli\/wp-content\/uploads\/2025\/08\/photo_75_2025-08-17_22-05-52-945x630.jpg 945w\" sizes=\"(max-width: 1024px) 100vw, 1024px\" \/><\/noscript><figcaption class=\"wp-element-caption\"><strong>Colle della Maddalena raggiunto. Pietraporzio loop praticamente ultimata. Ci resta solo la discesa<br>&#8211;<\/strong><\/figcaption><\/figure>\n\n\n\n<figure class=\"wp-block-gallery has-nested-images columns-default is-cropped wp-block-gallery-9 is-layout-flex wp-block-gallery-is-layout-flex\">\n<figure class=\"wp-block-image size-large\"><img decoding=\"async\" width=\"682\" height=\"1024\" data-src=\"https:\/\/www.lucaghigliano.it\/zioghilli\/wp-content\/uploads\/2025\/08\/photo_76_2025-08-17_22-05-52.jpg\" data-id=\"4145\" src=\"data:image\/gif;base64,R0lGODlhAQABAIAAAAAAAP\/\/\/yH5BAEAAAAALAAAAAABAAEAAAIBRAA7\" alt=\"Vinadio Vinadio in bici da corsa: foto davanti al cartello del Colle della Maddalena\" class=\"wp-image-4145 lazyload\"\/><noscript><img decoding=\"async\" width=\"682\" height=\"1024\" data-id=\"4145\" src=\"https:\/\/www.lucaghigliano.it\/zioghilli\/wp-content\/uploads\/2025\/08\/photo_76_2025-08-17_22-05-52.jpg\" alt=\"Vinadio Vinadio in bici da corsa: foto davanti al cartello del Colle della Maddalena\" class=\"wp-image-4145\" srcset=\"https:\/\/www.lucaghigliano.it\/zioghilli\/wp-content\/uploads\/2025\/08\/photo_76_2025-08-17_22-05-52.jpg 682w, https:\/\/www.lucaghigliano.it\/zioghilli\/wp-content\/uploads\/2025\/08\/photo_76_2025-08-17_22-05-52-200x300.jpg 200w, https:\/\/www.lucaghigliano.it\/zioghilli\/wp-content\/uploads\/2025\/08\/photo_76_2025-08-17_22-05-52-600x901.jpg 600w\" sizes=\"(max-width: 682px) 100vw, 682px\" \/><\/noscript><\/figure>\n\n\n\n<figure class=\"wp-block-image size-large\"><img decoding=\"async\" width=\"683\" height=\"1024\" data-src=\"https:\/\/www.lucaghigliano.it\/zioghilli\/wp-content\/uploads\/2025\/08\/photo_77_2025-08-17_22-05-53.jpg\" data-id=\"4146\" src=\"data:image\/gif;base64,R0lGODlhAQABAIAAAAAAAP\/\/\/yH5BAEAAAAALAAAAAABAAEAAAIBRAA7\" alt=\"Vinadio Vinadio in bici da corsa: foto davanti al cartello del Colle della Maddalena\" class=\"wp-image-4146 lazyload\"\/><noscript><img decoding=\"async\" width=\"683\" height=\"1024\" data-id=\"4146\" src=\"https:\/\/www.lucaghigliano.it\/zioghilli\/wp-content\/uploads\/2025\/08\/photo_77_2025-08-17_22-05-53.jpg\" alt=\"Vinadio Vinadio in bici da corsa: foto davanti al cartello del Colle della Maddalena\" class=\"wp-image-4146\" srcset=\"https:\/\/www.lucaghigliano.it\/zioghilli\/wp-content\/uploads\/2025\/08\/photo_77_2025-08-17_22-05-53.jpg 683w, https:\/\/www.lucaghigliano.it\/zioghilli\/wp-content\/uploads\/2025\/08\/photo_77_2025-08-17_22-05-53-200x300.jpg 200w, https:\/\/www.lucaghigliano.it\/zioghilli\/wp-content\/uploads\/2025\/08\/photo_77_2025-08-17_22-05-53-600x900.jpg 600w\" sizes=\"(max-width: 683px) 100vw, 683px\" \/><\/noscript><\/figure>\n<\/figure>\n\n\n\n<p class=\"wp-block-paragraph\">&#8211;<br>Arriviamo al colle con 15\u00b0 di temperatura, finiamo gli ultimi 2 panini, ci vestiamo per affrontare i 20 tornanti in discesa verso Pietraporzio. L&#8217;arrivo alla macchina \u00e8 come me l&#8217;ero immaginato: lancio la bici contro la staccionata del ristorante. <\/p>\n\n\n\n<h2 class=\"wp-block-heading\"><em><strong>Vinadio &#8211; Vinadio in bici da corsa \u00e8 completata<\/strong>!<\/em><\/h2>\n\n\n\n<p class=\"wp-block-paragraph\">Entro e chiedo un tavolo per due <strong><em>&#8220;&#8230;ma certo. Ne \u00e8 rimasto uno solo. Apparecchio per due&#8230;&#8221;<\/em><\/strong><br>&#x1f929;<\/p>\n\n\n\n<figure class=\"wp-block-image size-full\"><img decoding=\"async\" width=\"1024\" height=\"683\" data-src=\"https:\/\/www.lucaghigliano.it\/zioghilli\/wp-content\/uploads\/2025\/08\/photo_81_2025-08-17_22-05-53.jpg\" src=\"data:image\/gif;base64,R0lGODlhAQABAIAAAAAAAP\/\/\/yH5BAEAAAAALAAAAAABAAEAAAIBRAA7\" alt=\"Vinadio Vinadio in bici da corsa: Pietraporzio senza che abbiamo completato l'anello\" class=\"wp-image-4147 lazyload\"\/><noscript><img decoding=\"async\" width=\"1024\" height=\"683\" src=\"https:\/\/www.lucaghigliano.it\/zioghilli\/wp-content\/uploads\/2025\/08\/photo_81_2025-08-17_22-05-53.jpg\" alt=\"Vinadio Vinadio in bici da corsa: Pietraporzio senza che abbiamo completato l&#039;anello\" class=\"wp-image-4147\" srcset=\"https:\/\/www.lucaghigliano.it\/zioghilli\/wp-content\/uploads\/2025\/08\/photo_81_2025-08-17_22-05-53.jpg 1024w, https:\/\/www.lucaghigliano.it\/zioghilli\/wp-content\/uploads\/2025\/08\/photo_81_2025-08-17_22-05-53-300x200.jpg 300w, https:\/\/www.lucaghigliano.it\/zioghilli\/wp-content\/uploads\/2025\/08\/photo_81_2025-08-17_22-05-53-768x512.jpg 768w, https:\/\/www.lucaghigliano.it\/zioghilli\/wp-content\/uploads\/2025\/08\/photo_81_2025-08-17_22-05-53-600x400.jpg 600w, https:\/\/www.lucaghigliano.it\/zioghilli\/wp-content\/uploads\/2025\/08\/photo_81_2025-08-17_22-05-53-945x630.jpg 945w\" sizes=\"(max-width: 1024px) 100vw, 1024px\" \/><\/noscript><figcaption class=\"wp-element-caption\"><strong>Pietraporzio loop AKA Vinadio &#8211; Vinadio in bici da corsa | COMPLETATA<br>&#8211;<\/strong><\/figcaption><\/figure>\n\n\n\n<figure class=\"wp-block-gallery has-nested-images columns-default is-cropped wp-block-gallery-10 is-layout-flex wp-block-gallery-is-layout-flex\">\n<figure class=\"wp-block-image size-large\"><img decoding=\"async\" width=\"683\" height=\"1024\" data-src=\"https:\/\/www.lucaghigliano.it\/zioghilli\/wp-content\/uploads\/2025\/08\/photo_45_2025-08-17_22-05-52.jpg\" data-id=\"4148\" src=\"data:image\/gif;base64,R0lGODlhAQABAIAAAAAAAP\/\/\/yH5BAEAAAAALAAAAAABAAEAAAIBRAA7\" alt=\"\" class=\"wp-image-4148 lazyload\"\/><noscript><img decoding=\"async\" width=\"683\" height=\"1024\" data-id=\"4148\" src=\"https:\/\/www.lucaghigliano.it\/zioghilli\/wp-content\/uploads\/2025\/08\/photo_45_2025-08-17_22-05-52.jpg\" alt=\"\" class=\"wp-image-4148\" srcset=\"https:\/\/www.lucaghigliano.it\/zioghilli\/wp-content\/uploads\/2025\/08\/photo_45_2025-08-17_22-05-52.jpg 683w, https:\/\/www.lucaghigliano.it\/zioghilli\/wp-content\/uploads\/2025\/08\/photo_45_2025-08-17_22-05-52-200x300.jpg 200w, https:\/\/www.lucaghigliano.it\/zioghilli\/wp-content\/uploads\/2025\/08\/photo_45_2025-08-17_22-05-52-600x900.jpg 600w\" sizes=\"(max-width: 683px) 100vw, 683px\" \/><\/noscript><\/figure>\n\n\n\n<figure class=\"wp-block-image size-large\"><img decoding=\"async\" width=\"683\" height=\"1024\" data-src=\"https:\/\/www.lucaghigliano.it\/zioghilli\/wp-content\/uploads\/2025\/08\/photo_46_2025-08-17_22-05-52.jpg\" data-id=\"4149\" src=\"data:image\/gif;base64,R0lGODlhAQABAIAAAAAAAP\/\/\/yH5BAEAAAAALAAAAAABAAEAAAIBRAA7\" alt=\"\" class=\"wp-image-4149 lazyload\"\/><noscript><img decoding=\"async\" width=\"683\" height=\"1024\" data-id=\"4149\" src=\"https:\/\/www.lucaghigliano.it\/zioghilli\/wp-content\/uploads\/2025\/08\/photo_46_2025-08-17_22-05-52.jpg\" alt=\"\" class=\"wp-image-4149\" srcset=\"https:\/\/www.lucaghigliano.it\/zioghilli\/wp-content\/uploads\/2025\/08\/photo_46_2025-08-17_22-05-52.jpg 683w, https:\/\/www.lucaghigliano.it\/zioghilli\/wp-content\/uploads\/2025\/08\/photo_46_2025-08-17_22-05-52-200x300.jpg 200w, https:\/\/www.lucaghigliano.it\/zioghilli\/wp-content\/uploads\/2025\/08\/photo_46_2025-08-17_22-05-52-600x900.jpg 600w\" sizes=\"(max-width: 683px) 100vw, 683px\" \/><\/noscript><\/figure>\n<\/figure>\n\n\n\n<p class=\"wp-block-paragraph\">&#8211;<br>Che numero Sandrino. Che numero&#8230;<br>&#x1f60e;<\/p>\n\n\n\n<figure class=\"wp-block-image size-large\"><img decoding=\"async\" width=\"984\" height=\"1024\" data-src=\"https:\/\/www.lucaghigliano.it\/zioghilli\/wp-content\/uploads\/2025\/07\/photo_2025-08-17_23-09-32-1-984x1024.jpg\" src=\"data:image\/gif;base64,R0lGODlhAQABAIAAAAAAAP\/\/\/yH5BAEAAAAALAAAAAABAAEAAAIBRAA7\" alt=\"\" class=\"wp-image-4153 lazyload\"\/><noscript><img decoding=\"async\" width=\"984\" height=\"1024\" src=\"https:\/\/www.lucaghigliano.it\/zioghilli\/wp-content\/uploads\/2025\/07\/photo_2025-08-17_23-09-32-1-984x1024.jpg\" alt=\"\" class=\"wp-image-4153\" srcset=\"https:\/\/www.lucaghigliano.it\/zioghilli\/wp-content\/uploads\/2025\/07\/photo_2025-08-17_23-09-32-1-984x1024.jpg 984w, https:\/\/www.lucaghigliano.it\/zioghilli\/wp-content\/uploads\/2025\/07\/photo_2025-08-17_23-09-32-1-288x300.jpg 288w, https:\/\/www.lucaghigliano.it\/zioghilli\/wp-content\/uploads\/2025\/07\/photo_2025-08-17_23-09-32-1-768x800.jpg 768w, https:\/\/www.lucaghigliano.it\/zioghilli\/wp-content\/uploads\/2025\/07\/photo_2025-08-17_23-09-32-1-600x625.jpg 600w, https:\/\/www.lucaghigliano.it\/zioghilli\/wp-content\/uploads\/2025\/07\/photo_2025-08-17_23-09-32-1-945x984.jpg 945w, https:\/\/www.lucaghigliano.it\/zioghilli\/wp-content\/uploads\/2025\/07\/photo_2025-08-17_23-09-32-1.jpg 1024w\" sizes=\"(max-width: 984px) 100vw, 984px\" \/><\/noscript><figcaption class=\"wp-element-caption\">.<\/figcaption><\/figure>\n\n\n\n<p class=\"has-text-align-center wp-block-paragraph\">&#x2b06;&#xfe0f; <strong>TI \u00c8 PIACIUTO L&#8217;ARTICOLO?<\/strong> &#x2b06;&#xfe0f;<br>L&#8217;interazione con i lettori \u00e8 una delle maggiori soddisfazioni di un blogger!<br>&#x1f642;&#x1f643;<br>Lascia un commento qui sotto e ti risponder\u00f2 al pi\u00f9 presto<br>&#x2b07;&#xfe0f;&#x2b07;&#xfe0f;&#x2b07;&#xfe0f;<\/p>\n","protected":false},"excerpt":{"rendered":"<p>L&#8217;anello Vinadio &#8211; Vinadio in bici da corsa \u00e8 un classico del cicloturismo con i suoi 170km e oltre 4000m+ di dislivello<\/p>\n","protected":false},"author":1,"featured_media":4119,"comment_status":"open","ping_status":"open","sticky":false,"template":"","format":"standard","meta":{"footnotes":""},"categories":[1,6],"tags":[22,9,23,11],"class_list":["post-4104","post","type-post","status-publish","format-standard","has-post-thumbnail","hentry","category-blog","category-bici","tag-bici-da-corsa","tag-bici-da-corsa-piemonte","tag-bici-da-endurance","tag-canyon-endurace-al"],"_links":{"self":[{"href":"https:\/\/www.lucaghigliano.it\/zioghilli\/wp-json\/wp\/v2\/posts\/4104","targetHints":{"allow":["GET"]}}],"collection":[{"href":"https:\/\/www.lucaghigliano.it\/zioghilli\/wp-json\/wp\/v2\/posts"}],"about":[{"href":"https:\/\/www.lucaghigliano.it\/zioghilli\/wp-json\/wp\/v2\/types\/post"}],"author":[{"embeddable":true,"href":"https:\/\/www.lucaghigliano.it\/zioghilli\/wp-json\/wp\/v2\/users\/1"}],"replies":[{"embeddable":true,"href":"https:\/\/www.lucaghigliano.it\/zioghilli\/wp-json\/wp\/v2\/comments?post=4104"}],"version-history":[{"count":0,"href":"https:\/\/www.lucaghigliano.it\/zioghilli\/wp-json\/wp\/v2\/posts\/4104\/revisions"}],"wp:featuredmedia":[{"embeddable":true,"href":"https:\/\/www.lucaghigliano.it\/zioghilli\/wp-json\/wp\/v2\/media\/4119"}],"wp:attachment":[{"href":"https:\/\/www.lucaghigliano.it\/zioghilli\/wp-json\/wp\/v2\/media?parent=4104"}],"wp:term":[{"taxonomy":"category","embeddable":true,"href":"https:\/\/www.lucaghigliano.it\/zioghilli\/wp-json\/wp\/v2\/categories?post=4104"},{"taxonomy":"post_tag","embeddable":true,"href":"https:\/\/www.lucaghigliano.it\/zioghilli\/wp-json\/wp\/v2\/tags?post=4104"}],"curies":[{"name":"wp","href":"https:\/\/api.w.org\/{rel}","templated":true}]}}