{"id":4158,"date":"2025-08-22T09:32:00","date_gmt":"2025-08-22T08:32:00","guid":{"rendered":"https:\/\/www.lucaghigliano.it\/zioghilli\/?p=4158"},"modified":"2025-10-09T08:21:10","modified_gmt":"2025-10-09T07:21:10","slug":"punta-sommeiller-in-mtb","status":"publish","type":"post","link":"https:\/\/www.lucaghigliano.it\/zioghilli\/punta-sommeiller-in-mtb\/","title":{"rendered":"MTB | Verso Punta Sommeiller: il confine tra cielo, rocce e follia"},"content":{"rendered":"\n<p class=\"has-background wp-block-paragraph\" style=\"background-color:#8dd7ff\"><strong>RIASSUNTO IN 500 CARATTERI<\/strong> &#8211; Una salita tosta con paesaggi da sogno e tanta fatica: la <strong>Punta Sommeiller in MTB<\/strong> non \u00e8 una gita qualunque. \u00c8 un\u2019avventura vera, tra spinta, portage per andare <em>con <\/em>la bici fino a 3.332 m, tra risate, vette e panorami infiniti. Se ami il <strong>cicloalpinismo<\/strong> e le sfide che lasciano il segno, questo racconto ti far\u00e0 venir voglia di partire subito!<\/p>\n\n\n\n<p class=\"wp-block-paragraph\">Fatta questa <strong>fondamentale premessa<\/strong>, devo affermare che non sono un amante di tutto ci\u00f2 che c\u2019\u00e8 scritto qua sopra \u2013 in particolar modo del portage \u2013 ma l\u2019idea di andare <strong>con la bici fino a Punta Sommeiller in MTB<\/strong> mi solleticava assai. Raggiungere quota <strong><a href=\"https:\/\/it.wikipedia.org\/wiki\/Punta_Sommeiller\" target=\"_blank\" data-type=\"link\" data-id=\"https:\/\/it.wikipedia.org\/wiki\/Punta_Sommeiller\" rel=\"noreferrer noopener\">3.332 m alla Punta Sommeiller<\/a> in MTB<\/strong> ha un fascino tutto suo, un misto di follia e avventura che pochi giri possono eguagliare.<\/p>\n\n\n\n<p class=\"wp-block-paragraph\">Ma qual \u00e8 la differenza tra andare <em>in bici<\/em> e <em>con la bici<\/em>? Ce l\u2019ha spiegata un escursionista che abbiamo incrociato strada facendo:<br>\u2013 andare <em>in bici<\/em> significa andare in un luogo pedalando<br>\u2013 andare <em>con la bici<\/em> significa arrivare in un luogo dove la bici non c\u2019entra un cazzo e tu ce la porti su di forza<\/p>\n\n\n\n<p class=\"wp-block-paragraph\">Insomma, il tizio ha centrato pienamente la questione, poi ognuno ha i suoi gusti\u2026<br>&#x1f643;<\/p>\n\n\n\n<h2 class=\"wp-block-heading\">Come \u00e8 nata l\u2019idea (folle) di salire a Punta Sommeiller in MTB<\/h2>\n\n\n\n<p class=\"wp-block-paragraph\">Tutto inizia quando <a href=\"https:\/\/www.komoot.com\/it-it\/tour\/2471216137\" data-type=\"link\" data-id=\"https:\/\/www.komoot.com\/it-it\/tour\/2471216137\" target=\"_blank\" rel=\"noopener\">Fabrizio ha pubblicato su Komoot un giro con suo fratello Marculin<\/a> ed io ho visto le foto delle bici ai <strong>3.332 m di Punta Sommeiller in MTB<\/strong>: la bocca mi si \u00e8 aperta e la mandibola \u00e8 cascata come l\u2019emoticon dell\u2019Urlo di Munch\u2026<br>&#x1f631;<\/p>\n\n\n\n<p class=\"wp-block-paragraph\">In vita mia ero gi\u00e0 arrivato in bici ai <a href=\"https:\/\/www.lucaghigliano.it\/zioghilli\/chaberton-in-mtb-la-fortezza-tra-le-nuvole\/\" data-type=\"post\" data-id=\"632\" target=\"_blank\" rel=\"noreferrer noopener\">3.131m dello Chaberton<\/a> (un po\u2019 <em>in bici<\/em> ed un po\u2019 <em>con la bici<\/em>) e poi ai <a href=\"https:\/\/www.lucaghigliano.it\/zioghilli\/col-leynir-in-mtb-3085m\/\" data-type=\"post\" data-id=\"1891\" target=\"_blank\" rel=\"noreferrer noopener\">3.084m del Col Leynir<\/a>, da cui avevamo poi provato a salire al Taou Blanc fermandoci a quota 3.150 m (l\u00ec invece era solamente <em>con la bici<\/em>). Ma <strong>Punta Sommeiller in MTB<\/strong> rappresentava un nuovo livello, un colpo all\u2019asticella, una sfida che non potevo ignorare.<br>&#x1f60e;<\/p>\n\n\n\n<p class=\"wp-block-paragraph\">Faccio la proposta a Chicco e sembra interessato: dice che sarebbe una bella avventura. Lui \u00e8 una bestia a camminare ma \u00e8 poco allenato in bici. Viceversa, io sono allenato in bici ma a camminare mi rompo i coglioni \u2014 soprattutto se devo anche spingere la bici. Ci compenseremo a vicenda dai\u2026<br>&#x1f929;<\/p>\n\n\n\n<h2 class=\"wp-block-heading\">Avvicinamento a Punta Sommeiller in mountain-bike<\/h2>\n\n\n\n<p class=\"wp-block-paragraph\">Parcheggiamo ai <a href=\"https:\/\/it.wikipedia.org\/wiki\/Bardonecchia\" data-type=\"link\" data-id=\"https:\/\/it.wikipedia.org\/wiki\/Bardonecchia\" target=\"_blank\" rel=\"noopener\">bacini di Bardonecchia<\/a>. La prima parte \u00e8 sulla <a href=\"https:\/\/it.wikipedia.org\/wiki\/Decauville\" data-type=\"link\" data-id=\"https:\/\/it.wikipedia.org\/wiki\/Decauville\" target=\"_blank\" rel=\"noopener\">Decauville<\/a>, un percorso pianeggiante ideale per scaldare le gambe, anche se oggi l\u2019impresa \u00e8 ardua dato che ci sono 8\u00b0. Mentre pedalo penso gi\u00e0 a quello che ci aspetta lass\u00f9, al ghiacciaio, al vento gelido e alla sensazione unica che solo <strong>Punta Sommeiller in MTB<\/strong> pu\u00f2 regalare.<br>&#x1f976;<\/p>\n\n\n\n<p class=\"wp-block-paragraph\">Ogni curva di questa salita, ogni tratto spinto a mano, mi ricorda perch\u00e9 amo queste follie: perch\u00e9 quando sei lass\u00f9, con la bici al fianco e il mondo sotto di te, capisci che <strong>Punta Sommeiller in MTB<\/strong> non \u00e8 solo una vetta, ma un\u2019esperienza da vivere con tutto te stesso.<\/p>\n\n\n\n<figure class=\"wp-block-image size-full\"><img decoding=\"async\" width=\"1024\" height=\"682\" data-src=\"https:\/\/www.lucaghigliano.it\/zioghilli\/wp-content\/uploads\/2025\/08\/IMG_20250822_101137241.jpg\" src=\"data:image\/gif;base64,R0lGODlhAQABAIAAAAAAAP\/\/\/yH5BAEAAAAALAAAAAABAAEAAAIBRAA7\" alt=\"Punta Sommeiller in MTB: il lago di Rochemolles\" class=\"wp-image-4170 lazyload\"\/><noscript><img decoding=\"async\" width=\"1024\" height=\"682\" src=\"https:\/\/www.lucaghigliano.it\/zioghilli\/wp-content\/uploads\/2025\/08\/IMG_20250822_101137241.jpg\" alt=\"Punta Sommeiller in MTB: il lago di Rochemolles\" class=\"wp-image-4170\" srcset=\"https:\/\/www.lucaghigliano.it\/zioghilli\/wp-content\/uploads\/2025\/08\/IMG_20250822_101137241.jpg 1024w, https:\/\/www.lucaghigliano.it\/zioghilli\/wp-content\/uploads\/2025\/08\/IMG_20250822_101137241-300x200.jpg 300w, https:\/\/www.lucaghigliano.it\/zioghilli\/wp-content\/uploads\/2025\/08\/IMG_20250822_101137241-768x512.jpg 768w, https:\/\/www.lucaghigliano.it\/zioghilli\/wp-content\/uploads\/2025\/08\/IMG_20250822_101137241-600x400.jpg 600w, https:\/\/www.lucaghigliano.it\/zioghilli\/wp-content\/uploads\/2025\/08\/IMG_20250822_101137241-945x629.jpg 945w\" sizes=\"(max-width: 1024px) 100vw, 1024px\" \/><\/noscript><figcaption class=\"wp-element-caption\">Il lago artificiale creato dalla diga di Rochemolles<br>.<\/figcaption><\/figure>\n\n\n\n<figure class=\"wp-block-image size-full\"><img decoding=\"async\" width=\"1024\" height=\"683\" data-src=\"https:\/\/www.lucaghigliano.it\/zioghilli\/wp-content\/uploads\/2025\/08\/IMG_20250822_101202097.jpg\" src=\"data:image\/gif;base64,R0lGODlhAQABAIAAAAAAAP\/\/\/yH5BAEAAAAALAAAAAABAAEAAAIBRAA7\" alt=\"Punta Sommeiller in MTB - storie di mountain-bike: sulla strada\" class=\"wp-image-4169 lazyload\"\/><noscript><img decoding=\"async\" width=\"1024\" height=\"683\" src=\"https:\/\/www.lucaghigliano.it\/zioghilli\/wp-content\/uploads\/2025\/08\/IMG_20250822_101202097.jpg\" alt=\"Punta Sommeiller in MTB - storie di mountain-bike: sulla strada\" class=\"wp-image-4169\" srcset=\"https:\/\/www.lucaghigliano.it\/zioghilli\/wp-content\/uploads\/2025\/08\/IMG_20250822_101202097.jpg 1024w, https:\/\/www.lucaghigliano.it\/zioghilli\/wp-content\/uploads\/2025\/08\/IMG_20250822_101202097-300x200.jpg 300w, https:\/\/www.lucaghigliano.it\/zioghilli\/wp-content\/uploads\/2025\/08\/IMG_20250822_101202097-768x512.jpg 768w, https:\/\/www.lucaghigliano.it\/zioghilli\/wp-content\/uploads\/2025\/08\/IMG_20250822_101202097-600x400.jpg 600w, https:\/\/www.lucaghigliano.it\/zioghilli\/wp-content\/uploads\/2025\/08\/IMG_20250822_101202097-945x630.jpg 945w\" sizes=\"(max-width: 1024px) 100vw, 1024px\" \/><\/noscript><figcaption class=\"wp-element-caption\">Il Chicco. Compagni di classe per 5 anni di superiori. Ma chi l&#8217;avrebbe mai detto che&#8230;<br>.<\/figcaption><\/figure>\n\n\n\n<p class=\"wp-block-paragraph\">Attacchiamo la strada che ci conduce al bellissimo pianoro del <strong><a href=\"https:\/\/www.rifugioscarfiotticrosetto.com\/\" data-type=\"link\" data-id=\"https:\/\/www.rifugioscarfiotticrosetto.com\/\" target=\"_blank\" rel=\"noreferrer noopener\">Rifugio Scarfiotti<\/a><\/strong> (chiuso \u2013 ahim\u00e8) e da l\u00ec iniziamo tutti i tornanti verso Pian dei Morti e Pian dei Frati, una delle parti pi\u00f9 suggestive di tutta <strong>Punta Sommeiller in MTB<\/strong>.<\/p>\n\n\n\n<p class=\"wp-block-paragraph\">Essendo venerd\u00ec ci sono un po\u2019 di moto (la strada \u00e8 chiusa al traffico il gioved\u00ec), ma a noi infastidiscono poco: ex motociclista io e motociclista tutt\u2019ora il Chicco, ci godiamo il passaggio come un tuffo nei ricordi. Tanti <strong>Yamaha Tener\u00e8 700<\/strong> (bellissime) e <strong>Africa Twin<\/strong> (che per\u00f2 inizio a trovare un po\u2019 noiosa), qualche <strong>Honda XR600<\/strong>, una splendida e anzianotta <strong>Yamaha Tener\u00e8 600<\/strong> in colorazione Gauloise con doppio scarico Leovince.<\/p>\n\n\n\n<p class=\"wp-block-paragraph\">Pochi BMW GS, qualche moto cinese tra cui una sorprendente <strong>Kove 450 Rally<\/strong>. Tutti comunque molto corretti e pronti a rallentare quando ci incrociano. A parte un paio di tedeschi un po\u2019 \u201carrapati\u201d su KTM da enduro\u2026 ma ci sta dai, \u00e8 il bello di <strong>Punta Sommeiller in MTB<\/strong>, dove tutti \u2013 su due ruote, motore o pedali \u2013 condividono la stessa montagna.<br>&#x1f607;<\/p>\n\n\n\n<figure class=\"wp-block-image size-full\"><img decoding=\"async\" width=\"1024\" height=\"682\" data-src=\"https:\/\/www.lucaghigliano.it\/zioghilli\/wp-content\/uploads\/2025\/08\/IMG_20250822_105114408.jpg\" src=\"data:image\/gif;base64,R0lGODlhAQABAIAAAAAAAP\/\/\/yH5BAEAAAAALAAAAAABAAEAAAIBRAA7\" alt=\"Punta Sommeiller in MTB - storie di mountain-bike: rifugio Scarfiotti\" class=\"wp-image-4167 lazyload\"\/><noscript><img decoding=\"async\" width=\"1024\" height=\"682\" src=\"https:\/\/www.lucaghigliano.it\/zioghilli\/wp-content\/uploads\/2025\/08\/IMG_20250822_105114408.jpg\" alt=\"Punta Sommeiller in MTB - storie di mountain-bike: rifugio Scarfiotti\" class=\"wp-image-4167\" srcset=\"https:\/\/www.lucaghigliano.it\/zioghilli\/wp-content\/uploads\/2025\/08\/IMG_20250822_105114408.jpg 1024w, https:\/\/www.lucaghigliano.it\/zioghilli\/wp-content\/uploads\/2025\/08\/IMG_20250822_105114408-300x200.jpg 300w, https:\/\/www.lucaghigliano.it\/zioghilli\/wp-content\/uploads\/2025\/08\/IMG_20250822_105114408-768x512.jpg 768w, https:\/\/www.lucaghigliano.it\/zioghilli\/wp-content\/uploads\/2025\/08\/IMG_20250822_105114408-600x400.jpg 600w, https:\/\/www.lucaghigliano.it\/zioghilli\/wp-content\/uploads\/2025\/08\/IMG_20250822_105114408-945x629.jpg 945w\" sizes=\"(max-width: 1024px) 100vw, 1024px\" \/><\/noscript><figcaption class=\"wp-element-caption\">Rif. Scarfiotti chiuso<br>.<\/figcaption><\/figure>\n\n\n\n<figure class=\"wp-block-image size-full\"><img decoding=\"async\" width=\"1024\" height=\"683\" data-src=\"https:\/\/www.lucaghigliano.it\/zioghilli\/wp-content\/uploads\/2025\/08\/IMG_20250822_105926740.jpg\" src=\"data:image\/gif;base64,R0lGODlhAQABAIAAAAAAAP\/\/\/yH5BAEAAAAALAAAAAABAAEAAAIBRAA7\" alt=\"Punta Sommeiller in MTB - storie di mountain-bike: la conca dello Scarfiotti\" class=\"wp-image-4168 lazyload\"\/><noscript><img decoding=\"async\" width=\"1024\" height=\"683\" src=\"https:\/\/www.lucaghigliano.it\/zioghilli\/wp-content\/uploads\/2025\/08\/IMG_20250822_105926740.jpg\" alt=\"Punta Sommeiller in MTB - storie di mountain-bike: la conca dello Scarfiotti\" class=\"wp-image-4168\" srcset=\"https:\/\/www.lucaghigliano.it\/zioghilli\/wp-content\/uploads\/2025\/08\/IMG_20250822_105926740.jpg 1024w, https:\/\/www.lucaghigliano.it\/zioghilli\/wp-content\/uploads\/2025\/08\/IMG_20250822_105926740-300x200.jpg 300w, https:\/\/www.lucaghigliano.it\/zioghilli\/wp-content\/uploads\/2025\/08\/IMG_20250822_105926740-768x512.jpg 768w, https:\/\/www.lucaghigliano.it\/zioghilli\/wp-content\/uploads\/2025\/08\/IMG_20250822_105926740-600x400.jpg 600w, https:\/\/www.lucaghigliano.it\/zioghilli\/wp-content\/uploads\/2025\/08\/IMG_20250822_105926740-945x630.jpg 945w\" sizes=\"(max-width: 1024px) 100vw, 1024px\" \/><\/noscript><figcaption class=\"wp-element-caption\">La bellissima conca dello Scarfiotti<br>.<\/figcaption><\/figure>\n\n\n\n<figure class=\"wp-block-image size-full\"><img decoding=\"async\" width=\"1024\" height=\"683\" data-src=\"https:\/\/www.lucaghigliano.it\/zioghilli\/wp-content\/uploads\/2025\/08\/IMG_20250822_112251410_HDR.jpg\" src=\"data:image\/gif;base64,R0lGODlhAQABAIAAAAAAAP\/\/\/yH5BAEAAAAALAAAAAABAAEAAAIBRAA7\" alt=\"Salita verso Punta Sommeiller in MTB tra i tornanti e il panorama alpino\" class=\"wp-image-4171 lazyload\"\/><noscript><img decoding=\"async\" width=\"1024\" height=\"683\" src=\"https:\/\/www.lucaghigliano.it\/zioghilli\/wp-content\/uploads\/2025\/08\/IMG_20250822_112251410_HDR.jpg\" alt=\"Salita verso Punta Sommeiller in MTB tra i tornanti e il panorama alpino\" class=\"wp-image-4171\" srcset=\"https:\/\/www.lucaghigliano.it\/zioghilli\/wp-content\/uploads\/2025\/08\/IMG_20250822_112251410_HDR.jpg 1024w, https:\/\/www.lucaghigliano.it\/zioghilli\/wp-content\/uploads\/2025\/08\/IMG_20250822_112251410_HDR-300x200.jpg 300w, https:\/\/www.lucaghigliano.it\/zioghilli\/wp-content\/uploads\/2025\/08\/IMG_20250822_112251410_HDR-768x512.jpg 768w, https:\/\/www.lucaghigliano.it\/zioghilli\/wp-content\/uploads\/2025\/08\/IMG_20250822_112251410_HDR-600x400.jpg 600w, https:\/\/www.lucaghigliano.it\/zioghilli\/wp-content\/uploads\/2025\/08\/IMG_20250822_112251410_HDR-945x630.jpg 945w\" sizes=\"(max-width: 1024px) 100vw, 1024px\" \/><\/noscript><figcaption class=\"wp-element-caption\">.<\/figcaption><\/figure>\n\n\n\n<figure class=\"wp-block-image size-full\"><img decoding=\"async\" width=\"1024\" height=\"683\" data-src=\"https:\/\/www.lucaghigliano.it\/zioghilli\/wp-content\/uploads\/2025\/08\/IMG_20250822_114330037-1.jpg\" src=\"data:image\/gif;base64,R0lGODlhAQABAIAAAAAAAP\/\/\/yH5BAEAAAAALAAAAAABAAEAAAIBRAA7\" alt=\"Punta Sommeiller in MTB - storie di mountain-bike: direzione &quot;lass\u00f9&quot;\" class=\"wp-image-4173 lazyload\"\/><noscript><img decoding=\"async\" width=\"1024\" height=\"683\" src=\"https:\/\/www.lucaghigliano.it\/zioghilli\/wp-content\/uploads\/2025\/08\/IMG_20250822_114330037-1.jpg\" alt=\"Punta Sommeiller in MTB - storie di mountain-bike: direzione &quot;lass\u00f9&quot;\" class=\"wp-image-4173\" srcset=\"https:\/\/www.lucaghigliano.it\/zioghilli\/wp-content\/uploads\/2025\/08\/IMG_20250822_114330037-1.jpg 1024w, https:\/\/www.lucaghigliano.it\/zioghilli\/wp-content\/uploads\/2025\/08\/IMG_20250822_114330037-1-300x200.jpg 300w, https:\/\/www.lucaghigliano.it\/zioghilli\/wp-content\/uploads\/2025\/08\/IMG_20250822_114330037-1-768x512.jpg 768w, https:\/\/www.lucaghigliano.it\/zioghilli\/wp-content\/uploads\/2025\/08\/IMG_20250822_114330037-1-600x400.jpg 600w, https:\/\/www.lucaghigliano.it\/zioghilli\/wp-content\/uploads\/2025\/08\/IMG_20250822_114330037-1-945x630.jpg 945w\" sizes=\"(max-width: 1024px) 100vw, 1024px\" \/><\/noscript><figcaption class=\"wp-element-caption\">Noi siamo diretti lass\u00f9 e la cosa fa abbastanza impressione perch\u00e8 sembra lontanissimo ed &#8220;in altissimo&#8221;<br>.<\/figcaption><\/figure>\n\n\n\n<h2 class=\"wp-block-heading\">Ecco il sentiero: andare CON la MTB a Punta Sommeiller<\/h2>\n\n\n\n<p class=\"wp-block-paragraph\">Arrivati al terzo tornante dopo Pian dei Frati parte il sentiero verso la vetta di <strong>Punta Sommeiller in MTB<\/strong>, che da qui sembra veramente lontanissima. Inizia la parte pi\u00f9 tosta: tre ore abbondanti di spinta e 750 m di dislivello. <\/p>\n\n\n\n<p class=\"wp-block-paragraph\">Mi ripeto: io detesto spingere la bici in salita (e pure in discesa), ma oggi lo trovo quasi accettabile, forse perch\u00e9 l\u2019obiettivo \u00e8 chiaro \u2014 arrivare in cima a <strong>Punta Sommeiller in MTB<\/strong>, dove ogni passo avvicina un sogno.<\/p>\n\n\n\n<p class=\"wp-block-paragraph\">Con il Chicco ce la raccontiamo, ci fermiamo ogni tanto per osservare il panorama, senza fretta. Bello. Non direi una fatica piacevole, ma quasi accettabile. Quasi\u2026 E mentre guardo verso l\u2019alto, il sentiero che serpeggia tra le rocce mi ricorda quanto sia affascinante questa sfida chiamata <strong>Punta Sommeiller in MTB<\/strong>.<br>&#x1f601;<\/p>\n\n\n\n<figure class=\"wp-block-image size-full\"><img decoding=\"async\" width=\"1024\" height=\"682\" data-src=\"https:\/\/www.lucaghigliano.it\/zioghilli\/wp-content\/uploads\/2025\/08\/IMG_20250822_121333162_HDR.jpg\" src=\"data:image\/gif;base64,R0lGODlhAQABAIAAAAAAAP\/\/\/yH5BAEAAAAALAAAAAABAAEAAAIBRAA7\" alt=\"Punta Sommeiller in MTB - storie di mountain-bike: il bivio\" class=\"wp-image-4174 lazyload\"\/><noscript><img decoding=\"async\" width=\"1024\" height=\"682\" src=\"https:\/\/www.lucaghigliano.it\/zioghilli\/wp-content\/uploads\/2025\/08\/IMG_20250822_121333162_HDR.jpg\" alt=\"Punta Sommeiller in MTB - storie di mountain-bike: il bivio\" class=\"wp-image-4174\" srcset=\"https:\/\/www.lucaghigliano.it\/zioghilli\/wp-content\/uploads\/2025\/08\/IMG_20250822_121333162_HDR.jpg 1024w, https:\/\/www.lucaghigliano.it\/zioghilli\/wp-content\/uploads\/2025\/08\/IMG_20250822_121333162_HDR-300x200.jpg 300w, https:\/\/www.lucaghigliano.it\/zioghilli\/wp-content\/uploads\/2025\/08\/IMG_20250822_121333162_HDR-768x512.jpg 768w, https:\/\/www.lucaghigliano.it\/zioghilli\/wp-content\/uploads\/2025\/08\/IMG_20250822_121333162_HDR-600x400.jpg 600w, https:\/\/www.lucaghigliano.it\/zioghilli\/wp-content\/uploads\/2025\/08\/IMG_20250822_121333162_HDR-945x629.jpg 945w\" sizes=\"(max-width: 1024px) 100vw, 1024px\" \/><\/noscript><figcaption class=\"wp-element-caption\">Bivio per Punta Sommeiller<br>.<\/figcaption><\/figure>\n\n\n\n<figure class=\"wp-block-image size-full\"><img decoding=\"async\" width=\"1024\" height=\"683\" data-src=\"https:\/\/www.lucaghigliano.it\/zioghilli\/wp-content\/uploads\/2025\/08\/IMG_20250822_122918110.jpg\" src=\"data:image\/gif;base64,R0lGODlhAQABAIAAAAAAAP\/\/\/yH5BAEAAAAALAAAAAABAAEAAAIBRAA7\" alt=\"Punta Sommeiller in MTB - storie di mountain-bike: iniziamo il portage\" class=\"wp-image-4175 lazyload\"\/><noscript><img decoding=\"async\" width=\"1024\" height=\"683\" src=\"https:\/\/www.lucaghigliano.it\/zioghilli\/wp-content\/uploads\/2025\/08\/IMG_20250822_122918110.jpg\" alt=\"Punta Sommeiller in MTB - storie di mountain-bike: iniziamo il portage\" class=\"wp-image-4175\" srcset=\"https:\/\/www.lucaghigliano.it\/zioghilli\/wp-content\/uploads\/2025\/08\/IMG_20250822_122918110.jpg 1024w, https:\/\/www.lucaghigliano.it\/zioghilli\/wp-content\/uploads\/2025\/08\/IMG_20250822_122918110-300x200.jpg 300w, https:\/\/www.lucaghigliano.it\/zioghilli\/wp-content\/uploads\/2025\/08\/IMG_20250822_122918110-768x512.jpg 768w, https:\/\/www.lucaghigliano.it\/zioghilli\/wp-content\/uploads\/2025\/08\/IMG_20250822_122918110-600x400.jpg 600w, https:\/\/www.lucaghigliano.it\/zioghilli\/wp-content\/uploads\/2025\/08\/IMG_20250822_122918110-945x630.jpg 945w\" sizes=\"(max-width: 1024px) 100vw, 1024px\" \/><\/noscript><figcaption class=\"wp-element-caption\">Iniziamo lo &#8220;spintage&#8221;<br>.<\/figcaption><\/figure>\n\n\n\n<figure class=\"wp-block-image size-large\"><img decoding=\"async\" width=\"1024\" height=\"461\" data-src=\"https:\/\/www.lucaghigliano.it\/zioghilli\/wp-content\/uploads\/2025\/08\/20250822_134639_45.11930_6.85024-1024x461.jpg\" src=\"data:image\/gif;base64,R0lGODlhAQABAIAAAAAAAP\/\/\/yH5BAEAAAAALAAAAAABAAEAAAIBRAA7\" alt=\"Punta Sommeiller in MTB - storie di mountain-bike: panorama con peakfinder\" class=\"wp-image-4176 lazyload\"\/><noscript><img decoding=\"async\" width=\"1024\" height=\"461\" src=\"https:\/\/www.lucaghigliano.it\/zioghilli\/wp-content\/uploads\/2025\/08\/20250822_134639_45.11930_6.85024-1024x461.jpg\" alt=\"Punta Sommeiller in MTB - storie di mountain-bike: panorama con peakfinder\" class=\"wp-image-4176\" srcset=\"https:\/\/www.lucaghigliano.it\/zioghilli\/wp-content\/uploads\/2025\/08\/20250822_134639_45.11930_6.85024-1024x461.jpg 1024w, https:\/\/www.lucaghigliano.it\/zioghilli\/wp-content\/uploads\/2025\/08\/20250822_134639_45.11930_6.85024-300x135.jpg 300w, https:\/\/www.lucaghigliano.it\/zioghilli\/wp-content\/uploads\/2025\/08\/20250822_134639_45.11930_6.85024-768x346.jpg 768w, https:\/\/www.lucaghigliano.it\/zioghilli\/wp-content\/uploads\/2025\/08\/20250822_134639_45.11930_6.85024-1536x691.jpg 1536w, https:\/\/www.lucaghigliano.it\/zioghilli\/wp-content\/uploads\/2025\/08\/20250822_134639_45.11930_6.85024-2048x922.jpg 2048w, https:\/\/www.lucaghigliano.it\/zioghilli\/wp-content\/uploads\/2025\/08\/20250822_134639_45.11930_6.85024-600x270.jpg 600w, https:\/\/www.lucaghigliano.it\/zioghilli\/wp-content\/uploads\/2025\/08\/20250822_134639_45.11930_6.85024-945x425.jpg 945w\" sizes=\"(max-width: 1024px) 100vw, 1024px\" \/><\/noscript><figcaption class=\"wp-element-caption\">Panorama ne abbiamo? Creato con <a href=\"https:\/\/www.peakfinder.com\/it\/\" data-type=\"link\" data-id=\"https:\/\/www.peakfinder.com\/it\/\" target=\"_blank\" rel=\"noopener\">PeakFinder<\/a><br>.<\/figcaption><\/figure>\n\n\n\n<figure class=\"wp-block-image size-full\"><img decoding=\"async\" width=\"1024\" height=\"683\" data-src=\"https:\/\/www.lucaghigliano.it\/zioghilli\/wp-content\/uploads\/2025\/08\/IMG_20250822_130626967.jpg\" src=\"data:image\/gif;base64,R0lGODlhAQABAIAAAAAAAP\/\/\/yH5BAEAAAAALAAAAAABAAEAAAIBRAA7\" alt=\"\" class=\"wp-image-4177 lazyload\"\/><noscript><img decoding=\"async\" width=\"1024\" height=\"683\" src=\"https:\/\/www.lucaghigliano.it\/zioghilli\/wp-content\/uploads\/2025\/08\/IMG_20250822_130626967.jpg\" alt=\"\" class=\"wp-image-4177\" srcset=\"https:\/\/www.lucaghigliano.it\/zioghilli\/wp-content\/uploads\/2025\/08\/IMG_20250822_130626967.jpg 1024w, https:\/\/www.lucaghigliano.it\/zioghilli\/wp-content\/uploads\/2025\/08\/IMG_20250822_130626967-300x200.jpg 300w, https:\/\/www.lucaghigliano.it\/zioghilli\/wp-content\/uploads\/2025\/08\/IMG_20250822_130626967-768x512.jpg 768w, https:\/\/www.lucaghigliano.it\/zioghilli\/wp-content\/uploads\/2025\/08\/IMG_20250822_130626967-600x400.jpg 600w, https:\/\/www.lucaghigliano.it\/zioghilli\/wp-content\/uploads\/2025\/08\/IMG_20250822_130626967-945x630.jpg 945w\" sizes=\"(max-width: 1024px) 100vw, 1024px\" \/><\/noscript><figcaption class=\"wp-element-caption\">.<\/figcaption><\/figure>\n\n\n\n<figure class=\"wp-block-image size-full\"><img decoding=\"async\" width=\"1024\" height=\"683\" data-src=\"https:\/\/www.lucaghigliano.it\/zioghilli\/wp-content\/uploads\/2025\/08\/IMG_20250822_134831987.jpg\" src=\"data:image\/gif;base64,R0lGODlhAQABAIAAAAAAAP\/\/\/yH5BAEAAAAALAAAAAABAAEAAAIBRAA7\" alt=\"\" class=\"wp-image-4178 lazyload\"\/><noscript><img decoding=\"async\" width=\"1024\" height=\"683\" src=\"https:\/\/www.lucaghigliano.it\/zioghilli\/wp-content\/uploads\/2025\/08\/IMG_20250822_134831987.jpg\" alt=\"\" class=\"wp-image-4178\" srcset=\"https:\/\/www.lucaghigliano.it\/zioghilli\/wp-content\/uploads\/2025\/08\/IMG_20250822_134831987.jpg 1024w, https:\/\/www.lucaghigliano.it\/zioghilli\/wp-content\/uploads\/2025\/08\/IMG_20250822_134831987-300x200.jpg 300w, https:\/\/www.lucaghigliano.it\/zioghilli\/wp-content\/uploads\/2025\/08\/IMG_20250822_134831987-768x512.jpg 768w, https:\/\/www.lucaghigliano.it\/zioghilli\/wp-content\/uploads\/2025\/08\/IMG_20250822_134831987-600x400.jpg 600w, https:\/\/www.lucaghigliano.it\/zioghilli\/wp-content\/uploads\/2025\/08\/IMG_20250822_134831987-945x630.jpg 945w\" sizes=\"(max-width: 1024px) 100vw, 1024px\" \/><\/noscript><figcaption class=\"wp-element-caption\">&#8220;Pausa panino appena arriviamo a 3.000 metri?&#8221;<br><strong>Detto &#8211; Fatto<\/strong><br>.<\/figcaption><\/figure>\n\n\n\n<figure class=\"wp-block-gallery has-nested-images columns-default is-cropped wp-block-gallery-1 is-layout-flex wp-block-gallery-is-layout-flex\">\n<figure class=\"wp-block-image size-large\"><img decoding=\"async\" width=\"682\" height=\"1024\" data-src=\"https:\/\/www.lucaghigliano.it\/zioghilli\/wp-content\/uploads\/2025\/08\/IMG_20250822_135236232.jpg\" data-id=\"4179\" src=\"data:image\/gif;base64,R0lGODlhAQABAIAAAAAAAP\/\/\/yH5BAEAAAAALAAAAAABAAEAAAIBRAA7\" alt=\"\" class=\"wp-image-4179 lazyload\"\/><noscript><img decoding=\"async\" width=\"682\" height=\"1024\" data-id=\"4179\" src=\"https:\/\/www.lucaghigliano.it\/zioghilli\/wp-content\/uploads\/2025\/08\/IMG_20250822_135236232.jpg\" alt=\"\" class=\"wp-image-4179\" srcset=\"https:\/\/www.lucaghigliano.it\/zioghilli\/wp-content\/uploads\/2025\/08\/IMG_20250822_135236232.jpg 682w, https:\/\/www.lucaghigliano.it\/zioghilli\/wp-content\/uploads\/2025\/08\/IMG_20250822_135236232-200x300.jpg 200w, https:\/\/www.lucaghigliano.it\/zioghilli\/wp-content\/uploads\/2025\/08\/IMG_20250822_135236232-600x901.jpg 600w\" sizes=\"(max-width: 682px) 100vw, 682px\" \/><\/noscript><\/figure>\n\n\n\n<figure class=\"wp-block-image size-large\"><img decoding=\"async\" width=\"683\" height=\"1024\" data-src=\"https:\/\/www.lucaghigliano.it\/zioghilli\/wp-content\/uploads\/2025\/08\/IMG_20250822_141315721.jpg\" data-id=\"4180\" src=\"data:image\/gif;base64,R0lGODlhAQABAIAAAAAAAP\/\/\/yH5BAEAAAAALAAAAAABAAEAAAIBRAA7\" alt=\"\" class=\"wp-image-4180 lazyload\"\/><noscript><img decoding=\"async\" width=\"683\" height=\"1024\" data-id=\"4180\" src=\"https:\/\/www.lucaghigliano.it\/zioghilli\/wp-content\/uploads\/2025\/08\/IMG_20250822_141315721.jpg\" alt=\"\" class=\"wp-image-4180\" srcset=\"https:\/\/www.lucaghigliano.it\/zioghilli\/wp-content\/uploads\/2025\/08\/IMG_20250822_141315721.jpg 683w, https:\/\/www.lucaghigliano.it\/zioghilli\/wp-content\/uploads\/2025\/08\/IMG_20250822_141315721-200x300.jpg 200w, https:\/\/www.lucaghigliano.it\/zioghilli\/wp-content\/uploads\/2025\/08\/IMG_20250822_141315721-600x900.jpg 600w\" sizes=\"(max-width: 683px) 100vw, 683px\" \/><\/noscript><\/figure>\n<\/figure>\n\n\n\n<p class=\"wp-block-paragraph\">.<\/p>\n\n\n\n<figure class=\"wp-block-image size-full\"><img decoding=\"async\" width=\"1024\" height=\"682\" data-src=\"https:\/\/www.lucaghigliano.it\/zioghilli\/wp-content\/uploads\/2025\/08\/IMG_20250822_142746822.jpg\" src=\"data:image\/gif;base64,R0lGODlhAQABAIAAAAAAAP\/\/\/yH5BAEAAAAALAAAAAABAAEAAAIBRAA7\" alt=\"\" class=\"wp-image-4182 lazyload\"\/><noscript><img decoding=\"async\" width=\"1024\" height=\"682\" src=\"https:\/\/www.lucaghigliano.it\/zioghilli\/wp-content\/uploads\/2025\/08\/IMG_20250822_142746822.jpg\" alt=\"\" class=\"wp-image-4182\" srcset=\"https:\/\/www.lucaghigliano.it\/zioghilli\/wp-content\/uploads\/2025\/08\/IMG_20250822_142746822.jpg 1024w, https:\/\/www.lucaghigliano.it\/zioghilli\/wp-content\/uploads\/2025\/08\/IMG_20250822_142746822-300x200.jpg 300w, https:\/\/www.lucaghigliano.it\/zioghilli\/wp-content\/uploads\/2025\/08\/IMG_20250822_142746822-768x512.jpg 768w, https:\/\/www.lucaghigliano.it\/zioghilli\/wp-content\/uploads\/2025\/08\/IMG_20250822_142746822-600x400.jpg 600w, https:\/\/www.lucaghigliano.it\/zioghilli\/wp-content\/uploads\/2025\/08\/IMG_20250822_142746822-945x629.jpg 945w\" sizes=\"(max-width: 1024px) 100vw, 1024px\" \/><\/noscript><figcaption class=\"wp-element-caption\">Al colle, laggi\u00f9 in fondo i tornanti da cui abbiamo iniziato a spingere. DioB\u00f2 se ne abbiamo fatta di spinta&#8230;<br>.<\/figcaption><\/figure>\n\n\n\n<p class=\"wp-block-paragraph\">Arriviamo al colle e poi affrontiamo l\u2019ultimo strappo verso la cima di <strong>Punta Sommeiller in MTB<\/strong>, dove avviene anche il piacevole incontro della giornata. Donna di bella presenza, fisico scolpito, sui quarant\u2019anni, che vampetta leggiadra da una roccia all\u2019altra. Le chiedo se manca molto alla cima e lei risponde in inglese: <strong><em>\u201c&#8230;to the summit? Not much! Oh, with the bike: amazing\u2026\u201d<\/em><\/strong>.<br>Un sorriso, un cenno d\u2019intesa, e continuiamo la salita verso il sogno di ogni cicloalpinista: <strong>Punta Sommeiller in MTB<\/strong>.<\/p>\n\n\n\n<h2 class=\"wp-block-heading\">Finalmente la croce di Punta Sommeiller con le nostre MTB a 3.332m<\/h2>\n\n\n\n<p class=\"wp-block-paragraph\">Finalmente la croce. Finalmente <strong>Punta Sommeiller in MTB<\/strong>, conquistata con le nostre bici dopo ore di spinta, fatica e meraviglia. Siamo lass\u00f9, con le nostre MTB a 3.332 m, e il mondo sembra minuscolo sotto di noi.<\/p>\n\n\n\n<p class=\"wp-block-paragraph\">Da quass\u00f9 la vista \u00e8 da togliere il fiato: alle nostre spalle l\u2019imbocco della Valsusa con il Musin\u00e8, la Sacra di San Michele e, in lontananza, Torino e Superga. Pi\u00f9 sulla destra il Ciantiplagna (meta di una bella gita con il Roby G.) e l\u2019Albergian (altra gita con Sir Gino). Sulla sinistra il Rocciamelone (altra salita a piedi con il Teo Frez). Di fronte a noi la conca di Bardonecchia, lo Chaberton, la Barre des \u00c9crins e il Galibier.<\/p>\n\n\n\n<p class=\"wp-block-paragraph\">Trecentotrentuno metri sotto di noi si intravede il Colle del Sommeiller, il bivacco, il laghetto e una distesa di moto e fuoristrada parcheggiati. Oh. Sar\u00e0 per il vento che spinge le nuvole veloci sopra di noi, sar\u00e0 che oltre i 3.000 metri si sfarfalla sempre un po\u2019, sar\u00e0 perch\u00e9 di terreno intorno a noi ce n\u2019\u00e8 poco, ma <strong>Punta Sommeiller in MTB<\/strong> d\u00e0 davvero la sensazione di volare. \u00c8 uno di quei momenti in cui tutto ha senso, in cui la fatica diventa libert\u00e0.<br>&#x1f929;<\/p>\n\n\n\n<figure class=\"wp-block-image size-full\"><img decoding=\"async\" width=\"1024\" height=\"683\" data-src=\"https:\/\/www.lucaghigliano.it\/zioghilli\/wp-content\/uploads\/2025\/08\/IMG_20250822_145316276.jpg\" src=\"data:image\/gif;base64,R0lGODlhAQABAIAAAAAAAP\/\/\/yH5BAEAAAAALAAAAAABAAEAAAIBRAA7\" alt=\"Punta Sommeiller in MTB - storie di mountain-bike: eccoci finalmente in cima\" class=\"wp-image-4185 lazyload\"\/><noscript><img decoding=\"async\" width=\"1024\" height=\"683\" src=\"https:\/\/www.lucaghigliano.it\/zioghilli\/wp-content\/uploads\/2025\/08\/IMG_20250822_145316276.jpg\" alt=\"Punta Sommeiller in MTB - storie di mountain-bike: eccoci finalmente in cima\" class=\"wp-image-4185\" srcset=\"https:\/\/www.lucaghigliano.it\/zioghilli\/wp-content\/uploads\/2025\/08\/IMG_20250822_145316276.jpg 1024w, https:\/\/www.lucaghigliano.it\/zioghilli\/wp-content\/uploads\/2025\/08\/IMG_20250822_145316276-300x200.jpg 300w, https:\/\/www.lucaghigliano.it\/zioghilli\/wp-content\/uploads\/2025\/08\/IMG_20250822_145316276-768x512.jpg 768w, https:\/\/www.lucaghigliano.it\/zioghilli\/wp-content\/uploads\/2025\/08\/IMG_20250822_145316276-600x400.jpg 600w, https:\/\/www.lucaghigliano.it\/zioghilli\/wp-content\/uploads\/2025\/08\/IMG_20250822_145316276-945x630.jpg 945w\" sizes=\"(max-width: 1024px) 100vw, 1024px\" \/><\/noscript><figcaption class=\"wp-element-caption\">Il pilastrino di calcestruzzo che indica la cima ed il punto geodetico trigonometrico dell&#8217;IGM ed il confine tra Italia e Francia<br>(tutte questi paroloni pazzeschi li ho presi da Wikipedia eh)<br>.<\/figcaption><\/figure>\n\n\n\n<figure class=\"wp-block-image size-full\"><img decoding=\"async\" width=\"1024\" height=\"683\" data-src=\"https:\/\/www.lucaghigliano.it\/zioghilli\/wp-content\/uploads\/2025\/08\/IMG_20250822_145645231.jpg\" src=\"data:image\/gif;base64,R0lGODlhAQABAIAAAAAAAP\/\/\/yH5BAEAAAAALAAAAAABAAEAAAIBRAA7\" alt=\"Punta Sommeiller in MTB - storie di mountain-bike: 3332m\" class=\"wp-image-4190 lazyload\"\/><noscript><img decoding=\"async\" width=\"1024\" height=\"683\" src=\"https:\/\/www.lucaghigliano.it\/zioghilli\/wp-content\/uploads\/2025\/08\/IMG_20250822_145645231.jpg\" alt=\"Punta Sommeiller in MTB - storie di mountain-bike: 3332m\" class=\"wp-image-4190\" srcset=\"https:\/\/www.lucaghigliano.it\/zioghilli\/wp-content\/uploads\/2025\/08\/IMG_20250822_145645231.jpg 1024w, https:\/\/www.lucaghigliano.it\/zioghilli\/wp-content\/uploads\/2025\/08\/IMG_20250822_145645231-300x200.jpg 300w, https:\/\/www.lucaghigliano.it\/zioghilli\/wp-content\/uploads\/2025\/08\/IMG_20250822_145645231-768x512.jpg 768w, https:\/\/www.lucaghigliano.it\/zioghilli\/wp-content\/uploads\/2025\/08\/IMG_20250822_145645231-600x400.jpg 600w, https:\/\/www.lucaghigliano.it\/zioghilli\/wp-content\/uploads\/2025\/08\/IMG_20250822_145645231-945x630.jpg 945w\" sizes=\"(max-width: 1024px) 100vw, 1024px\" \/><\/noscript><figcaption class=\"wp-element-caption\">Oh Chicco! Ce l&#8217;abbiamo fatta! \ud83d\ude42<br>.<\/figcaption><\/figure>\n\n\n\n<figure class=\"wp-block-image size-full\"><img decoding=\"async\" width=\"1024\" height=\"683\" data-src=\"https:\/\/www.lucaghigliano.it\/zioghilli\/wp-content\/uploads\/2025\/08\/IMG_20250822_145354450.jpg\" src=\"data:image\/gif;base64,R0lGODlhAQABAIAAAAAAAP\/\/\/yH5BAEAAAAALAAAAAABAAEAAAIBRAA7\" alt=\"Punta Sommeiller in MTB - storie di mountain-bike: vista sul colle\" class=\"wp-image-4187 lazyload\"\/><noscript><img decoding=\"async\" width=\"1024\" height=\"683\" src=\"https:\/\/www.lucaghigliano.it\/zioghilli\/wp-content\/uploads\/2025\/08\/IMG_20250822_145354450.jpg\" alt=\"Punta Sommeiller in MTB - storie di mountain-bike: vista sul colle\" class=\"wp-image-4187\" srcset=\"https:\/\/www.lucaghigliano.it\/zioghilli\/wp-content\/uploads\/2025\/08\/IMG_20250822_145354450.jpg 1024w, https:\/\/www.lucaghigliano.it\/zioghilli\/wp-content\/uploads\/2025\/08\/IMG_20250822_145354450-300x200.jpg 300w, https:\/\/www.lucaghigliano.it\/zioghilli\/wp-content\/uploads\/2025\/08\/IMG_20250822_145354450-768x512.jpg 768w, https:\/\/www.lucaghigliano.it\/zioghilli\/wp-content\/uploads\/2025\/08\/IMG_20250822_145354450-600x400.jpg 600w, https:\/\/www.lucaghigliano.it\/zioghilli\/wp-content\/uploads\/2025\/08\/IMG_20250822_145354450-945x630.jpg 945w\" sizes=\"(max-width: 1024px) 100vw, 1024px\" \/><\/noscript><figcaption class=\"wp-element-caption\">In centro al fotogramma Colle del Sommeiller, si pu\u00f2 vedere il lago ed il bivacco che \u00e8 il puntino rosso<br>.<\/figcaption><\/figure>\n\n\n\n<figure class=\"wp-block-image size-full\"><img decoding=\"async\" width=\"1024\" height=\"683\" data-src=\"https:\/\/www.lucaghigliano.it\/zioghilli\/wp-content\/uploads\/2025\/08\/IMG_20250822_145444078.jpg\" src=\"data:image\/gif;base64,R0lGODlhAQABAIAAAAAAAP\/\/\/yH5BAEAAAAALAAAAAABAAEAAAIBRAA7\" alt=\"Punta Sommeiller in MTB - storie di mountain-bike: panorama dalla vetta\" class=\"wp-image-4186 lazyload\"\/><noscript><img decoding=\"async\" width=\"1024\" height=\"683\" src=\"https:\/\/www.lucaghigliano.it\/zioghilli\/wp-content\/uploads\/2025\/08\/IMG_20250822_145444078.jpg\" alt=\"Punta Sommeiller in MTB - storie di mountain-bike: panorama dalla vetta\" class=\"wp-image-4186\" srcset=\"https:\/\/www.lucaghigliano.it\/zioghilli\/wp-content\/uploads\/2025\/08\/IMG_20250822_145444078.jpg 1024w, https:\/\/www.lucaghigliano.it\/zioghilli\/wp-content\/uploads\/2025\/08\/IMG_20250822_145444078-300x200.jpg 300w, https:\/\/www.lucaghigliano.it\/zioghilli\/wp-content\/uploads\/2025\/08\/IMG_20250822_145444078-768x512.jpg 768w, https:\/\/www.lucaghigliano.it\/zioghilli\/wp-content\/uploads\/2025\/08\/IMG_20250822_145444078-600x400.jpg 600w, https:\/\/www.lucaghigliano.it\/zioghilli\/wp-content\/uploads\/2025\/08\/IMG_20250822_145444078-945x630.jpg 945w\" sizes=\"(max-width: 1024px) 100vw, 1024px\" \/><\/noscript><figcaption class=\"wp-element-caption\">.<\/figcaption><\/figure>\n\n\n\n<figure class=\"wp-block-image size-full\"><img decoding=\"async\" width=\"1024\" height=\"683\" data-src=\"https:\/\/www.lucaghigliano.it\/zioghilli\/wp-content\/uploads\/2025\/08\/IMG_20250822_151059145.jpg\" src=\"data:image\/gif;base64,R0lGODlhAQABAIAAAAAAAP\/\/\/yH5BAEAAAAALAAAAAABAAEAAAIBRAA7\" alt=\"\" class=\"wp-image-4188 lazyload\"\/><noscript><img decoding=\"async\" width=\"1024\" height=\"683\" src=\"https:\/\/www.lucaghigliano.it\/zioghilli\/wp-content\/uploads\/2025\/08\/IMG_20250822_151059145.jpg\" alt=\"\" class=\"wp-image-4188\" srcset=\"https:\/\/www.lucaghigliano.it\/zioghilli\/wp-content\/uploads\/2025\/08\/IMG_20250822_151059145.jpg 1024w, https:\/\/www.lucaghigliano.it\/zioghilli\/wp-content\/uploads\/2025\/08\/IMG_20250822_151059145-300x200.jpg 300w, https:\/\/www.lucaghigliano.it\/zioghilli\/wp-content\/uploads\/2025\/08\/IMG_20250822_151059145-768x512.jpg 768w, https:\/\/www.lucaghigliano.it\/zioghilli\/wp-content\/uploads\/2025\/08\/IMG_20250822_151059145-600x400.jpg 600w, https:\/\/www.lucaghigliano.it\/zioghilli\/wp-content\/uploads\/2025\/08\/IMG_20250822_151059145-945x630.jpg 945w\" sizes=\"(max-width: 1024px) 100vw, 1024px\" \/><\/noscript><figcaption class=\"wp-element-caption\">Boiafaus: una Canyon Nerve ai 3.332m di Punta Sommeiller<br>.<br><\/figcaption><\/figure>\n\n\n\n<figure class=\"wp-block-image size-large\"><img decoding=\"async\" width=\"1024\" height=\"768\" data-src=\"https:\/\/www.lucaghigliano.it\/zioghilli\/wp-content\/uploads\/2025\/08\/page1-1-1024x768.jpg\" src=\"data:image\/gif;base64,R0lGODlhAQABAIAAAAAAAP\/\/\/yH5BAEAAAAALAAAAAABAAEAAAIBRAA7\" alt=\"\" class=\"wp-image-4189 lazyload\"\/><noscript><img decoding=\"async\" width=\"1024\" height=\"768\" src=\"https:\/\/www.lucaghigliano.it\/zioghilli\/wp-content\/uploads\/2025\/08\/page1-1-1024x768.jpg\" alt=\"\" class=\"wp-image-4189\" srcset=\"https:\/\/www.lucaghigliano.it\/zioghilli\/wp-content\/uploads\/2025\/08\/page1-1-1024x768.jpg 1024w, https:\/\/www.lucaghigliano.it\/zioghilli\/wp-content\/uploads\/2025\/08\/page1-1-300x225.jpg 300w, https:\/\/www.lucaghigliano.it\/zioghilli\/wp-content\/uploads\/2025\/08\/page1-1-768x576.jpg 768w, https:\/\/www.lucaghigliano.it\/zioghilli\/wp-content\/uploads\/2025\/08\/page1-1-1536x1152.jpg 1536w, https:\/\/www.lucaghigliano.it\/zioghilli\/wp-content\/uploads\/2025\/08\/page1-1-600x450.jpg 600w, https:\/\/www.lucaghigliano.it\/zioghilli\/wp-content\/uploads\/2025\/08\/page1-1-945x709.jpg 945w, https:\/\/www.lucaghigliano.it\/zioghilli\/wp-content\/uploads\/2025\/08\/page1-1.jpg 1600w\" sizes=\"(max-width: 1024px) 100vw, 1024px\" \/><\/noscript><figcaption class=\"wp-element-caption\">Chicco: Ghost full in alluminio &#8211; Ruote da 26<br>Ghillo: Canyon full in alluminio  Ruote da 29<br>&#8230;entrambe roba di dieci anni fa&#8230;<br>.<\/figcaption><\/figure>\n\n\n\n<figure class=\"wp-block-image size-large\"><img decoding=\"async\" width=\"1024\" height=\"461\" data-src=\"https:\/\/www.lucaghigliano.it\/zioghilli\/wp-content\/uploads\/2025\/08\/20250822_145518_45.12788_6.85220-1024x461.jpg\" src=\"data:image\/gif;base64,R0lGODlhAQABAIAAAAAAAP\/\/\/yH5BAEAAAAALAAAAAABAAEAAAIBRAA7\" alt=\"Punta Sommeiller in MTB - storie di mountain-bike: panorama dalla vetta con peakfinder \" class=\"wp-image-4184 lazyload\"\/><noscript><img decoding=\"async\" width=\"1024\" height=\"461\" src=\"https:\/\/www.lucaghigliano.it\/zioghilli\/wp-content\/uploads\/2025\/08\/20250822_145518_45.12788_6.85220-1024x461.jpg\" alt=\"Punta Sommeiller in MTB - storie di mountain-bike: panorama dalla vetta con peakfinder \" class=\"wp-image-4184\" srcset=\"https:\/\/www.lucaghigliano.it\/zioghilli\/wp-content\/uploads\/2025\/08\/20250822_145518_45.12788_6.85220-1024x461.jpg 1024w, https:\/\/www.lucaghigliano.it\/zioghilli\/wp-content\/uploads\/2025\/08\/20250822_145518_45.12788_6.85220-300x135.jpg 300w, https:\/\/www.lucaghigliano.it\/zioghilli\/wp-content\/uploads\/2025\/08\/20250822_145518_45.12788_6.85220-768x346.jpg 768w, https:\/\/www.lucaghigliano.it\/zioghilli\/wp-content\/uploads\/2025\/08\/20250822_145518_45.12788_6.85220-1536x691.jpg 1536w, https:\/\/www.lucaghigliano.it\/zioghilli\/wp-content\/uploads\/2025\/08\/20250822_145518_45.12788_6.85220-2048x922.jpg 2048w, https:\/\/www.lucaghigliano.it\/zioghilli\/wp-content\/uploads\/2025\/08\/20250822_145518_45.12788_6.85220-600x270.jpg 600w, https:\/\/www.lucaghigliano.it\/zioghilli\/wp-content\/uploads\/2025\/08\/20250822_145518_45.12788_6.85220-945x425.jpg 945w\" sizes=\"(max-width: 1024px) 100vw, 1024px\" \/><\/noscript><figcaption class=\"wp-element-caption\">Vista da Punta Sommeiller &#8211; Panorama creato con <a href=\"https:\/\/www.peakfinder.com\/it\/\" target=\"_blank\" rel=\"noreferrer noopener\">PeakFinder<\/a><br>.<\/figcaption><\/figure>\n\n\n\n<p class=\"wp-block-paragraph\">Chicco lancia il drone per un po&#8217; di video, mangiamo qualcosa, ci godiamo la vetta e poi ci prepariamo alla discesa che \u00e8 per la maggior parte pedalabile fino al colle, ad esclusione dei tratti pi\u00f9 rocciosi. Proseguiamo verso il Rif. Galambra, ormai in rovina, dove ci fermiamo per qualche minuto. All&#8217;interno vedo una finestra con un drappo arancione che sventola, il vento fischia tra le poche travi che rimangono del tetto, una sorta di rumoroso silenzio. Emozione\u2026<br>&#x1f549;&#xfe0f;<\/p>\n\n\n\n<figure class=\"wp-block-image size-full\"><img decoding=\"async\" width=\"1024\" height=\"683\" data-src=\"https:\/\/www.lucaghigliano.it\/zioghilli\/wp-content\/uploads\/2025\/08\/IMG_20250822_160459373_HDR.jpg\" src=\"data:image\/gif;base64,R0lGODlhAQABAIAAAAAAAP\/\/\/yH5BAEAAAAALAAAAAABAAEAAAIBRAA7\" alt=\"\" class=\"wp-image-4191 lazyload\"\/><noscript><img decoding=\"async\" width=\"1024\" height=\"683\" src=\"https:\/\/www.lucaghigliano.it\/zioghilli\/wp-content\/uploads\/2025\/08\/IMG_20250822_160459373_HDR.jpg\" alt=\"\" class=\"wp-image-4191\" srcset=\"https:\/\/www.lucaghigliano.it\/zioghilli\/wp-content\/uploads\/2025\/08\/IMG_20250822_160459373_HDR.jpg 1024w, https:\/\/www.lucaghigliano.it\/zioghilli\/wp-content\/uploads\/2025\/08\/IMG_20250822_160459373_HDR-300x200.jpg 300w, https:\/\/www.lucaghigliano.it\/zioghilli\/wp-content\/uploads\/2025\/08\/IMG_20250822_160459373_HDR-768x512.jpg 768w, https:\/\/www.lucaghigliano.it\/zioghilli\/wp-content\/uploads\/2025\/08\/IMG_20250822_160459373_HDR-600x400.jpg 600w, https:\/\/www.lucaghigliano.it\/zioghilli\/wp-content\/uploads\/2025\/08\/IMG_20250822_160459373_HDR-945x630.jpg 945w\" sizes=\"(max-width: 1024px) 100vw, 1024px\" \/><\/noscript><figcaption class=\"wp-element-caption\">.<\/figcaption><\/figure>\n\n\n\n<figure class=\"wp-block-image size-full\"><img decoding=\"async\" width=\"1024\" height=\"683\" data-src=\"https:\/\/www.lucaghigliano.it\/zioghilli\/wp-content\/uploads\/2025\/08\/IMG_4339.jpg\" src=\"data:image\/gif;base64,R0lGODlhAQABAIAAAAAAAP\/\/\/yH5BAEAAAAALAAAAAABAAEAAAIBRAA7\" alt=\"Punta Sommeiller in MTB - storie di mountain-bike: rifugio galambra\" class=\"wp-image-4192 lazyload\"\/><noscript><img decoding=\"async\" width=\"1024\" height=\"683\" src=\"https:\/\/www.lucaghigliano.it\/zioghilli\/wp-content\/uploads\/2025\/08\/IMG_4339.jpg\" alt=\"Punta Sommeiller in MTB - storie di mountain-bike: rifugio galambra\" class=\"wp-image-4192\" srcset=\"https:\/\/www.lucaghigliano.it\/zioghilli\/wp-content\/uploads\/2025\/08\/IMG_4339.jpg 1024w, https:\/\/www.lucaghigliano.it\/zioghilli\/wp-content\/uploads\/2025\/08\/IMG_4339-300x200.jpg 300w, https:\/\/www.lucaghigliano.it\/zioghilli\/wp-content\/uploads\/2025\/08\/IMG_4339-768x512.jpg 768w, https:\/\/www.lucaghigliano.it\/zioghilli\/wp-content\/uploads\/2025\/08\/IMG_4339-600x400.jpg 600w, https:\/\/www.lucaghigliano.it\/zioghilli\/wp-content\/uploads\/2025\/08\/IMG_4339-945x630.jpg 945w\" sizes=\"(max-width: 1024px) 100vw, 1024px\" \/><\/noscript><figcaption class=\"wp-element-caption\">Rif. Galambra<br>.<\/figcaption><\/figure>\n\n\n\n<figure class=\"wp-block-image size-large\"><img decoding=\"async\" width=\"1024\" height=\"768\" data-src=\"https:\/\/www.lucaghigliano.it\/zioghilli\/wp-content\/uploads\/2025\/08\/2-1024x768.jpg\" src=\"data:image\/gif;base64,R0lGODlhAQABAIAAAAAAAP\/\/\/yH5BAEAAAAALAAAAAABAAEAAAIBRAA7\" alt=\"\" class=\"wp-image-4193 lazyload\"\/><noscript><img decoding=\"async\" width=\"1024\" height=\"768\" src=\"https:\/\/www.lucaghigliano.it\/zioghilli\/wp-content\/uploads\/2025\/08\/2-1024x768.jpg\" alt=\"\" class=\"wp-image-4193\" srcset=\"https:\/\/www.lucaghigliano.it\/zioghilli\/wp-content\/uploads\/2025\/08\/2-1024x768.jpg 1024w, https:\/\/www.lucaghigliano.it\/zioghilli\/wp-content\/uploads\/2025\/08\/2-300x225.jpg 300w, https:\/\/www.lucaghigliano.it\/zioghilli\/wp-content\/uploads\/2025\/08\/2-768x576.jpg 768w, https:\/\/www.lucaghigliano.it\/zioghilli\/wp-content\/uploads\/2025\/08\/2-1536x1152.jpg 1536w, https:\/\/www.lucaghigliano.it\/zioghilli\/wp-content\/uploads\/2025\/08\/2-600x450.jpg 600w, https:\/\/www.lucaghigliano.it\/zioghilli\/wp-content\/uploads\/2025\/08\/2-945x709.jpg 945w, https:\/\/www.lucaghigliano.it\/zioghilli\/wp-content\/uploads\/2025\/08\/2.jpg 1600w\" sizes=\"(max-width: 1024px) 100vw, 1024px\" \/><\/noscript><figcaption class=\"wp-element-caption\">.<\/figcaption><\/figure>\n\n\n\n<figure class=\"wp-block-image size-full\"><img decoding=\"async\" width=\"1024\" height=\"683\" data-src=\"https:\/\/www.lucaghigliano.it\/zioghilli\/wp-content\/uploads\/2025\/08\/IMG_4348.jpg\" src=\"data:image\/gif;base64,R0lGODlhAQABAIAAAAAAAP\/\/\/yH5BAEAAAAALAAAAAABAAEAAAIBRAA7\" alt=\"Punta Sommeiller in MTB - storie di mountain-bike: paesaggio lunare\" class=\"wp-image-4194 lazyload\"\/><noscript><img decoding=\"async\" width=\"1024\" height=\"683\" src=\"https:\/\/www.lucaghigliano.it\/zioghilli\/wp-content\/uploads\/2025\/08\/IMG_4348.jpg\" alt=\"Punta Sommeiller in MTB - storie di mountain-bike: paesaggio lunare\" class=\"wp-image-4194\" srcset=\"https:\/\/www.lucaghigliano.it\/zioghilli\/wp-content\/uploads\/2025\/08\/IMG_4348.jpg 1024w, https:\/\/www.lucaghigliano.it\/zioghilli\/wp-content\/uploads\/2025\/08\/IMG_4348-300x200.jpg 300w, https:\/\/www.lucaghigliano.it\/zioghilli\/wp-content\/uploads\/2025\/08\/IMG_4348-768x512.jpg 768w, https:\/\/www.lucaghigliano.it\/zioghilli\/wp-content\/uploads\/2025\/08\/IMG_4348-600x400.jpg 600w, https:\/\/www.lucaghigliano.it\/zioghilli\/wp-content\/uploads\/2025\/08\/IMG_4348-945x630.jpg 945w\" sizes=\"(max-width: 1024px) 100vw, 1024px\" \/><\/noscript><figcaption class=\"wp-element-caption\">.<\/figcaption><\/figure>\n\n\n\n<p class=\"wp-block-paragraph\">Ricominciamo la discesa in Valfredda su ghiaioni e sfasciumi finch\u00e8 ad un certo punto vedo qualcosa che luccica davanti alla mia ruota. Mi fermo e lo raccolgo. Un tappo arrugginito e bucato da colpi di proiettile. Guardo meglio. <\/p>\n\n\n\n<figure class=\"wp-block-image size-full\"><img decoding=\"async\" width=\"1024\" height=\"683\" data-src=\"https:\/\/www.lucaghigliano.it\/zioghilli\/wp-content\/uploads\/2025\/08\/IMG_20250822_220720855_HDR.jpg\" src=\"data:image\/gif;base64,R0lGODlhAQABAIAAAAAAAP\/\/\/yH5BAEAAAAALAAAAAABAAEAAAIBRAA7\" alt=\"\" class=\"wp-image-4195 lazyload\"\/><noscript><img decoding=\"async\" width=\"1024\" height=\"683\" src=\"https:\/\/www.lucaghigliano.it\/zioghilli\/wp-content\/uploads\/2025\/08\/IMG_20250822_220720855_HDR.jpg\" alt=\"\" class=\"wp-image-4195\" srcset=\"https:\/\/www.lucaghigliano.it\/zioghilli\/wp-content\/uploads\/2025\/08\/IMG_20250822_220720855_HDR.jpg 1024w, https:\/\/www.lucaghigliano.it\/zioghilli\/wp-content\/uploads\/2025\/08\/IMG_20250822_220720855_HDR-300x200.jpg 300w, https:\/\/www.lucaghigliano.it\/zioghilli\/wp-content\/uploads\/2025\/08\/IMG_20250822_220720855_HDR-768x512.jpg 768w, https:\/\/www.lucaghigliano.it\/zioghilli\/wp-content\/uploads\/2025\/08\/IMG_20250822_220720855_HDR-600x400.jpg 600w, https:\/\/www.lucaghigliano.it\/zioghilli\/wp-content\/uploads\/2025\/08\/IMG_20250822_220720855_HDR-945x630.jpg 945w\" sizes=\"(max-width: 1024px) 100vw, 1024px\" \/><\/noscript><\/figure>\n\n\n\n<p class=\"wp-block-paragraph\"><strong><em>SARDINE ALL&#8217;OLIO DI OLIVA<br>F. POLLET (BUCO DI PROIETTILE)<br>FORNITORE DI S.M. (SUA MAEST\u00c0) IL RE D&#8217;ITALIA<\/em><\/strong><\/p>\n\n\n\n<p class=\"wp-block-paragraph\">Probabilmente il rancio degli alpini della 1\u00b0 o della 2\u00b0 guerra mondiale. Se c&#8217;\u00e8 scritto <strong>S.M. IL RE D&#8217;ITALIA<\/strong> \u00e8 una scatola che avr\u00e0 minimo 80 anni. Chiss\u00e0 cosa avrebbe da raccontare questo pezzo di latta\u2026<br>&#x1f97a;<\/p>\n\n\n\n<figure class=\"wp-block-image size-full\"><img decoding=\"async\" width=\"1024\" height=\"683\" data-src=\"https:\/\/www.lucaghigliano.it\/zioghilli\/wp-content\/uploads\/2025\/08\/IMG_20250822_164104886.jpg\" src=\"data:image\/gif;base64,R0lGODlhAQABAIAAAAAAAP\/\/\/yH5BAEAAAAALAAAAAABAAEAAAIBRAA7\" alt=\"\" class=\"wp-image-4196 lazyload\"\/><noscript><img decoding=\"async\" width=\"1024\" height=\"683\" src=\"https:\/\/www.lucaghigliano.it\/zioghilli\/wp-content\/uploads\/2025\/08\/IMG_20250822_164104886.jpg\" alt=\"\" class=\"wp-image-4196\" srcset=\"https:\/\/www.lucaghigliano.it\/zioghilli\/wp-content\/uploads\/2025\/08\/IMG_20250822_164104886.jpg 1024w, https:\/\/www.lucaghigliano.it\/zioghilli\/wp-content\/uploads\/2025\/08\/IMG_20250822_164104886-300x200.jpg 300w, https:\/\/www.lucaghigliano.it\/zioghilli\/wp-content\/uploads\/2025\/08\/IMG_20250822_164104886-768x512.jpg 768w, https:\/\/www.lucaghigliano.it\/zioghilli\/wp-content\/uploads\/2025\/08\/IMG_20250822_164104886-600x400.jpg 600w, https:\/\/www.lucaghigliano.it\/zioghilli\/wp-content\/uploads\/2025\/08\/IMG_20250822_164104886-945x630.jpg 945w\" sizes=\"(max-width: 1024px) 100vw, 1024px\" \/><\/noscript><figcaption class=\"wp-element-caption\">Paesaggio lunare: il puntino sulla sinistra \u00e8 Chicco<br>.<\/figcaption><\/figure>\n\n\n\n<figure class=\"wp-block-image size-large\"><img decoding=\"async\" width=\"1024\" height=\"768\" data-src=\"https:\/\/www.lucaghigliano.it\/zioghilli\/wp-content\/uploads\/2025\/08\/page3-1024x768.jpg\" src=\"data:image\/gif;base64,R0lGODlhAQABAIAAAAAAAP\/\/\/yH5BAEAAAAALAAAAAABAAEAAAIBRAA7\" alt=\"\" class=\"wp-image-4197 lazyload\"\/><noscript><img decoding=\"async\" width=\"1024\" height=\"768\" src=\"https:\/\/www.lucaghigliano.it\/zioghilli\/wp-content\/uploads\/2025\/08\/page3-1024x768.jpg\" alt=\"\" class=\"wp-image-4197\" srcset=\"https:\/\/www.lucaghigliano.it\/zioghilli\/wp-content\/uploads\/2025\/08\/page3-1024x768.jpg 1024w, https:\/\/www.lucaghigliano.it\/zioghilli\/wp-content\/uploads\/2025\/08\/page3-300x225.jpg 300w, https:\/\/www.lucaghigliano.it\/zioghilli\/wp-content\/uploads\/2025\/08\/page3-768x576.jpg 768w, https:\/\/www.lucaghigliano.it\/zioghilli\/wp-content\/uploads\/2025\/08\/page3-1536x1152.jpg 1536w, https:\/\/www.lucaghigliano.it\/zioghilli\/wp-content\/uploads\/2025\/08\/page3-600x450.jpg 600w, https:\/\/www.lucaghigliano.it\/zioghilli\/wp-content\/uploads\/2025\/08\/page3-945x709.jpg 945w, https:\/\/www.lucaghigliano.it\/zioghilli\/wp-content\/uploads\/2025\/08\/page3.jpg 1600w\" sizes=\"(max-width: 1024px) 100vw, 1024px\" \/><\/noscript><figcaption class=\"wp-element-caption\">.<\/figcaption><\/figure>\n\n\n\n<p class=\"wp-block-paragraph\">Superati i ghiaioni il sentiero si fa poco pedalabile, \u00e8 un sentiero per gli alpeggi e le vacche anche se ci sono tracce di pneumatici di MTB e (forse) moto da trial. Questo \u00e8 il tratto che mi \u00e8 piaciuto meno, complice anche la stanchezza che inizia farsi presente e soprattutto la sete. <\/p>\n\n\n\n<figure class=\"wp-block-image size-large\"><a href=\"https:\/\/www.lucaghigliano.it\/zioghilli\/bikepacking-in-valsusa\/\" target=\"_blank\" rel=\" noreferrer noopener\"><img decoding=\"async\" width=\"1024\" height=\"683\" data-src=\"https:\/\/www.lucaghigliano.it\/zioghilli\/wp-content\/uploads\/2025\/08\/IMG_20250822_175335019_HDR-1024x683.jpg\" src=\"data:image\/gif;base64,R0lGODlhAQABAIAAAAAAAP\/\/\/yH5BAEAAAAALAAAAAABAAEAAAIBRAA7\" alt=\"Punta Sommeiller in MTB - storie di mountain-bike: arrivati in grange val fredda\" class=\"wp-image-4198 lazyload\"\/><noscript><img decoding=\"async\" width=\"1024\" height=\"683\" src=\"https:\/\/www.lucaghigliano.it\/zioghilli\/wp-content\/uploads\/2025\/08\/IMG_20250822_175335019_HDR-1024x683.jpg\" alt=\"Punta Sommeiller in MTB - storie di mountain-bike: arrivati in grange val fredda\" class=\"wp-image-4198\" srcset=\"https:\/\/www.lucaghigliano.it\/zioghilli\/wp-content\/uploads\/2025\/08\/IMG_20250822_175335019_HDR-1024x683.jpg 1024w, https:\/\/www.lucaghigliano.it\/zioghilli\/wp-content\/uploads\/2025\/08\/IMG_20250822_175335019_HDR-300x200.jpg 300w, https:\/\/www.lucaghigliano.it\/zioghilli\/wp-content\/uploads\/2025\/08\/IMG_20250822_175335019_HDR-768x512.jpg 768w, https:\/\/www.lucaghigliano.it\/zioghilli\/wp-content\/uploads\/2025\/08\/IMG_20250822_175335019_HDR-1536x1024.jpg 1536w, https:\/\/www.lucaghigliano.it\/zioghilli\/wp-content\/uploads\/2025\/08\/IMG_20250822_175335019_HDR-2048x1366.jpg 2048w, https:\/\/www.lucaghigliano.it\/zioghilli\/wp-content\/uploads\/2025\/08\/IMG_20250822_175335019_HDR-600x400.jpg 600w, https:\/\/www.lucaghigliano.it\/zioghilli\/wp-content\/uploads\/2025\/08\/IMG_20250822_175335019_HDR-945x630.jpg 945w\" sizes=\"(max-width: 1024px) 100vw, 1024px\" \/><\/noscript><\/a><figcaption class=\"wp-element-caption\">Le grange Val Fredda. La montagna piatta al centro \u00e8 lo Jafferau con il suo forte <br>(anche se non visibile in foto)<\/figcaption><\/figure>\n\n\n\n<p class=\"wp-block-paragraph\">Arrivati al torrente di fondo valle il sentiero torna perfettamente pedalabile e di l\u00ec a poco arriviamo alle grange Valfredda, dominate dall&#8217;alto dallo forte dello Jafferau. Il sentiero diventa strada sterrata che ci riconduce alla Decauville e poi alla macchina\u2026<br>&#x1f699;<\/p>\n\n\n\n<figure class=\"wp-block-gallery has-nested-images columns-default is-cropped wp-block-gallery-2 is-layout-flex wp-block-gallery-is-layout-flex\">\n<figure class=\"wp-block-image size-large\"><img decoding=\"async\" width=\"682\" height=\"1024\" data-src=\"https:\/\/www.lucaghigliano.it\/zioghilli\/wp-content\/uploads\/2025\/08\/IMG_20250822_193240384_HDR-682x1024.jpg\" data-id=\"4199\" src=\"data:image\/gif;base64,R0lGODlhAQABAIAAAAAAAP\/\/\/yH5BAEAAAAALAAAAAABAAEAAAIBRAA7\" alt=\"\" class=\"wp-image-4199 lazyload\"\/><noscript><img decoding=\"async\" width=\"682\" height=\"1024\" data-id=\"4199\" src=\"https:\/\/www.lucaghigliano.it\/zioghilli\/wp-content\/uploads\/2025\/08\/IMG_20250822_193240384_HDR-682x1024.jpg\" alt=\"\" class=\"wp-image-4199\" srcset=\"https:\/\/www.lucaghigliano.it\/zioghilli\/wp-content\/uploads\/2025\/08\/IMG_20250822_193240384_HDR-682x1024.jpg 682w, https:\/\/www.lucaghigliano.it\/zioghilli\/wp-content\/uploads\/2025\/08\/IMG_20250822_193240384_HDR-200x300.jpg 200w, https:\/\/www.lucaghigliano.it\/zioghilli\/wp-content\/uploads\/2025\/08\/IMG_20250822_193240384_HDR-768x1152.jpg 768w, https:\/\/www.lucaghigliano.it\/zioghilli\/wp-content\/uploads\/2025\/08\/IMG_20250822_193240384_HDR-1024x1536.jpg 1024w, https:\/\/www.lucaghigliano.it\/zioghilli\/wp-content\/uploads\/2025\/08\/IMG_20250822_193240384_HDR-1365x2048.jpg 1365w, https:\/\/www.lucaghigliano.it\/zioghilli\/wp-content\/uploads\/2025\/08\/IMG_20250822_193240384_HDR-600x900.jpg 600w, https:\/\/www.lucaghigliano.it\/zioghilli\/wp-content\/uploads\/2025\/08\/IMG_20250822_193240384_HDR-945x1418.jpg 945w, https:\/\/www.lucaghigliano.it\/zioghilli\/wp-content\/uploads\/2025\/08\/IMG_20250822_193240384_HDR-scaled.jpg 1706w\" sizes=\"(max-width: 682px) 100vw, 682px\" \/><\/noscript><\/figure>\n\n\n\n<figure class=\"wp-block-image size-large\"><img decoding=\"async\" width=\"683\" height=\"1024\" data-src=\"https:\/\/www.lucaghigliano.it\/zioghilli\/wp-content\/uploads\/2025\/08\/IMG_20250822_195321899_HDR-683x1024.jpg\" data-id=\"4200\" src=\"data:image\/gif;base64,R0lGODlhAQABAIAAAAAAAP\/\/\/yH5BAEAAAAALAAAAAABAAEAAAIBRAA7\" alt=\"\" class=\"wp-image-4200 lazyload\"\/><noscript><img decoding=\"async\" width=\"683\" height=\"1024\" data-id=\"4200\" src=\"https:\/\/www.lucaghigliano.it\/zioghilli\/wp-content\/uploads\/2025\/08\/IMG_20250822_195321899_HDR-683x1024.jpg\" alt=\"\" class=\"wp-image-4200\" srcset=\"https:\/\/www.lucaghigliano.it\/zioghilli\/wp-content\/uploads\/2025\/08\/IMG_20250822_195321899_HDR-683x1024.jpg 683w, https:\/\/www.lucaghigliano.it\/zioghilli\/wp-content\/uploads\/2025\/08\/IMG_20250822_195321899_HDR-200x300.jpg 200w, https:\/\/www.lucaghigliano.it\/zioghilli\/wp-content\/uploads\/2025\/08\/IMG_20250822_195321899_HDR-768x1152.jpg 768w, https:\/\/www.lucaghigliano.it\/zioghilli\/wp-content\/uploads\/2025\/08\/IMG_20250822_195321899_HDR-1024x1536.jpg 1024w, https:\/\/www.lucaghigliano.it\/zioghilli\/wp-content\/uploads\/2025\/08\/IMG_20250822_195321899_HDR-1366x2048.jpg 1366w, https:\/\/www.lucaghigliano.it\/zioghilli\/wp-content\/uploads\/2025\/08\/IMG_20250822_195321899_HDR-600x900.jpg 600w, https:\/\/www.lucaghigliano.it\/zioghilli\/wp-content\/uploads\/2025\/08\/IMG_20250822_195321899_HDR-945x1417.jpg 945w, https:\/\/www.lucaghigliano.it\/zioghilli\/wp-content\/uploads\/2025\/08\/IMG_20250822_195321899_HDR-scaled.jpg 1707w\" sizes=\"(max-width: 683px) 100vw, 683px\" \/><\/noscript><\/figure>\n<\/figure>\n\n\n\n<p class=\"wp-block-paragraph\">.<br>Birrazza e aperitivo a Bardonecchia e poi a casa per le 22.00<br>&#x1f559;<\/p>\n\n\n\n<p class=\"wp-block-paragraph\"><strong>Riassunto:<\/strong> giro per gli amanti del cicloalpinismo\u2026<br>Panorami? Pazzeschi &#x2611;&#xfe0f;<br>Le fatica per arrivare CON LA bici a 3.332m \u00e8 stata ripagata? S\u00ec &#x2611;&#xfe0f;<br>Lo rifarei? AhAhAh. Fatto \u00e8 fatto. Basta cos\u00ec&#8230; &#x1f601;<br>&#x1f601;<\/p>\n\n\n\n<p class=\"wp-block-paragraph\">Per\u00f2 mentre passavo vicino alla stazione di Beaulard mi \u00e8 tornata una gran voglia di fare il giro del Passo della Mulattiera quindi direi che\u2026<br>&#x1f60d;<\/p>\n\n\n\n<p class=\"wp-block-paragraph\">Comunque sia: <strong>AMAZING<\/strong> &#x1f48b;<\/p>\n\n\n\n<p class=\"wp-block-paragraph\">&#x26a0;&#xfe0f; <strong>NOTA IMPORANTE: se non siete amanti del cicloalpinismo e conseguente portage\/spintage\/pousage non prendete in considireazione questo giro impegnativo. Met\u00e0 dislivello pedalando, met\u00e0 spingendo (la maggior parte) e portando a spalla (pochi tratti)<\/strong><br>.<\/p>\n\n\n\n<p class=\"has-text-align-center wp-block-paragraph\">&#x2b06;&#xfe0f; <strong>TI \u00c8 PIACIUTO L&#8217;ARTICOLO?<\/strong> &#x2b06;&#xfe0f;<br>L&#8217;interazione con i lettori \u00e8 una delle maggiori soddisfazioni di un blogger!<br>&#x1f642;&#x1f643;<br>Lascia un commento qui sotto e ti risponder\u00f2 al pi\u00f9 presto<br>&#x2b07;&#xfe0f;&#x2b07;&#xfe0f;&#x2b07;&#xfe0f;<\/p>\n","protected":false},"excerpt":{"rendered":"<p>Punta Sommeiller in MTB \u00e8 una grande classico del cicloalpinismo in Val Susa. Un bel giro in mountain-bike partendo da Bardonecchia<\/p>\n","protected":false},"author":1,"featured_media":4207,"comment_status":"open","ping_status":"open","sticky":false,"template":"","format":"standard","meta":{"footnotes":""},"categories":[1,6],"tags":[12,44,26,10,29,16,15,17],"class_list":["post-4158","post","type-post","status-publish","format-standard","has-post-thumbnail","hentry","category-blog","category-bici","tag-canyon-nerve","tag-cicloalpinismo","tag-mountain-bike","tag-mountain-bike-piemonte","tag-mountain-bike-torino","tag-mtb-bardonecchia","tag-mtb-in-val-susa","tag-oltre-3000m-in-mtb"],"_links":{"self":[{"href":"https:\/\/www.lucaghigliano.it\/zioghilli\/wp-json\/wp\/v2\/posts\/4158","targetHints":{"allow":["GET"]}}],"collection":[{"href":"https:\/\/www.lucaghigliano.it\/zioghilli\/wp-json\/wp\/v2\/posts"}],"about":[{"href":"https:\/\/www.lucaghigliano.it\/zioghilli\/wp-json\/wp\/v2\/types\/post"}],"author":[{"embeddable":true,"href":"https:\/\/www.lucaghigliano.it\/zioghilli\/wp-json\/wp\/v2\/users\/1"}],"replies":[{"embeddable":true,"href":"https:\/\/www.lucaghigliano.it\/zioghilli\/wp-json\/wp\/v2\/comments?post=4158"}],"version-history":[{"count":0,"href":"https:\/\/www.lucaghigliano.it\/zioghilli\/wp-json\/wp\/v2\/posts\/4158\/revisions"}],"wp:featuredmedia":[{"embeddable":true,"href":"https:\/\/www.lucaghigliano.it\/zioghilli\/wp-json\/wp\/v2\/media\/4207"}],"wp:attachment":[{"href":"https:\/\/www.lucaghigliano.it\/zioghilli\/wp-json\/wp\/v2\/media?parent=4158"}],"wp:term":[{"taxonomy":"category","embeddable":true,"href":"https:\/\/www.lucaghigliano.it\/zioghilli\/wp-json\/wp\/v2\/categories?post=4158"},{"taxonomy":"post_tag","embeddable":true,"href":"https:\/\/www.lucaghigliano.it\/zioghilli\/wp-json\/wp\/v2\/tags?post=4158"}],"curies":[{"name":"wp","href":"https:\/\/api.w.org\/{rel}","templated":true}]}}