{"id":459,"date":"2017-08-30T14:39:28","date_gmt":"2017-08-30T13:39:28","guid":{"rendered":"http:\/\/www.lucaghigliano.it\/zioghilli\/?p=459"},"modified":"2025-09-15T10:38:52","modified_gmt":"2025-09-15T09:38:52","slug":"route-des-grandes-alpes-bici-3g","status":"publish","type":"post","link":"https:\/\/www.lucaghigliano.it\/zioghilli\/route-des-grandes-alpes-bici-3g\/","title":{"rendered":"Bici da corsa | Route des Grandes Alpes &#8217;17 #3"},"content":{"rendered":"\n<h2 class=\"wp-block-heading has-text-align-center\" id=\"mce_0\"><em>Route des Grandes Alpes in bici da corsa: si torna in Italia<\/em><br><em>30 agosto 2017<\/em><\/h2>\n\n\n\n<p class=\"has-text-align-center wp-block-paragraph\"><strong>3\u00b0 GIORNO<br>Isere &#8211; La Rosiere &#8211; Piccolo S. Bernardo &#8211; La Thuile &#8211; Morgex &#8211; Aosta &#8211; Pont S. Martin | 148.5km &#8211; 1.971m+ <br>Strava: <a aria-label=\"www.strava.com\/activities\/1160080555 (si apre in una nuova scheda)\" href=\"https:\/\/www.strava.com\/activities\/1160080555\" target=\"_blank\" rel=\"noreferrer noopener\">www.strava.com\/activities\/1160080555<\/a><\/strong><br><br><strong>&#8211; RIASSUNTO PUNTATE PRECEDENTI &#8211;<br>RouteDesGrandesAlpes &#8217;17 <br><\/strong><a href=\"https:\/\/www.lucaghigliano.it\/zioghilli\/route-des-grandes-alpes-i-preparativi\/\"><strong>i preparativi<\/strong><\/a><strong> | <\/strong><a href=\"https:\/\/www.lucaghigliano.it\/zioghilli\/route-des-grandes-alpes-1-g\/\"><strong>1\u00b0 giorno<\/strong><\/a><strong> | <\/strong><a href=\"https:\/\/www.lucaghigliano.it\/zioghilli\/route-des-grandes-alpes-2-giorno\/\"><strong>2\u00b0 giorno<\/strong><\/a><strong> | <\/strong><a href=\"https:\/\/www.lucaghigliano.it\/zioghilli\/route-des-grandes-alpes-3-giorno\/\"><strong>3\u00b0 giorno<\/strong><\/a><strong> | <a href=\"https:\/\/www.lucaghigliano.it\/zioghilli\/route-des-grandes-alpes-4-giorno\/\">4\u00b0 giorno<\/a><br>RouteDesGrandesAlpes &#8217;18<br><\/strong><a href=\"https:\/\/www.lucaghigliano.it\/zioghilli\/route-des-grandes-alpes-18-1\/\"><strong>1\u00b0 giorno<\/strong><\/a><strong> | <\/strong><a href=\"https:\/\/www.lucaghigliano.it\/zioghilli\/route-des-grandes-alpes-18-2\/\"><strong>2\u00b0 giorno<\/strong><\/a><strong> | <\/strong><a href=\"https:\/\/www.lucaghigliano.it\/zioghilli\/route-des-grandes-alpes-18-3\/\"><strong>3\u00b0 giorno<\/strong><\/a><strong> | <\/strong><a href=\"https:\/\/www.lucaghigliano.it\/zioghilli\/route-des-grandes-alpes-18-4\/\"><strong>4\u00b0 giorno<\/strong><\/a><strong> <br>&#8212;<\/strong><\/p>\n\n\n\n<figure class=\"wp-block-image\"><img decoding=\"async\" width=\"900\" height=\"675\" data-src=\"https:\/\/www.lucaghigliano.it\/zioghilli\/wp-content\/uploads\/2019\/02\/DSC00416.jpg\" src=\"data:image\/gif;base64,R0lGODlhAQABAIAAAAAAAP\/\/\/yH5BAEAAAAALAAAAAABAAEAAAIBRAA7\" alt=\"\" class=\"wp-image-460 lazyload\"\/><noscript><img decoding=\"async\" width=\"900\" height=\"675\" src=\"https:\/\/www.lucaghigliano.it\/zioghilli\/wp-content\/uploads\/2019\/02\/DSC00416.jpg\" alt=\"\" class=\"wp-image-460\" srcset=\"https:\/\/www.lucaghigliano.it\/zioghilli\/wp-content\/uploads\/2019\/02\/DSC00416.jpg 900w, https:\/\/www.lucaghigliano.it\/zioghilli\/wp-content\/uploads\/2019\/02\/DSC00416-300x225.jpg 300w, https:\/\/www.lucaghigliano.it\/zioghilli\/wp-content\/uploads\/2019\/02\/DSC00416-768x576.jpg 768w, https:\/\/www.lucaghigliano.it\/zioghilli\/wp-content\/uploads\/2019\/02\/DSC00416-600x450.jpg 600w\" sizes=\"(max-width: 900px) 100vw, 900px\" \/><\/noscript><figcaption class=\"wp-element-caption\">.<\/figcaption><\/figure>\n\n\n\n<p class=\"wp-block-paragraph\">Nonostante la soporifera puntata sulle lumache trasmessa su Antenne2 la notte \u00e8 stata interrotta da un lungo intermezzo sveglio dovuto alle emozioni, alle energie e perch\u00e9 no, alla <strong>consapevolezza <\/strong>che questo viaggio mi sta regalando.<br>Sveglia presto ed una doccia per ingannare il tempo oltre che per riscaldarmi in quanto la temperatura in camera \u00e8 piuttosto fresca. A colazione evito gli errori del giorno precedente e mi dedico ad abbondante the caldo, uova, pane e miele, il tutto gustato osservando la conca che circonda Val d&#8217;Isere&#8230; <\/p>\n\n\n\n<figure class=\"wp-block-image\"><img decoding=\"async\" width=\"900\" height=\"675\" data-src=\"https:\/\/www.lucaghigliano.it\/zioghilli\/wp-content\/uploads\/2019\/02\/DSC00417.jpg\" src=\"data:image\/gif;base64,R0lGODlhAQABAIAAAAAAAP\/\/\/yH5BAEAAAAALAAAAAABAAEAAAIBRAA7\" alt=\"\" class=\"wp-image-461 lazyload\"\/><noscript><img decoding=\"async\" width=\"900\" height=\"675\" src=\"https:\/\/www.lucaghigliano.it\/zioghilli\/wp-content\/uploads\/2019\/02\/DSC00417.jpg\" alt=\"\" class=\"wp-image-461\" srcset=\"https:\/\/www.lucaghigliano.it\/zioghilli\/wp-content\/uploads\/2019\/02\/DSC00417.jpg 900w, https:\/\/www.lucaghigliano.it\/zioghilli\/wp-content\/uploads\/2019\/02\/DSC00417-300x225.jpg 300w, https:\/\/www.lucaghigliano.it\/zioghilli\/wp-content\/uploads\/2019\/02\/DSC00417-768x576.jpg 768w, https:\/\/www.lucaghigliano.it\/zioghilli\/wp-content\/uploads\/2019\/02\/DSC00417-600x450.jpg 600w\" sizes=\"(max-width: 900px) 100vw, 900px\" \/><\/noscript><figcaption class=\"wp-element-caption\">Dubbi amletici: sar\u00e0 nato prima l&#8217;ovo o a galina?<br>.<\/figcaption><\/figure>\n\n\n\n<figure class=\"wp-block-image\"><img decoding=\"async\" width=\"900\" height=\"675\" data-src=\"https:\/\/www.lucaghigliano.it\/zioghilli\/wp-content\/uploads\/2019\/02\/DSC00420.jpg\" src=\"data:image\/gif;base64,R0lGODlhAQABAIAAAAAAAP\/\/\/yH5BAEAAAAALAAAAAABAAEAAAIBRAA7\" alt=\"\" class=\"wp-image-462 lazyload\"\/><noscript><img decoding=\"async\" width=\"900\" height=\"675\" src=\"https:\/\/www.lucaghigliano.it\/zioghilli\/wp-content\/uploads\/2019\/02\/DSC00420.jpg\" alt=\"\" class=\"wp-image-462\" srcset=\"https:\/\/www.lucaghigliano.it\/zioghilli\/wp-content\/uploads\/2019\/02\/DSC00420.jpg 900w, https:\/\/www.lucaghigliano.it\/zioghilli\/wp-content\/uploads\/2019\/02\/DSC00420-300x225.jpg 300w, https:\/\/www.lucaghigliano.it\/zioghilli\/wp-content\/uploads\/2019\/02\/DSC00420-768x576.jpg 768w, https:\/\/www.lucaghigliano.it\/zioghilli\/wp-content\/uploads\/2019\/02\/DSC00420-600x450.jpg 600w\" sizes=\"(max-width: 900px) 100vw, 900px\" \/><\/noscript><figcaption class=\"wp-element-caption\">.<\/figcaption><\/figure>\n\n\n\n<p class=\"wp-block-paragraph\">Mentre carico le borse noto che fuori dall&#8217;albergo c&#8217;\u00e8 parcheggiato un bellissimo Porsche Carrera bianco che mi fa ritornare indietro di qualche anno, ragionando per\u00f2 sul fatto che sinceramente, in questo momento della mia vita, non permuterei la riuscita di un viaggio simile con la possibilit\u00e0 di avere in garage un bellissimo oggetto simile. Spero di non passare per snob che gioca alla volpe e l&#8217;uva con questa affermazione ma&#8230; <strong>\u00e8 strano ma cos\u00ec.<\/strong> Certo averne uno in prestito per una settimana di follie al Nurburgring non mi dispiacerebbe ma la mia Canyon mi soddisfa a sufficienza&#8230; E consuma meno \ud83d\ude1b<\/p>\n\n\n\n<figure class=\"wp-block-image\"><img decoding=\"async\" width=\"900\" height=\"675\" data-src=\"https:\/\/www.lucaghigliano.it\/zioghilli\/wp-content\/uploads\/2019\/02\/DSC00421.jpg\" src=\"data:image\/gif;base64,R0lGODlhAQABAIAAAAAAAP\/\/\/yH5BAEAAAAALAAAAAABAAEAAAIBRAA7\" alt=\"\" class=\"wp-image-463 lazyload\"\/><noscript><img decoding=\"async\" width=\"900\" height=\"675\" src=\"https:\/\/www.lucaghigliano.it\/zioghilli\/wp-content\/uploads\/2019\/02\/DSC00421.jpg\" alt=\"\" class=\"wp-image-463\" srcset=\"https:\/\/www.lucaghigliano.it\/zioghilli\/wp-content\/uploads\/2019\/02\/DSC00421.jpg 900w, https:\/\/www.lucaghigliano.it\/zioghilli\/wp-content\/uploads\/2019\/02\/DSC00421-300x225.jpg 300w, https:\/\/www.lucaghigliano.it\/zioghilli\/wp-content\/uploads\/2019\/02\/DSC00421-768x576.jpg 768w, https:\/\/www.lucaghigliano.it\/zioghilli\/wp-content\/uploads\/2019\/02\/DSC00421-600x450.jpg 600w\" sizes=\"(max-width: 900px) 100vw, 900px\" \/><\/noscript><figcaption class=\"wp-element-caption\">.<\/figcaption><\/figure>\n\n\n\n<p class=\"wp-block-paragraph\"> Inizio a pedalare attraverso una Val d&#8217;Isere che profuma di Far West, praticamente deserta e caratterizzata da lavori post-vacanzieri: c&#8217;\u00e8 chi sistema la facciata di un albergo e chi ne costruisce uno nuovo. Ma si respira gi\u00e0 aria di autunno, come se ci\u00f2 che c&#8217;era da fare s&#8217;\u00e8 fatto in attesa della neve&#8230;<br>Costeggio il lac du Chevril che, con le sue buie gallerie, precede una lunghissima e veloce discesa verso S\u00e8ez&#8230; <\/p>\n\n\n\n<figure class=\"wp-block-image\"><img decoding=\"async\" width=\"900\" height=\"675\" data-src=\"https:\/\/www.lucaghigliano.it\/zioghilli\/wp-content\/uploads\/2019\/02\/DSC00422.jpg\" src=\"data:image\/gif;base64,R0lGODlhAQABAIAAAAAAAP\/\/\/yH5BAEAAAAALAAAAAABAAEAAAIBRAA7\" alt=\"\" class=\"wp-image-464 lazyload\"\/><noscript><img decoding=\"async\" width=\"900\" height=\"675\" src=\"https:\/\/www.lucaghigliano.it\/zioghilli\/wp-content\/uploads\/2019\/02\/DSC00422.jpg\" alt=\"\" class=\"wp-image-464\" srcset=\"https:\/\/www.lucaghigliano.it\/zioghilli\/wp-content\/uploads\/2019\/02\/DSC00422.jpg 900w, https:\/\/www.lucaghigliano.it\/zioghilli\/wp-content\/uploads\/2019\/02\/DSC00422-300x225.jpg 300w, https:\/\/www.lucaghigliano.it\/zioghilli\/wp-content\/uploads\/2019\/02\/DSC00422-768x576.jpg 768w, https:\/\/www.lucaghigliano.it\/zioghilli\/wp-content\/uploads\/2019\/02\/DSC00422-600x450.jpg 600w\" sizes=\"(max-width: 900px) 100vw, 900px\" \/><\/noscript><figcaption class=\"wp-element-caption\">Zoomando si vede bene che una delle gallerie passa sotto alla cascata<br>.<\/figcaption><\/figure>\n\n\n\n<figure class=\"wp-block-image\"><img decoding=\"async\" width=\"900\" height=\"675\" data-src=\"https:\/\/www.lucaghigliano.it\/zioghilli\/wp-content\/uploads\/2019\/02\/DSC00423.jpg\" src=\"data:image\/gif;base64,R0lGODlhAQABAIAAAAAAAP\/\/\/yH5BAEAAAAALAAAAAABAAEAAAIBRAA7\" alt=\"\" class=\"wp-image-465 lazyload\"\/><noscript><img decoding=\"async\" width=\"900\" height=\"675\" src=\"https:\/\/www.lucaghigliano.it\/zioghilli\/wp-content\/uploads\/2019\/02\/DSC00423.jpg\" alt=\"\" class=\"wp-image-465\" srcset=\"https:\/\/www.lucaghigliano.it\/zioghilli\/wp-content\/uploads\/2019\/02\/DSC00423.jpg 900w, https:\/\/www.lucaghigliano.it\/zioghilli\/wp-content\/uploads\/2019\/02\/DSC00423-300x225.jpg 300w, https:\/\/www.lucaghigliano.it\/zioghilli\/wp-content\/uploads\/2019\/02\/DSC00423-768x576.jpg 768w, https:\/\/www.lucaghigliano.it\/zioghilli\/wp-content\/uploads\/2019\/02\/DSC00423-600x450.jpg 600w\" sizes=\"(max-width: 900px) 100vw, 900px\" \/><\/noscript><figcaption class=\"wp-element-caption\">.<\/figcaption><\/figure>\n\n\n\n<p class=\"wp-block-paragraph\">Durante la discesa mi accorgo che su questo tratto di strada gli automobilisti camminano come pazzi. Poi invece di raggiungere il fondovalle un cartello stradale mi propone una deviazione verso La Rosiere&#8230; C&#8217;\u00e8 il disegno di una bicicletta, sar\u00e0 meglio approfittarne. Invece questi 11km che mi accorciano la percorrenza me la rendono anche pi\u00f9 gravosa, caratterizzati da pendenze a tratti importanti; aggiungiamoci anche che sono nuovamente senz&#8217;acqua e completiamo il quadro. <\/p>\n\n\n\n<figure class=\"wp-block-image\"><img decoding=\"async\" width=\"1024\" height=\"512\" data-src=\"https:\/\/www.lucaghigliano.it\/zioghilli\/wp-content\/uploads\/2019\/02\/DSC00424-1024x512.jpg\" src=\"data:image\/gif;base64,R0lGODlhAQABAIAAAAAAAP\/\/\/yH5BAEAAAAALAAAAAABAAEAAAIBRAA7\" alt=\"\" class=\"wp-image-466 lazyload\"\/><noscript><img decoding=\"async\" width=\"1024\" height=\"512\" src=\"https:\/\/www.lucaghigliano.it\/zioghilli\/wp-content\/uploads\/2019\/02\/DSC00424-1024x512.jpg\" alt=\"\" class=\"wp-image-466\" srcset=\"https:\/\/www.lucaghigliano.it\/zioghilli\/wp-content\/uploads\/2019\/02\/DSC00424-1024x512.jpg 1024w, https:\/\/www.lucaghigliano.it\/zioghilli\/wp-content\/uploads\/2019\/02\/DSC00424-300x150.jpg 300w, https:\/\/www.lucaghigliano.it\/zioghilli\/wp-content\/uploads\/2019\/02\/DSC00424-768x384.jpg 768w, https:\/\/www.lucaghigliano.it\/zioghilli\/wp-content\/uploads\/2019\/02\/DSC00424-945x472.jpg 945w, https:\/\/www.lucaghigliano.it\/zioghilli\/wp-content\/uploads\/2019\/02\/DSC00424-600x300.jpg 600w, https:\/\/www.lucaghigliano.it\/zioghilli\/wp-content\/uploads\/2019\/02\/DSC00424.jpg 1601w\" sizes=\"(max-width: 1024px) 100vw, 1024px\" \/><\/noscript><figcaption class=\"wp-element-caption\">Colle Piccolo San Bernardo \u00a9 salite.ch<br>.<\/figcaption><\/figure>\n\n\n\n<figure class=\"wp-block-image\"><img decoding=\"async\" width=\"900\" height=\"675\" data-src=\"https:\/\/www.lucaghigliano.it\/zioghilli\/wp-content\/uploads\/2019\/02\/DSC00425.jpg\" src=\"data:image\/gif;base64,R0lGODlhAQABAIAAAAAAAP\/\/\/yH5BAEAAAAALAAAAAABAAEAAAIBRAA7\" alt=\"\" class=\"wp-image-469 lazyload\"\/><noscript><img decoding=\"async\" width=\"900\" height=\"675\" src=\"https:\/\/www.lucaghigliano.it\/zioghilli\/wp-content\/uploads\/2019\/02\/DSC00425.jpg\" alt=\"\" class=\"wp-image-469\" srcset=\"https:\/\/www.lucaghigliano.it\/zioghilli\/wp-content\/uploads\/2019\/02\/DSC00425.jpg 900w, https:\/\/www.lucaghigliano.it\/zioghilli\/wp-content\/uploads\/2019\/02\/DSC00425-300x225.jpg 300w, https:\/\/www.lucaghigliano.it\/zioghilli\/wp-content\/uploads\/2019\/02\/DSC00425-768x576.jpg 768w, https:\/\/www.lucaghigliano.it\/zioghilli\/wp-content\/uploads\/2019\/02\/DSC00425-600x450.jpg 600w\" sizes=\"(max-width: 900px) 100vw, 900px\" \/><\/noscript><figcaption class=\"wp-element-caption\">.<\/figcaption><\/figure>\n\n\n\n<p class=\"wp-block-paragraph\">\n\n\u00c8 comunque una salita panoramicamente piacevole, accompagnata dal profumo di resina di pino e dal sole &#8220;piccante&#8221;.\n\n<\/p>\n\n\n\n<figure class=\"wp-block-image\"><img decoding=\"async\" width=\"900\" height=\"675\" data-src=\"https:\/\/www.lucaghigliano.it\/zioghilli\/wp-content\/uploads\/2019\/02\/DSC00427.jpg\" src=\"data:image\/gif;base64,R0lGODlhAQABAIAAAAAAAP\/\/\/yH5BAEAAAAALAAAAAABAAEAAAIBRAA7\" alt=\"\" class=\"wp-image-470 lazyload\"\/><noscript><img decoding=\"async\" width=\"900\" height=\"675\" src=\"https:\/\/www.lucaghigliano.it\/zioghilli\/wp-content\/uploads\/2019\/02\/DSC00427.jpg\" alt=\"\" class=\"wp-image-470\" srcset=\"https:\/\/www.lucaghigliano.it\/zioghilli\/wp-content\/uploads\/2019\/02\/DSC00427.jpg 900w, https:\/\/www.lucaghigliano.it\/zioghilli\/wp-content\/uploads\/2019\/02\/DSC00427-300x225.jpg 300w, https:\/\/www.lucaghigliano.it\/zioghilli\/wp-content\/uploads\/2019\/02\/DSC00427-768x576.jpg 768w, https:\/\/www.lucaghigliano.it\/zioghilli\/wp-content\/uploads\/2019\/02\/DSC00427-600x450.jpg 600w\" sizes=\"(max-width: 900px) 100vw, 900px\" \/><\/noscript><figcaption class=\"wp-element-caption\">PlanzaPut oppure Italie? <br>.<\/figcaption><\/figure>\n\n\n\n<figure class=\"wp-block-image\"><img decoding=\"async\" width=\"900\" height=\"675\" data-src=\"https:\/\/www.lucaghigliano.it\/zioghilli\/wp-content\/uploads\/2019\/02\/DSC00432.jpg\" src=\"data:image\/gif;base64,R0lGODlhAQABAIAAAAAAAP\/\/\/yH5BAEAAAAALAAAAAABAAEAAAIBRAA7\" alt=\"\" class=\"wp-image-471 lazyload\"\/><noscript><img decoding=\"async\" width=\"900\" height=\"675\" src=\"https:\/\/www.lucaghigliano.it\/zioghilli\/wp-content\/uploads\/2019\/02\/DSC00432.jpg\" alt=\"\" class=\"wp-image-471\" srcset=\"https:\/\/www.lucaghigliano.it\/zioghilli\/wp-content\/uploads\/2019\/02\/DSC00432.jpg 900w, https:\/\/www.lucaghigliano.it\/zioghilli\/wp-content\/uploads\/2019\/02\/DSC00432-300x225.jpg 300w, https:\/\/www.lucaghigliano.it\/zioghilli\/wp-content\/uploads\/2019\/02\/DSC00432-768x576.jpg 768w, https:\/\/www.lucaghigliano.it\/zioghilli\/wp-content\/uploads\/2019\/02\/DSC00432-600x450.jpg 600w\" sizes=\"(max-width: 900px) 100vw, 900px\" \/><\/noscript><figcaption class=\"wp-element-caption\">.<\/figcaption><\/figure>\n\n\n\n<p class=\"wp-block-paragraph\">Quando finalmente raggiungo la strada del<strong> Piccolo San Bernardo<\/strong>, con le sue pendenze pi\u00f9 dolci, mi sembra quasi di pedalare in pianura ed infatti <strong>La Rosiere<\/strong> arriva in un batter di ciglia. Mi fermo in un minimarket e compro nuovamente acqua e succo di mela che mi bevo seduto tranquillamente su una panchina: passa un padre su una full da enduro seguito da due bimbi su delle mini-front della Commencal. Ragionando un attimo sulle tempistiche, ormai sono in anticipo di un giorno: e se invece di terminare il mio viaggio alla stazione di Aosta andassi direttamente a casa pedalando? Tempo a disposizione ne ho e trovo affascinante pensare <strong><em>a casa<\/em><\/strong> mentre sono <em><strong>sul Piccolo S. Bernardo<\/strong><\/em>. Arriva una coppia su una BMW serie 1 sportiva e passano tanti ciclisti &#8220;stradisti&#8221;. Nel frattempo mi telefona <a rel=\"noreferrer noopener\" aria-label=\" (si apre in una nuova scheda)\" href=\"https:\/\/www.facebook.com\/cristiano.forgnone\/\" target=\"_blank\">Cristiano<\/a> per accertarsi delle mie condizioni fisiche e rispondo ai tanti messaggi whatsapp di amici che mi scrivono: <strong>questo viaggio solitario desta molta curiosit\u00e0&#8230;<\/strong> \ud83d\ude42<\/p>\n\n\n\n<figure class=\"wp-block-image\"><img decoding=\"async\" width=\"900\" height=\"675\" data-src=\"https:\/\/www.lucaghigliano.it\/zioghilli\/wp-content\/uploads\/2019\/02\/DSC00433.jpg\" src=\"data:image\/gif;base64,R0lGODlhAQABAIAAAAAAAP\/\/\/yH5BAEAAAAALAAAAAABAAEAAAIBRAA7\" alt=\"\" class=\"wp-image-472 lazyload\"\/><noscript><img decoding=\"async\" width=\"900\" height=\"675\" src=\"https:\/\/www.lucaghigliano.it\/zioghilli\/wp-content\/uploads\/2019\/02\/DSC00433.jpg\" alt=\"\" class=\"wp-image-472\" srcset=\"https:\/\/www.lucaghigliano.it\/zioghilli\/wp-content\/uploads\/2019\/02\/DSC00433.jpg 900w, https:\/\/www.lucaghigliano.it\/zioghilli\/wp-content\/uploads\/2019\/02\/DSC00433-300x225.jpg 300w, https:\/\/www.lucaghigliano.it\/zioghilli\/wp-content\/uploads\/2019\/02\/DSC00433-768x576.jpg 768w, https:\/\/www.lucaghigliano.it\/zioghilli\/wp-content\/uploads\/2019\/02\/DSC00433-600x450.jpg 600w\" sizes=\"(max-width: 900px) 100vw, 900px\" \/><\/noscript><figcaption class=\"wp-element-caption\">Laggi\u00f9 S\u00e8ez<br>.<\/figcaption><\/figure>\n\n\n\n<figure class=\"wp-block-image\"><img decoding=\"async\" width=\"900\" height=\"675\" data-src=\"https:\/\/www.lucaghigliano.it\/zioghilli\/wp-content\/uploads\/2019\/02\/DSC00435.jpg\" src=\"data:image\/gif;base64,R0lGODlhAQABAIAAAAAAAP\/\/\/yH5BAEAAAAALAAAAAABAAEAAAIBRAA7\" alt=\"\" class=\"wp-image-473 lazyload\"\/><noscript><img decoding=\"async\" width=\"900\" height=\"675\" src=\"https:\/\/www.lucaghigliano.it\/zioghilli\/wp-content\/uploads\/2019\/02\/DSC00435.jpg\" alt=\"\" class=\"wp-image-473\" srcset=\"https:\/\/www.lucaghigliano.it\/zioghilli\/wp-content\/uploads\/2019\/02\/DSC00435.jpg 900w, https:\/\/www.lucaghigliano.it\/zioghilli\/wp-content\/uploads\/2019\/02\/DSC00435-300x225.jpg 300w, https:\/\/www.lucaghigliano.it\/zioghilli\/wp-content\/uploads\/2019\/02\/DSC00435-768x576.jpg 768w, https:\/\/www.lucaghigliano.it\/zioghilli\/wp-content\/uploads\/2019\/02\/DSC00435-600x450.jpg 600w\" sizes=\"(max-width: 900px) 100vw, 900px\" \/><\/noscript><figcaption class=\"wp-element-caption\">.<\/figcaption><\/figure>\n\n\n\n<p class=\"wp-block-paragraph\">\n\nRiparto in direzione del colle che raggiungo dopo circa tre quarti d&#8217;ora, era il penultimo colle da scalare e rappresenta il mio rientro in Italia&#8230;\n\n<\/p>\n\n\n\n<figure class=\"wp-block-image\"><img decoding=\"async\" width=\"900\" height=\"675\" data-src=\"https:\/\/www.lucaghigliano.it\/zioghilli\/wp-content\/uploads\/2019\/02\/DSC00436.jpg\" src=\"data:image\/gif;base64,R0lGODlhAQABAIAAAAAAAP\/\/\/yH5BAEAAAAALAAAAAABAAEAAAIBRAA7\" alt=\"\" class=\"wp-image-474 lazyload\"\/><noscript><img decoding=\"async\" width=\"900\" height=\"675\" src=\"https:\/\/www.lucaghigliano.it\/zioghilli\/wp-content\/uploads\/2019\/02\/DSC00436.jpg\" alt=\"\" class=\"wp-image-474\" srcset=\"https:\/\/www.lucaghigliano.it\/zioghilli\/wp-content\/uploads\/2019\/02\/DSC00436.jpg 900w, https:\/\/www.lucaghigliano.it\/zioghilli\/wp-content\/uploads\/2019\/02\/DSC00436-300x225.jpg 300w, https:\/\/www.lucaghigliano.it\/zioghilli\/wp-content\/uploads\/2019\/02\/DSC00436-768x576.jpg 768w, https:\/\/www.lucaghigliano.it\/zioghilli\/wp-content\/uploads\/2019\/02\/DSC00436-600x450.jpg 600w\" sizes=\"(max-width: 900px) 100vw, 900px\" \/><\/noscript><figcaption class=\"wp-element-caption\">Ad attendermi in cima ecco alcune ammiratrici<br>.<\/figcaption><\/figure>\n\n\n\n<figure class=\"wp-block-image\"><img decoding=\"async\" width=\"900\" height=\"675\" data-src=\"https:\/\/www.lucaghigliano.it\/zioghilli\/wp-content\/uploads\/2019\/02\/DSC00438.jpg\" src=\"data:image\/gif;base64,R0lGODlhAQABAIAAAAAAAP\/\/\/yH5BAEAAAAALAAAAAABAAEAAAIBRAA7\" alt=\"\" class=\"wp-image-475 lazyload\"\/><noscript><img decoding=\"async\" width=\"900\" height=\"675\" src=\"https:\/\/www.lucaghigliano.it\/zioghilli\/wp-content\/uploads\/2019\/02\/DSC00438.jpg\" alt=\"\" class=\"wp-image-475\" srcset=\"https:\/\/www.lucaghigliano.it\/zioghilli\/wp-content\/uploads\/2019\/02\/DSC00438.jpg 900w, https:\/\/www.lucaghigliano.it\/zioghilli\/wp-content\/uploads\/2019\/02\/DSC00438-300x225.jpg 300w, https:\/\/www.lucaghigliano.it\/zioghilli\/wp-content\/uploads\/2019\/02\/DSC00438-768x576.jpg 768w, https:\/\/www.lucaghigliano.it\/zioghilli\/wp-content\/uploads\/2019\/02\/DSC00438-600x450.jpg 600w\" sizes=\"(max-width: 900px) 100vw, 900px\" \/><\/noscript><figcaption class=\"wp-element-caption\">E anche il Piccolo SanBerBau \u00e8 fatto<br>.<\/figcaption><\/figure>\n\n\n\n<figure class=\"wp-block-image\"><img decoding=\"async\" width=\"900\" height=\"675\" data-src=\"https:\/\/www.lucaghigliano.it\/zioghilli\/wp-content\/uploads\/2019\/02\/DSC00442.jpg\" src=\"data:image\/gif;base64,R0lGODlhAQABAIAAAAAAAP\/\/\/yH5BAEAAAAALAAAAAABAAEAAAIBRAA7\" alt=\"\" class=\"wp-image-477 lazyload\"\/><noscript><img decoding=\"async\" width=\"900\" height=\"675\" src=\"https:\/\/www.lucaghigliano.it\/zioghilli\/wp-content\/uploads\/2019\/02\/DSC00442.jpg\" alt=\"\" class=\"wp-image-477\" srcset=\"https:\/\/www.lucaghigliano.it\/zioghilli\/wp-content\/uploads\/2019\/02\/DSC00442.jpg 900w, https:\/\/www.lucaghigliano.it\/zioghilli\/wp-content\/uploads\/2019\/02\/DSC00442-300x225.jpg 300w, https:\/\/www.lucaghigliano.it\/zioghilli\/wp-content\/uploads\/2019\/02\/DSC00442-768x576.jpg 768w, https:\/\/www.lucaghigliano.it\/zioghilli\/wp-content\/uploads\/2019\/02\/DSC00442-600x450.jpg 600w\" sizes=\"(max-width: 900px) 100vw, 900px\" \/><\/noscript><figcaption class=\"wp-element-caption\">C&#8217;\u00e8 molto movimento in cima per via del passaggio di una gara di corsa<br>.<\/figcaption><\/figure>\n\n\n\n<figure class=\"wp-block-image\"><img decoding=\"async\" width=\"900\" height=\"675\" data-src=\"https:\/\/www.lucaghigliano.it\/zioghilli\/wp-content\/uploads\/2019\/02\/DSC00439.jpg\" src=\"data:image\/gif;base64,R0lGODlhAQABAIAAAAAAAP\/\/\/yH5BAEAAAAALAAAAAABAAEAAAIBRAA7\" alt=\"\" class=\"wp-image-476 lazyload\"\/><noscript><img decoding=\"async\" width=\"900\" height=\"675\" src=\"https:\/\/www.lucaghigliano.it\/zioghilli\/wp-content\/uploads\/2019\/02\/DSC00439.jpg\" alt=\"\" class=\"wp-image-476\" srcset=\"https:\/\/www.lucaghigliano.it\/zioghilli\/wp-content\/uploads\/2019\/02\/DSC00439.jpg 900w, https:\/\/www.lucaghigliano.it\/zioghilli\/wp-content\/uploads\/2019\/02\/DSC00439-300x225.jpg 300w, https:\/\/www.lucaghigliano.it\/zioghilli\/wp-content\/uploads\/2019\/02\/DSC00439-768x576.jpg 768w, https:\/\/www.lucaghigliano.it\/zioghilli\/wp-content\/uploads\/2019\/02\/DSC00439-600x450.jpg 600w\" sizes=\"(max-width: 900px) 100vw, 900px\" \/><\/noscript><figcaption class=\"wp-element-caption\">Quindi indosso la mantellina e mi godo la discesa verso La Thuile<br>.<\/figcaption><\/figure>\n\n\n\n<figure class=\"wp-block-image\"><img decoding=\"async\" width=\"900\" height=\"675\" data-src=\"https:\/\/www.lucaghigliano.it\/zioghilli\/wp-content\/uploads\/2019\/02\/DSC00441.jpg\" src=\"data:image\/gif;base64,R0lGODlhAQABAIAAAAAAAP\/\/\/yH5BAEAAAAALAAAAAABAAEAAAIBRAA7\" alt=\"\" class=\"wp-image-478 lazyload\"\/><noscript><img decoding=\"async\" width=\"900\" height=\"675\" src=\"https:\/\/www.lucaghigliano.it\/zioghilli\/wp-content\/uploads\/2019\/02\/DSC00441.jpg\" alt=\"\" class=\"wp-image-478\" srcset=\"https:\/\/www.lucaghigliano.it\/zioghilli\/wp-content\/uploads\/2019\/02\/DSC00441.jpg 900w, https:\/\/www.lucaghigliano.it\/zioghilli\/wp-content\/uploads\/2019\/02\/DSC00441-300x225.jpg 300w, https:\/\/www.lucaghigliano.it\/zioghilli\/wp-content\/uploads\/2019\/02\/DSC00441-768x576.jpg 768w, https:\/\/www.lucaghigliano.it\/zioghilli\/wp-content\/uploads\/2019\/02\/DSC00441-600x450.jpg 600w\" sizes=\"(max-width: 900px) 100vw, 900px\" \/><\/noscript><figcaption class=\"wp-element-caption\">Dietro le nuvole c&#8217;\u00e8 un pezzetto di MonteBianco<br>.<\/figcaption><\/figure>\n\n\n\n<figure class=\"wp-block-image\"><img decoding=\"async\" width=\"900\" height=\"675\" data-src=\"https:\/\/www.lucaghigliano.it\/zioghilli\/wp-content\/uploads\/2019\/02\/DSC00444.jpg\" src=\"data:image\/gif;base64,R0lGODlhAQABAIAAAAAAAP\/\/\/yH5BAEAAAAALAAAAAABAAEAAAIBRAA7\" alt=\"\" class=\"wp-image-480 lazyload\"\/><noscript><img decoding=\"async\" width=\"900\" height=\"675\" src=\"https:\/\/www.lucaghigliano.it\/zioghilli\/wp-content\/uploads\/2019\/02\/DSC00444.jpg\" alt=\"\" class=\"wp-image-480\" srcset=\"https:\/\/www.lucaghigliano.it\/zioghilli\/wp-content\/uploads\/2019\/02\/DSC00444.jpg 900w, https:\/\/www.lucaghigliano.it\/zioghilli\/wp-content\/uploads\/2019\/02\/DSC00444-300x225.jpg 300w, https:\/\/www.lucaghigliano.it\/zioghilli\/wp-content\/uploads\/2019\/02\/DSC00444-768x576.jpg 768w, https:\/\/www.lucaghigliano.it\/zioghilli\/wp-content\/uploads\/2019\/02\/DSC00444-600x450.jpg 600w\" sizes=\"(max-width: 900px) 100vw, 900px\" \/><\/noscript><figcaption class=\"wp-element-caption\">.<\/figcaption><\/figure>\n\n\n\n<p class=\"wp-block-paragraph\">\n\nA La Thuile pausa in piazza per una mela ed una pesca e qualche mandorla e poi&#8230;\n\n<\/p>\n\n\n\n<figure class=\"wp-block-image\"><img decoding=\"async\" width=\"1024\" height=\"512\" data-src=\"https:\/\/www.lucaghigliano.it\/zioghilli\/wp-content\/uploads\/2019\/02\/DSC00444-2-1024x512.jpg\" src=\"data:image\/gif;base64,R0lGODlhAQABAIAAAAAAAP\/\/\/yH5BAEAAAAALAAAAAABAAEAAAIBRAA7\" alt=\"\" class=\"wp-image-481 lazyload\"\/><noscript><img decoding=\"async\" width=\"1024\" height=\"512\" src=\"https:\/\/www.lucaghigliano.it\/zioghilli\/wp-content\/uploads\/2019\/02\/DSC00444-2-1024x512.jpg\" alt=\"\" class=\"wp-image-481\" srcset=\"https:\/\/www.lucaghigliano.it\/zioghilli\/wp-content\/uploads\/2019\/02\/DSC00444-2-1024x512.jpg 1024w, https:\/\/www.lucaghigliano.it\/zioghilli\/wp-content\/uploads\/2019\/02\/DSC00444-2-300x150.jpg 300w, https:\/\/www.lucaghigliano.it\/zioghilli\/wp-content\/uploads\/2019\/02\/DSC00444-2-768x384.jpg 768w, https:\/\/www.lucaghigliano.it\/zioghilli\/wp-content\/uploads\/2019\/02\/DSC00444-2-945x472.jpg 945w, https:\/\/www.lucaghigliano.it\/zioghilli\/wp-content\/uploads\/2019\/02\/DSC00444-2-600x300.jpg 600w, https:\/\/www.lucaghigliano.it\/zioghilli\/wp-content\/uploads\/2019\/02\/DSC00444-2.jpg 1601w\" sizes=\"(max-width: 1024px) 100vw, 1024px\" \/><\/noscript><figcaption class=\"wp-element-caption\">Colle San Carlo \u00a9 salite.ch<br>.<\/figcaption><\/figure>\n\n\n\n<figure class=\"wp-block-image\"><img decoding=\"async\" width=\"900\" height=\"675\" data-src=\"https:\/\/www.lucaghigliano.it\/zioghilli\/wp-content\/uploads\/2019\/02\/DSC00445.jpg\" src=\"data:image\/gif;base64,R0lGODlhAQABAIAAAAAAAP\/\/\/yH5BAEAAAAALAAAAAABAAEAAAIBRAA7\" alt=\"\" class=\"wp-image-482 lazyload\"\/><noscript><img decoding=\"async\" width=\"900\" height=\"675\" src=\"https:\/\/www.lucaghigliano.it\/zioghilli\/wp-content\/uploads\/2019\/02\/DSC00445.jpg\" alt=\"\" class=\"wp-image-482\" srcset=\"https:\/\/www.lucaghigliano.it\/zioghilli\/wp-content\/uploads\/2019\/02\/DSC00445.jpg 900w, https:\/\/www.lucaghigliano.it\/zioghilli\/wp-content\/uploads\/2019\/02\/DSC00445-300x225.jpg 300w, https:\/\/www.lucaghigliano.it\/zioghilli\/wp-content\/uploads\/2019\/02\/DSC00445-768x576.jpg 768w, https:\/\/www.lucaghigliano.it\/zioghilli\/wp-content\/uploads\/2019\/02\/DSC00445-600x450.jpg 600w\" sizes=\"(max-width: 900px) 100vw, 900px\" \/><\/noscript><figcaption class=\"wp-element-caption\">.<\/figcaption><\/figure>\n\n\n\n<p class=\"wp-block-paragraph\"> &#8230;svolto per il breve ma intenso Colle San Carlo, caratterizzato da alcune rampe al 14%. L&#8217;avevo gi\u00e0 percorso <a href=\"https:\/\/www.lucaghigliano.it\/zioghilli\/sonnellino-a-10\/\" target=\"_blank\" rel=\"noreferrer noopener\" aria-label=\"sei mesi prima in versione invernale (si apre in una nuova scheda)\">sei mesi prima in versione invernale<\/a>, in compagnia di MarcoEporedia, Giammai e Danilka, con la Inbred carica, trovandolo molto tosto. <\/p>\n\n\n\n<figure class=\"wp-block-image\"><img decoding=\"async\" width=\"900\" height=\"675\" data-src=\"https:\/\/www.lucaghigliano.it\/zioghilli\/wp-content\/uploads\/2019\/02\/DSC00446.jpg\" src=\"data:image\/gif;base64,R0lGODlhAQABAIAAAAAAAP\/\/\/yH5BAEAAAAALAAAAAABAAEAAAIBRAA7\" alt=\"\" class=\"wp-image-483 lazyload\"\/><noscript><img decoding=\"async\" width=\"900\" height=\"675\" src=\"https:\/\/www.lucaghigliano.it\/zioghilli\/wp-content\/uploads\/2019\/02\/DSC00446.jpg\" alt=\"\" class=\"wp-image-483\" srcset=\"https:\/\/www.lucaghigliano.it\/zioghilli\/wp-content\/uploads\/2019\/02\/DSC00446.jpg 900w, https:\/\/www.lucaghigliano.it\/zioghilli\/wp-content\/uploads\/2019\/02\/DSC00446-300x225.jpg 300w, https:\/\/www.lucaghigliano.it\/zioghilli\/wp-content\/uploads\/2019\/02\/DSC00446-768x576.jpg 768w, https:\/\/www.lucaghigliano.it\/zioghilli\/wp-content\/uploads\/2019\/02\/DSC00446-600x450.jpg 600w\" sizes=\"(max-width: 900px) 100vw, 900px\" \/><\/noscript><figcaption class=\"wp-element-caption\">.<\/figcaption><\/figure>\n\n\n\n<p class=\"wp-block-paragraph\"> Questa volta \u00e8 pur sempre impegnativo ma in 45&#8242; sono in cima: fine delle salite in quota, l&#8217;ultima tacca \u00e8 stata tirata, mi godo un po&#8217; la serenit\u00e0 di avercela fatta e di essere molto in anticipo sulla tabella di marcia. Ho scritto non a caso <strong>&#8220;serenit\u00e0&#8221;<\/strong> e non <strong>&#8220;felicit\u00e0&#8221;<\/strong> o <strong>&#8220;euforia&#8221;<\/strong> perch\u00e9 sono emozioni molto diverse tra loro: la prima si basa sulla consapevolezza di un&#8217;esperienza fatta e vissuta ma senza i picchi umorali che caratterizzano invece la felicit\u00e0 e l&#8217;euforia. In questo momento, seduto davanti al cartello del colle, mi sento sereno e sazio si salite. <\/p>\n\n\n\n<figure class=\"wp-block-image\"><img decoding=\"async\" width=\"900\" height=\"675\" data-src=\"https:\/\/www.lucaghigliano.it\/zioghilli\/wp-content\/uploads\/2019\/02\/DSC00451.jpg\" src=\"data:image\/gif;base64,R0lGODlhAQABAIAAAAAAAP\/\/\/yH5BAEAAAAALAAAAAABAAEAAAIBRAA7\" alt=\"\" class=\"wp-image-484 lazyload\"\/><noscript><img decoding=\"async\" width=\"900\" height=\"675\" src=\"https:\/\/www.lucaghigliano.it\/zioghilli\/wp-content\/uploads\/2019\/02\/DSC00451.jpg\" alt=\"\" class=\"wp-image-484\" srcset=\"https:\/\/www.lucaghigliano.it\/zioghilli\/wp-content\/uploads\/2019\/02\/DSC00451.jpg 900w, https:\/\/www.lucaghigliano.it\/zioghilli\/wp-content\/uploads\/2019\/02\/DSC00451-300x225.jpg 300w, https:\/\/www.lucaghigliano.it\/zioghilli\/wp-content\/uploads\/2019\/02\/DSC00451-768x576.jpg 768w, https:\/\/www.lucaghigliano.it\/zioghilli\/wp-content\/uploads\/2019\/02\/DSC00451-600x450.jpg 600w\" sizes=\"(max-width: 900px) 100vw, 900px\" \/><\/noscript><figcaption class=\"wp-element-caption\">.<\/figcaption><\/figure>\n\n\n\n<p class=\"wp-block-paragraph\">Mi sdraio per qualche istante su una panchina, osservando le cime dei pini e le nuvole ma non sentendo il bisogno di rilassarmi (forse perch\u00e9 lo sono gi\u00e0 oltremodo) decido di scendere verso Arpy ed il fondovalle. Ancora non so che presto rimpianger\u00f2 la quota e la fatica. <\/p>\n\n\n\n<figure class=\"wp-block-image\"><img decoding=\"async\" width=\"900\" height=\"675\" data-src=\"https:\/\/www.lucaghigliano.it\/zioghilli\/wp-content\/uploads\/2019\/02\/DSC00452.jpg\" src=\"data:image\/gif;base64,R0lGODlhAQABAIAAAAAAAP\/\/\/yH5BAEAAAAALAAAAAABAAEAAAIBRAA7\" alt=\"\" class=\"wp-image-485 lazyload\"\/><noscript><img decoding=\"async\" width=\"900\" height=\"675\" src=\"https:\/\/www.lucaghigliano.it\/zioghilli\/wp-content\/uploads\/2019\/02\/DSC00452.jpg\" alt=\"\" class=\"wp-image-485\" srcset=\"https:\/\/www.lucaghigliano.it\/zioghilli\/wp-content\/uploads\/2019\/02\/DSC00452.jpg 900w, https:\/\/www.lucaghigliano.it\/zioghilli\/wp-content\/uploads\/2019\/02\/DSC00452-300x225.jpg 300w, https:\/\/www.lucaghigliano.it\/zioghilli\/wp-content\/uploads\/2019\/02\/DSC00452-768x576.jpg 768w, https:\/\/www.lucaghigliano.it\/zioghilli\/wp-content\/uploads\/2019\/02\/DSC00452-600x450.jpg 600w\" sizes=\"(max-width: 900px) 100vw, 900px\" \/><\/noscript><figcaption class=\"wp-element-caption\">.<\/figcaption><\/figure>\n\n\n\n<p class=\"wp-block-paragraph\">Il fondovalle \u00e8 piuttosto caldo e trafficato, passo davanti al ristorante in cui mangiammo &#8211; Giamma ed io &#8211; di ritorno dalla tendata di Arpy e poi arrivo ad Aosta&#8230; <\/p>\n\n\n\n<figure class=\"wp-block-image\"><img decoding=\"async\" width=\"900\" height=\"675\" data-src=\"https:\/\/www.lucaghigliano.it\/zioghilli\/wp-content\/uploads\/2019\/02\/DSC00453.jpg\" src=\"data:image\/gif;base64,R0lGODlhAQABAIAAAAAAAP\/\/\/yH5BAEAAAAALAAAAAABAAEAAAIBRAA7\" alt=\"\" class=\"wp-image-486 lazyload\"\/><noscript><img decoding=\"async\" width=\"900\" height=\"675\" src=\"https:\/\/www.lucaghigliano.it\/zioghilli\/wp-content\/uploads\/2019\/02\/DSC00453.jpg\" alt=\"\" class=\"wp-image-486\" srcset=\"https:\/\/www.lucaghigliano.it\/zioghilli\/wp-content\/uploads\/2019\/02\/DSC00453.jpg 900w, https:\/\/www.lucaghigliano.it\/zioghilli\/wp-content\/uploads\/2019\/02\/DSC00453-300x225.jpg 300w, https:\/\/www.lucaghigliano.it\/zioghilli\/wp-content\/uploads\/2019\/02\/DSC00453-768x576.jpg 768w, https:\/\/www.lucaghigliano.it\/zioghilli\/wp-content\/uploads\/2019\/02\/DSC00453-600x450.jpg 600w\" sizes=\"(max-width: 900px) 100vw, 900px\" \/><\/noscript><figcaption class=\"wp-element-caption\">.<\/figcaption><\/figure>\n\n\n\n<p class=\"wp-block-paragraph\">Cos\u00ec vado a conoscere&nbsp;<a aria-label=\" (si apre in una nuova scheda)\" href=\"https:\/\/www.facebook.com\/marco.y.nicoletti\/\" target=\"_blank\" rel=\"noreferrer noopener\">Marco Yodone Nicoletti<\/a>, uno che scrive bene e pedala anche meglio, date un&#8217;occhiata al suo blog:&nbsp;<a aria-label=\" (si apre in una nuova scheda)\" href=\"http:\/\/www.marcopedala.com\" target=\"_blank\" rel=\"noreferrer noopener\">www.marcopedala.com<\/a><br>Mi racconta della sua avventura in Grecia (465km &#8211; 13500m+ in 39 ore) e del suo tentativo al Great Tour Divide, resterei ad ascoltarlo per ore ma lo lascio lavorare e riparto in direzione Pont S. Martin.<\/p>\n\n\n\n<figure class=\"wp-block-image\"><img decoding=\"async\" width=\"900\" height=\"675\" data-src=\"https:\/\/www.lucaghigliano.it\/zioghilli\/wp-content\/uploads\/2019\/02\/DSC00455.jpg\" src=\"data:image\/gif;base64,R0lGODlhAQABAIAAAAAAAP\/\/\/yH5BAEAAAAALAAAAAABAAEAAAIBRAA7\" alt=\"\" class=\"wp-image-487 lazyload\"\/><noscript><img decoding=\"async\" width=\"900\" height=\"675\" src=\"https:\/\/www.lucaghigliano.it\/zioghilli\/wp-content\/uploads\/2019\/02\/DSC00455.jpg\" alt=\"\" class=\"wp-image-487\" srcset=\"https:\/\/www.lucaghigliano.it\/zioghilli\/wp-content\/uploads\/2019\/02\/DSC00455.jpg 900w, https:\/\/www.lucaghigliano.it\/zioghilli\/wp-content\/uploads\/2019\/02\/DSC00455-300x225.jpg 300w, https:\/\/www.lucaghigliano.it\/zioghilli\/wp-content\/uploads\/2019\/02\/DSC00455-768x576.jpg 768w, https:\/\/www.lucaghigliano.it\/zioghilli\/wp-content\/uploads\/2019\/02\/DSC00455-600x450.jpg 600w\" sizes=\"(max-width: 900px) 100vw, 900px\" \/><\/noscript><figcaption class=\"wp-element-caption\">.<\/figcaption><\/figure>\n\n\n\n<p class=\"wp-block-paragraph\">Questi ultimi 50km saranno una vera agonia: vento forte contro ed un gran male al culo. Piacere di pedalare zero&#8230;<\/p>\n\n\n\n<figure class=\"wp-block-image\"><img decoding=\"async\" width=\"900\" height=\"675\" data-src=\"https:\/\/www.lucaghigliano.it\/zioghilli\/wp-content\/uploads\/2019\/02\/DSC00456.jpg\" src=\"data:image\/gif;base64,R0lGODlhAQABAIAAAAAAAP\/\/\/yH5BAEAAAAALAAAAAABAAEAAAIBRAA7\" alt=\"\" class=\"wp-image-488 lazyload\"\/><noscript><img decoding=\"async\" width=\"900\" height=\"675\" src=\"https:\/\/www.lucaghigliano.it\/zioghilli\/wp-content\/uploads\/2019\/02\/DSC00456.jpg\" alt=\"\" class=\"wp-image-488\" srcset=\"https:\/\/www.lucaghigliano.it\/zioghilli\/wp-content\/uploads\/2019\/02\/DSC00456.jpg 900w, https:\/\/www.lucaghigliano.it\/zioghilli\/wp-content\/uploads\/2019\/02\/DSC00456-300x225.jpg 300w, https:\/\/www.lucaghigliano.it\/zioghilli\/wp-content\/uploads\/2019\/02\/DSC00456-768x576.jpg 768w, https:\/\/www.lucaghigliano.it\/zioghilli\/wp-content\/uploads\/2019\/02\/DSC00456-600x450.jpg 600w\" sizes=\"(max-width: 900px) 100vw, 900px\" \/><\/noscript><figcaption class=\"wp-element-caption\">.<\/figcaption><\/figure>\n\n\n\n<p class=\"wp-block-paragraph\">Arrivato a Pont trovo mio pap\u00e0 ad aspettarmi, lancio la bici in macchina ed andiamo a Gaby dove scrocco una cena ed una dormita. Oggi stabilisco il mio primato sulla distanza con 149km e 1971m+<br>Anche questa sera si dorme in montagna. Domani mi aspettano gli ultimi 70\/80km verso casa. E buonanotte a tutti&#8230; \ud83d\ude09<br><br><a href=\"https:\/\/www.lucaghigliano.it\/zioghilli\/route-des-grandes-alpes-4-giorno\/\">Continua&#8230;<\/a><\/p>\n\n\n\n<p class=\"has-text-align-center wp-block-paragraph\">&#x2b06;&#xfe0f; <strong>TI \u00c8 PIACIUTO L&#8217;ARTICOLO?<\/strong> &#x2b06;&#xfe0f;<br>L&#8217;interazione con i lettori \u00e8 una delle maggiori soddisfazioni di un blogger!<br>&#x1f642;&#x1f643;<br>Lascia un commento qui sotto e ti risponder\u00f2 al pi\u00f9 presto<br>&#x2b07;&#xfe0f;&#x2b07;&#xfe0f;&#x2b07;&#xfe0f;<br><\/p>\n","protected":false},"excerpt":{"rendered":"<p>Il percorso della Route des Grandes Alpes in bici da corsa con allestimento bikepacking sui colli del Monginevro, Col du Lautaret, Col du Galibier, Telegraphe, Col de l&#8217;Iseran e Piccolo San Bernardo<\/p>\n","protected":false},"author":1,"featured_media":1528,"comment_status":"open","ping_status":"open","sticky":false,"template":"","format":"standard","meta":{"footnotes":""},"categories":[1,6],"tags":[22,23,19,11,43,21],"class_list":["post-459","post","type-post","status-publish","format-standard","has-post-thumbnail","hentry","category-blog","category-bici","tag-bici-da-corsa","tag-bici-da-endurance","tag-bikepacking","tag-canyon-endurace-al","tag-route-des-grandes-alpes","tag-viaggiare-in-bici-da-corsa"],"_links":{"self":[{"href":"https:\/\/www.lucaghigliano.it\/zioghilli\/wp-json\/wp\/v2\/posts\/459","targetHints":{"allow":["GET"]}}],"collection":[{"href":"https:\/\/www.lucaghigliano.it\/zioghilli\/wp-json\/wp\/v2\/posts"}],"about":[{"href":"https:\/\/www.lucaghigliano.it\/zioghilli\/wp-json\/wp\/v2\/types\/post"}],"author":[{"embeddable":true,"href":"https:\/\/www.lucaghigliano.it\/zioghilli\/wp-json\/wp\/v2\/users\/1"}],"replies":[{"embeddable":true,"href":"https:\/\/www.lucaghigliano.it\/zioghilli\/wp-json\/wp\/v2\/comments?post=459"}],"version-history":[{"count":0,"href":"https:\/\/www.lucaghigliano.it\/zioghilli\/wp-json\/wp\/v2\/posts\/459\/revisions"}],"wp:featuredmedia":[{"embeddable":true,"href":"https:\/\/www.lucaghigliano.it\/zioghilli\/wp-json\/wp\/v2\/media\/1528"}],"wp:attachment":[{"href":"https:\/\/www.lucaghigliano.it\/zioghilli\/wp-json\/wp\/v2\/media?parent=459"}],"wp:term":[{"taxonomy":"category","embeddable":true,"href":"https:\/\/www.lucaghigliano.it\/zioghilli\/wp-json\/wp\/v2\/categories?post=459"},{"taxonomy":"post_tag","embeddable":true,"href":"https:\/\/www.lucaghigliano.it\/zioghilli\/wp-json\/wp\/v2\/tags?post=459"}],"curies":[{"name":"wp","href":"https:\/\/api.w.org\/{rel}","templated":true}]}}