{"id":4908,"date":"2025-10-11T13:29:00","date_gmt":"2025-10-11T12:29:00","guid":{"rendered":"https:\/\/www.lucaghigliano.it\/zioghilli\/?p=4908"},"modified":"2025-11-12T10:55:50","modified_gmt":"2025-11-12T09:55:50","slug":"ciclismo-invernale-allenamento","status":"publish","type":"post","link":"https:\/\/www.lucaghigliano.it\/zioghilli\/ciclismo-invernale-allenamento\/","title":{"rendered":"Ciclismo invernale: pedalare tutto l\u2019anno tra freddo, motivazione e passione"},"content":{"rendered":"\n<p class=\"wp-block-paragraph\">Quando le temperature scendono e le giornate si accorciano in alcuni pedalatori cresce l&#8217;emozione per l&#8217;arrivo del ciclismo invernale, vietato appendere la bici al chiodo in attesa della primavera. Per questi pazzi l\u2019inverno non \u00e8 una pausa: \u00e8 semplicemente una nuova stagione da vivere in sella, con ritmi diversi, sensazioni pi\u00f9 intense e qualche sfida in pi\u00f9.<\/p>\n\n\n\n<h2 class=\"wp-block-heading has-text-align-left\">Pedalare in inverno: la sfida e la bellezza del ciclismo nella stagione fredda<\/h2>\n\n\n\n<p class=\"wp-block-paragraph\">Il <strong>ciclismo invernale<\/strong> \u00e8 tutto questo: resistenza al freddo, amore per la fatica e per le nuvolette di vapore davanti al viso, scoperta del silenzio delle strade deserte e piacere di continuare ad allenarsi anche quando il termometro si avvicina allo zero.<\/p>\n\n\n\n<p class=\"has-text-align-center wp-block-paragraph\">&#x27a1;&#xfe0f; Clicca qui per vedere tutti gli articoli su <a href=\"https:\/\/www.redbull.com\/it-it\/anton-palzer-ciclismo-consigli-inverno-guida\" target=\"_blank\" rel=\"noreferrer noopener\">MOTIVAZIONE e CICLISMO INVERNALE<\/a> &#x2b05;&#xfe0f;<br><strong>(work in progress)<\/strong><\/p>\n\n\n\n<h3 class=\"wp-block-heading\">Abbigliamento per il ciclismo invernale<\/h3>\n\n\n\n<p class=\"wp-block-paragraph\">In questa sezione del blog trovi tutto ci\u00f2 che serve per affrontare al meglio la stagione fredda in bici: i <strong>consigli sull\u2019abbigliamento tecnico<\/strong> per restare caldi e asciutti per capire come scegliere i materiali pi\u00f9 adatti per ogni tipo di uscita, dalle brevi pedalate del weekend ai lunghi giri di endurance.<\/p>\n\n\n\n<p class=\"has-text-align-center wp-block-paragraph\">&#x27a1;&#xfe0f; Clicca qui per vedere tutti gli articoli su <a href=\"https:\/\/www.decathlon.it\/vc\/abbigliamento-ciclismo-uomo-invernale\" target=\"_blank\" rel=\"noreferrer noopener\">ABBIGLIAMENTO PER IL CICLISMO INVERNALE<\/a> &#x2b05;&#xfe0f;<br><strong>(work in progress)<\/strong><\/p>\n\n\n\n<h3 class=\"wp-block-heading\">I racconti di uscite invernali<\/h3>\n\n\n\n<p class=\"wp-block-paragraph\">Non mancano poi i <strong>report delle uscite invernali<\/strong>, racconti autentici di giornate passate tra fogliage e neve quando il sole  basso e pallido: storie di chilometri, di compagnia e di motivazione. Perch\u00e9 s\u00ec, la <strong>motivazione nel ciclismo invernale<\/strong> \u00e8 forse l\u2019aspetto pi\u00f9 importante di tutti: serve testa, pi\u00f9 ancora che gambe, per alzarsi presto la mattina e uscire quando tutti gli altri restano sotto le coperte.<\/p>\n\n\n\n<figure class=\"wp-block-gallery has-nested-images columns-default is-cropped wp-block-gallery-1 is-layout-flex wp-block-gallery-is-layout-flex\">\n<figure class=\"wp-block-image size-large\"><img decoding=\"async\" width=\"1024\" height=\"683\" data-src=\"https:\/\/www.lucaghigliano.it\/zioghilli\/wp-content\/uploads\/2025\/05\/IMG_20241123_122024148.jpg\" data-id=\"3748\" src=\"data:image\/gif;base64,R0lGODlhAQABAIAAAAAAAP\/\/\/yH5BAEAAAAALAAAAAABAAEAAAIBRAA7\" alt=\"Lago Monastero in MTB - non siamo arrivati al lago ma la neve ci ha ricompensato. Le gioie del ciclismo invernale\" class=\"wp-image-3748 lazyload\"\/><noscript><img decoding=\"async\" width=\"1024\" height=\"683\" data-id=\"3748\" src=\"https:\/\/www.lucaghigliano.it\/zioghilli\/wp-content\/uploads\/2025\/05\/IMG_20241123_122024148.jpg\" alt=\"Lago Monastero in MTB - non siamo arrivati al lago ma la neve ci ha ricompensato. Le gioie del ciclismo invernale\" class=\"wp-image-3748\" srcset=\"https:\/\/www.lucaghigliano.it\/zioghilli\/wp-content\/uploads\/2025\/05\/IMG_20241123_122024148.jpg 1024w, https:\/\/www.lucaghigliano.it\/zioghilli\/wp-content\/uploads\/2025\/05\/IMG_20241123_122024148-300x200.jpg 300w, https:\/\/www.lucaghigliano.it\/zioghilli\/wp-content\/uploads\/2025\/05\/IMG_20241123_122024148-768x512.jpg 768w, https:\/\/www.lucaghigliano.it\/zioghilli\/wp-content\/uploads\/2025\/05\/IMG_20241123_122024148-600x400.jpg 600w, https:\/\/www.lucaghigliano.it\/zioghilli\/wp-content\/uploads\/2025\/05\/IMG_20241123_122024148-945x630.jpg 945w\" sizes=\"(max-width: 1024px) 100vw, 1024px\" \/><\/noscript><\/figure>\n\n\n\n<figure class=\"wp-block-image size-large\"><img decoding=\"async\" width=\"1024\" height=\"683\" data-src=\"https:\/\/www.lucaghigliano.it\/zioghilli\/wp-content\/uploads\/2024\/12\/IMG_20241201_163154807_HDR.jpg\" data-id=\"3612\" src=\"data:image\/gif;base64,R0lGODlhAQABAIAAAAAAAP\/\/\/yH5BAEAAAAALAAAAAABAAEAAAIBRAA7\" alt=\"Ciclismo invernale: il tramonto a Cima Mares in MTB\" class=\"wp-image-3612 lazyload\"\/><noscript><img decoding=\"async\" width=\"1024\" height=\"683\" data-id=\"3612\" src=\"https:\/\/www.lucaghigliano.it\/zioghilli\/wp-content\/uploads\/2024\/12\/IMG_20241201_163154807_HDR.jpg\" alt=\"Ciclismo invernale: il tramonto a Cima Mares in MTB\" class=\"wp-image-3612\" srcset=\"https:\/\/www.lucaghigliano.it\/zioghilli\/wp-content\/uploads\/2024\/12\/IMG_20241201_163154807_HDR.jpg 1024w, https:\/\/www.lucaghigliano.it\/zioghilli\/wp-content\/uploads\/2024\/12\/IMG_20241201_163154807_HDR-300x200.jpg 300w, https:\/\/www.lucaghigliano.it\/zioghilli\/wp-content\/uploads\/2024\/12\/IMG_20241201_163154807_HDR-768x512.jpg 768w, https:\/\/www.lucaghigliano.it\/zioghilli\/wp-content\/uploads\/2024\/12\/IMG_20241201_163154807_HDR-600x400.jpg 600w, https:\/\/www.lucaghigliano.it\/zioghilli\/wp-content\/uploads\/2024\/12\/IMG_20241201_163154807_HDR-945x630.jpg 945w\" sizes=\"(max-width: 1024px) 100vw, 1024px\" \/><\/noscript><\/figure>\n\n\n\n<figure class=\"wp-block-image size-large\"><img decoding=\"async\" width=\"1024\" height=\"683\" data-src=\"https:\/\/www.lucaghigliano.it\/zioghilli\/wp-content\/uploads\/2024\/12\/IMG_20241201_152303845_HDR.jpg\" data-id=\"3598\" src=\"data:image\/gif;base64,R0lGODlhAQABAIAAAAAAAP\/\/\/yH5BAEAAAAALAAAAAABAAEAAAIBRAA7\" alt=\"Ciclismo invernale: vista sulla Val Soana prima di salire a Cima Mares\" class=\"wp-image-3598 lazyload\"\/><noscript><img decoding=\"async\" width=\"1024\" height=\"683\" data-id=\"3598\" src=\"https:\/\/www.lucaghigliano.it\/zioghilli\/wp-content\/uploads\/2024\/12\/IMG_20241201_152303845_HDR.jpg\" alt=\"Ciclismo invernale: vista sulla Val Soana prima di salire a Cima Mares\" class=\"wp-image-3598\" srcset=\"https:\/\/www.lucaghigliano.it\/zioghilli\/wp-content\/uploads\/2024\/12\/IMG_20241201_152303845_HDR.jpg 1024w, https:\/\/www.lucaghigliano.it\/zioghilli\/wp-content\/uploads\/2024\/12\/IMG_20241201_152303845_HDR-300x200.jpg 300w, https:\/\/www.lucaghigliano.it\/zioghilli\/wp-content\/uploads\/2024\/12\/IMG_20241201_152303845_HDR-768x512.jpg 768w, https:\/\/www.lucaghigliano.it\/zioghilli\/wp-content\/uploads\/2024\/12\/IMG_20241201_152303845_HDR-600x400.jpg 600w, https:\/\/www.lucaghigliano.it\/zioghilli\/wp-content\/uploads\/2024\/12\/IMG_20241201_152303845_HDR-945x630.jpg 945w\" sizes=\"(max-width: 1024px) 100vw, 1024px\" \/><\/noscript><\/figure>\n<\/figure>\n\n\n\n<p class=\"has-text-align-center wp-block-paragraph\">&#x27a1;&#xfe0f; <a href=\"https:\/\/www.lucaghigliano.it\/zioghilli\/tag\/ciclismo-invernale\/\" data-type=\"post_tag\" data-id=\"40\">Clicca qui per vedere tutti gli articoli sulle USCITE INVERNALI<\/a> &#x2b05;&#xfe0f;<br><\/p>\n\n\n\n<h3 class=\"wp-block-heading\">Allenamento invernale e rulli smart<\/h3>\n\n\n\n<p class=\"wp-block-paragraph\">Per chi preferisce restare al caldo, l\u2019inverno \u00e8 anche la stagione perfetta per scoprire o approfondire il <strong>mondo dell\u2019allenamento indoor<\/strong>: dai rulli smart alle piattaforme virtuali, con consigli su come strutturare le sessioni e mantenere la forma in vista della primavera.<\/p>\n\n\n\n<figure class=\"wp-block-gallery has-nested-images columns-default is-cropped wp-block-gallery-2 is-layout-flex wp-block-gallery-is-layout-flex\">\n<figure class=\"wp-block-image size-large\"><img decoding=\"async\" width=\"900\" height=\"600\" data-src=\"https:\/\/www.lucaghigliano.it\/zioghilli\/wp-content\/uploads\/2025\/11\/allenamento-invernale-con-i-rulli-smart-04.jpg\" data-id=\"4926\" src=\"data:image\/gif;base64,R0lGODlhAQABAIAAAAAAAP\/\/\/yH5BAEAAAAALAAAAAABAAEAAAIBRAA7\" alt=\"\" class=\"wp-image-4926 lazyload\"\/><noscript><img decoding=\"async\" width=\"900\" height=\"600\" data-id=\"4926\" src=\"https:\/\/www.lucaghigliano.it\/zioghilli\/wp-content\/uploads\/2025\/11\/allenamento-invernale-con-i-rulli-smart-04.jpg\" alt=\"\" class=\"wp-image-4926\" srcset=\"https:\/\/www.lucaghigliano.it\/zioghilli\/wp-content\/uploads\/2025\/11\/allenamento-invernale-con-i-rulli-smart-04.jpg 900w, https:\/\/www.lucaghigliano.it\/zioghilli\/wp-content\/uploads\/2025\/11\/allenamento-invernale-con-i-rulli-smart-04-300x200.jpg 300w, https:\/\/www.lucaghigliano.it\/zioghilli\/wp-content\/uploads\/2025\/11\/allenamento-invernale-con-i-rulli-smart-04-768x512.jpg 768w, https:\/\/www.lucaghigliano.it\/zioghilli\/wp-content\/uploads\/2025\/11\/allenamento-invernale-con-i-rulli-smart-04-600x400.jpg 600w\" sizes=\"(max-width: 900px) 100vw, 900px\" \/><\/noscript><\/figure>\n\n\n\n<figure class=\"wp-block-image size-large\"><img decoding=\"async\" width=\"804\" height=\"500\" data-src=\"https:\/\/www.lucaghigliano.it\/zioghilli\/wp-content\/uploads\/2025\/11\/allenamento-invernale-con-i-rulli-smart-03.jpg\" data-id=\"4925\" src=\"data:image\/gif;base64,R0lGODlhAQABAIAAAAAAAP\/\/\/yH5BAEAAAAALAAAAAABAAEAAAIBRAA7\" alt=\"\" class=\"wp-image-4925 lazyload\"\/><noscript><img decoding=\"async\" width=\"804\" height=\"500\" data-id=\"4925\" src=\"https:\/\/www.lucaghigliano.it\/zioghilli\/wp-content\/uploads\/2025\/11\/allenamento-invernale-con-i-rulli-smart-03.jpg\" alt=\"\" class=\"wp-image-4925\" srcset=\"https:\/\/www.lucaghigliano.it\/zioghilli\/wp-content\/uploads\/2025\/11\/allenamento-invernale-con-i-rulli-smart-03.jpg 804w, https:\/\/www.lucaghigliano.it\/zioghilli\/wp-content\/uploads\/2025\/11\/allenamento-invernale-con-i-rulli-smart-03-300x187.jpg 300w, https:\/\/www.lucaghigliano.it\/zioghilli\/wp-content\/uploads\/2025\/11\/allenamento-invernale-con-i-rulli-smart-03-768x478.jpg 768w, https:\/\/www.lucaghigliano.it\/zioghilli\/wp-content\/uploads\/2025\/11\/allenamento-invernale-con-i-rulli-smart-03-600x373.jpg 600w\" sizes=\"(max-width: 804px) 100vw, 804px\" \/><\/noscript><\/figure>\n\n\n\n<figure class=\"wp-block-image size-large\"><img decoding=\"async\" width=\"804\" height=\"500\" data-src=\"https:\/\/www.lucaghigliano.it\/zioghilli\/wp-content\/uploads\/2025\/11\/allenamento-invernale-con-i-rulli-smart-02-1.jpg\" data-id=\"4923\" src=\"data:image\/gif;base64,R0lGODlhAQABAIAAAAAAAP\/\/\/yH5BAEAAAAALAAAAAABAAEAAAIBRAA7\" alt=\"\" class=\"wp-image-4923 lazyload\"\/><noscript><img decoding=\"async\" width=\"804\" height=\"500\" data-id=\"4923\" src=\"https:\/\/www.lucaghigliano.it\/zioghilli\/wp-content\/uploads\/2025\/11\/allenamento-invernale-con-i-rulli-smart-02-1.jpg\" alt=\"\" class=\"wp-image-4923\" srcset=\"https:\/\/www.lucaghigliano.it\/zioghilli\/wp-content\/uploads\/2025\/11\/allenamento-invernale-con-i-rulli-smart-02-1.jpg 804w, https:\/\/www.lucaghigliano.it\/zioghilli\/wp-content\/uploads\/2025\/11\/allenamento-invernale-con-i-rulli-smart-02-1-300x187.jpg 300w, https:\/\/www.lucaghigliano.it\/zioghilli\/wp-content\/uploads\/2025\/11\/allenamento-invernale-con-i-rulli-smart-02-1-768x478.jpg 768w, https:\/\/www.lucaghigliano.it\/zioghilli\/wp-content\/uploads\/2025\/11\/allenamento-invernale-con-i-rulli-smart-02-1-600x373.jpg 600w\" sizes=\"(max-width: 804px) 100vw, 804px\" \/><\/noscript><\/figure>\n<\/figure>\n\n\n\n<p class=\"has-text-align-center wp-block-paragraph\">&#x27a1;&#xfe0f; <a href=\"https:\/\/www.lucaghigliano.it\/zioghilli\/tag\/allenamento-invernale-ciclismo\/\" data-type=\"post_tag\" data-id=\"54\">Clicca qui per vedere tutti gli articoli su ALLENAMENTO INVERNALE e RULLI SMART<\/a> &#x2b05;&#xfe0f;<\/p>\n\n\n\n<h3 class=\"wp-block-heading\">Ciclismo e passioni: fotografia, musica e libri<\/h3>\n\n\n\n<p class=\"wp-block-paragraph\">Ma il ciclismo invernale non \u00e8 solo allenamento: \u00e8 anche un tempo per <strong>riflettere, leggere, ascoltare e guardare<\/strong>. Qui troverai articoli dedicati al <strong>rapporto tra ciclismo e fotografia<\/strong>, alla <strong>musica che accompagna gli allenamenti<\/strong> o ai <strong>libri che raccontano il fascino delle due ruote<\/strong>.<\/p>\n\n\n\n<p class=\"has-text-align-center wp-block-paragraph\">&#x27a1;&#xfe0f; Clicca qui per vedere tutti gli articoli su <a href=\"https:\/\/www.ediciclo.it\/it\/libri\/dettaglio\/la-vertigine-della-salita\/\" target=\"_blank\" data-type=\"link\" data-id=\"https:\/\/www.ediciclo.it\/it\/libri\/dettaglio\/la-vertigine-della-salita\/\" rel=\"noreferrer noopener\">CICLISMO E PASSIONI<\/a> &#x2b05;&#xfe0f;<br><strong>(work in progress)<\/strong><\/p>\n\n\n\n<p class=\"wp-block-paragraph\">Che tu sia un ciclista appassionato o un semplice curioso, questa pagina vuole essere un punto di partenza: un luogo dove trovare ispirazione, informazioni e storie vere per continuare a pedalare, anche d\u2019inverno. Perch\u00e9 la passione per la bici non conosce stagioni.<\/p>\n\n\n\n<p class=\"has-text-align-center wp-block-paragraph\">.<\/p>\n\n\n\n<p class=\"has-text-align-center wp-block-paragraph\">&#x2b06;&#xfe0f; <strong>TI \u00c8 PIACIUTO L&#8217;ARTICOLO?<\/strong> &#x2b06;&#xfe0f;<br>L&#8217;interazione con i lettori \u00e8 una delle maggiori soddisfazioni di un blogger!<br>&#x1f642;&#x1f643;<br>Lascia un commento qui sotto e ti risponder\u00f2 al pi\u00f9 presto<br>&#x2b07;&#xfe0f;&#x2b07;&#xfe0f;&#x2b07;&#xfe0f;<\/p>\n","protected":false},"excerpt":{"rendered":"<p>Quando le temperature scendono e le giornate si accorciano in alcuni pedalatori cresce l&#8217;emozione per l&#8217;arrivo del ciclismo invernale, vietato appendere la bici al chiodo in attesa della primavera. Per questi pazzi l\u2019inverno non \u00e8 una pausa: \u00e8 semplicemente una&#8230; <a class=\"more-link\" href=\"https:\/\/www.lucaghigliano.it\/zioghilli\/ciclismo-invernale-allenamento\/\">Continua a leggere &rarr;<\/a><\/p>\n","protected":false},"author":1,"featured_media":3735,"comment_status":"open","ping_status":"open","sticky":false,"template":"","format":"standard","meta":{"footnotes":""},"categories":[1,6],"tags":[],"class_list":["post-4908","post","type-post","status-publish","format-standard","has-post-thumbnail","hentry","category-blog","category-bici"],"_links":{"self":[{"href":"https:\/\/www.lucaghigliano.it\/zioghilli\/wp-json\/wp\/v2\/posts\/4908","targetHints":{"allow":["GET"]}}],"collection":[{"href":"https:\/\/www.lucaghigliano.it\/zioghilli\/wp-json\/wp\/v2\/posts"}],"about":[{"href":"https:\/\/www.lucaghigliano.it\/zioghilli\/wp-json\/wp\/v2\/types\/post"}],"author":[{"embeddable":true,"href":"https:\/\/www.lucaghigliano.it\/zioghilli\/wp-json\/wp\/v2\/users\/1"}],"replies":[{"embeddable":true,"href":"https:\/\/www.lucaghigliano.it\/zioghilli\/wp-json\/wp\/v2\/comments?post=4908"}],"version-history":[{"count":0,"href":"https:\/\/www.lucaghigliano.it\/zioghilli\/wp-json\/wp\/v2\/posts\/4908\/revisions"}],"wp:featuredmedia":[{"embeddable":true,"href":"https:\/\/www.lucaghigliano.it\/zioghilli\/wp-json\/wp\/v2\/media\/3735"}],"wp:attachment":[{"href":"https:\/\/www.lucaghigliano.it\/zioghilli\/wp-json\/wp\/v2\/media?parent=4908"}],"wp:term":[{"taxonomy":"category","embeddable":true,"href":"https:\/\/www.lucaghigliano.it\/zioghilli\/wp-json\/wp\/v2\/categories?post=4908"},{"taxonomy":"post_tag","embeddable":true,"href":"https:\/\/www.lucaghigliano.it\/zioghilli\/wp-json\/wp\/v2\/tags?post=4908"}],"curies":[{"name":"wp","href":"https:\/\/api.w.org\/{rel}","templated":true}]}}