{"id":4978,"date":"2025-11-21T11:40:04","date_gmt":"2025-11-21T10:40:04","guid":{"rendered":"https:\/\/www.lucaghigliano.it\/zioghilli\/?p=4978"},"modified":"2025-11-17T12:07:36","modified_gmt":"2025-11-17T11:07:36","slug":"ciclismo-bikepacking-e-fotografia","status":"publish","type":"post","link":"https:\/\/www.lucaghigliano.it\/zioghilli\/ciclismo-bikepacking-e-fotografia\/","title":{"rendered":"Ciclismo bikepacking e fotografia: perch\u00e9 &#8220;less is more&#8221;"},"content":{"rendered":"\n<p class=\"has-background wp-block-paragraph\" style=\"background-color:#88cdff\"><strong>RIASSUNTO IN 500 CARATTERI:<\/strong> fotografare mentre pedali non richiede attrezzatura costosa. Se ami <strong>ciclismo bikepacking  e fotografia<\/strong> allo sai che conta pi\u00f9 l\u2019occhio che il sensore. Anche uno smartphone economico pu\u00f2 bastare se scatti con leggerezza con idee chiare e voglia di raccontare il viaggio. <strong>Less is more:<\/strong> porta con te solo ci\u00f2 che userai davvero.<\/p>\n\n\n\n<p class=\"wp-block-paragraph\">Quando ti prepari a un giro epico \u2013 o almeno nelle intenzioni \u2013 spunta sempre lei: la domanda che tormenta chi ama <em>ciclismo bikepacking e fotografia<\/em>. La conosci, vero?<\/p>\n\n\n\n<blockquote class=\"wp-block-quote is-layout-flow wp-block-quote-is-layout-flow\">\n<p class=\"wp-block-paragraph\">\u201c<strong>La porto o non la porto?<\/strong>\u201d<\/p>\n<\/blockquote>\n\n\n\n<p class=\"wp-block-paragraph\">Sto parlando della <a href=\"https:\/\/www.nikon.it\/it_IT\/product\/cameras\/dslr\/d7500\" target=\"_blank\" rel=\"noreferrer noopener\">mia reflex Nikon D7500<\/a> che ti fa sentire un National Geographic mancato ma pesa come un lingotto di piombo. Ogni volta penso: \u201cQuesta \u00e8 la volta buona, la porto!\u201d ma poi resta sempre a casa. Fine della discussione.<\/p>\n\n\n\n<figure class=\"wp-block-gallery has-nested-images columns-default is-cropped wp-block-gallery-1 is-layout-flex wp-block-gallery-is-layout-flex\">\n<figure class=\"wp-block-image size-large\"><img decoding=\"async\" width=\"683\" height=\"1024\" data-src=\"https:\/\/www.lucaghigliano.it\/zioghilli\/wp-content\/uploads\/2022\/11\/LGF2240-683x1024.jpg\" data-id=\"2617\" src=\"data:image\/gif;base64,R0lGODlhAQABAIAAAAAAAP\/\/\/yH5BAEAAAAALAAAAAABAAEAAAIBRAA7\" alt=\"Ciclismo bikepacking e fotografia: perch\u00e9 &quot;less is more&quot;\nStellata dal Rifugio Gardetta\" class=\"wp-image-2617 lazyload\"\/><noscript><img decoding=\"async\" width=\"683\" height=\"1024\" data-id=\"2617\" src=\"https:\/\/www.lucaghigliano.it\/zioghilli\/wp-content\/uploads\/2022\/11\/LGF2240-683x1024.jpg\" alt=\"Ciclismo bikepacking e fotografia: perch\u00e9 &quot;less is more&quot;\nStellata dal Rifugio Gardetta\" class=\"wp-image-2617\" srcset=\"https:\/\/www.lucaghigliano.it\/zioghilli\/wp-content\/uploads\/2022\/11\/LGF2240-683x1024.jpg 683w, https:\/\/www.lucaghigliano.it\/zioghilli\/wp-content\/uploads\/2022\/11\/LGF2240-200x300.jpg 200w, https:\/\/www.lucaghigliano.it\/zioghilli\/wp-content\/uploads\/2022\/11\/LGF2240-768x1152.jpg 768w, https:\/\/www.lucaghigliano.it\/zioghilli\/wp-content\/uploads\/2022\/11\/LGF2240-600x900.jpg 600w, https:\/\/www.lucaghigliano.it\/zioghilli\/wp-content\/uploads\/2022\/11\/LGF2240.jpg 800w\" sizes=\"(max-width: 683px) 100vw, 683px\" \/><\/noscript><\/figure>\n\n\n\n<figure class=\"wp-block-image size-large\"><img decoding=\"async\" width=\"683\" height=\"1024\" data-src=\"https:\/\/www.lucaghigliano.it\/zioghilli\/wp-content\/uploads\/2022\/11\/LGF2246-683x1024.jpg\" data-id=\"2618\" src=\"data:image\/gif;base64,R0lGODlhAQABAIAAAAAAAP\/\/\/yH5BAEAAAAALAAAAAABAAEAAAIBRAA7\" alt=\"Ciclismo bikepacking e fotografia: perch\u00e9 &quot;less is more&quot;. Le potenzialit\u00e0 della reflex\n\" class=\"wp-image-2618 lazyload\"\/><noscript><img decoding=\"async\" width=\"683\" height=\"1024\" data-id=\"2618\" src=\"https:\/\/www.lucaghigliano.it\/zioghilli\/wp-content\/uploads\/2022\/11\/LGF2246-683x1024.jpg\" alt=\"Ciclismo bikepacking e fotografia: perch\u00e9 &quot;less is more&quot;. Le potenzialit\u00e0 della reflex\n\" class=\"wp-image-2618\" srcset=\"https:\/\/www.lucaghigliano.it\/zioghilli\/wp-content\/uploads\/2022\/11\/LGF2246-683x1024.jpg 683w, https:\/\/www.lucaghigliano.it\/zioghilli\/wp-content\/uploads\/2022\/11\/LGF2246-200x300.jpg 200w, https:\/\/www.lucaghigliano.it\/zioghilli\/wp-content\/uploads\/2022\/11\/LGF2246-768x1152.jpg 768w, https:\/\/www.lucaghigliano.it\/zioghilli\/wp-content\/uploads\/2022\/11\/LGF2246-600x900.jpg 600w, https:\/\/www.lucaghigliano.it\/zioghilli\/wp-content\/uploads\/2022\/11\/LGF2246.jpg 800w\" sizes=\"(max-width: 683px) 100vw, 683px\" \/><\/noscript><\/figure>\n<\/figure>\n\n\n\n<p class=\"wp-block-paragraph\">Certo che quando porto la reflex \u00e8 per una buona occasione, come per fotografare la via lattea durante il <a href=\"https:\/\/www.lucaghigliano.it\/zioghilli\/bikepacking-sullaltipiano-della-gardetta\/\" data-type=\"post\" data-id=\"2588\">finesettimana sull&#8217;altipiano della Gardetta<\/a><\/p>\n\n\n\n<figure class=\"wp-block-image size-full\"><img decoding=\"async\" width=\"900\" height=\"600\" data-src=\"https:\/\/www.lucaghigliano.it\/zioghilli\/wp-content\/uploads\/2024\/05\/LGF3388.jpg\" src=\"data:image\/gif;base64,R0lGODlhAQABAIAAAAAAAP\/\/\/yH5BAEAAAAALAAAAAABAAEAAAIBRAA7\" alt=\"Ciclismo bikepacking e fotografia: notte all'Assietta\" class=\"wp-image-3159 lazyload\"\/><noscript><img decoding=\"async\" width=\"900\" height=\"600\" src=\"https:\/\/www.lucaghigliano.it\/zioghilli\/wp-content\/uploads\/2024\/05\/LGF3388.jpg\" alt=\"Ciclismo bikepacking e fotografia: notte all&#039;Assietta\" class=\"wp-image-3159\" srcset=\"https:\/\/www.lucaghigliano.it\/zioghilli\/wp-content\/uploads\/2024\/05\/LGF3388.jpg 900w, https:\/\/www.lucaghigliano.it\/zioghilli\/wp-content\/uploads\/2024\/05\/LGF3388-300x200.jpg 300w, https:\/\/www.lucaghigliano.it\/zioghilli\/wp-content\/uploads\/2024\/05\/LGF3388-768x512.jpg 768w, https:\/\/www.lucaghigliano.it\/zioghilli\/wp-content\/uploads\/2024\/05\/LGF3388-600x400.jpg 600w\" sizes=\"(max-width: 900px) 100vw, 900px\" \/><\/noscript><figcaption class=\"wp-element-caption\">In questo caso invece <a href=\"https:\/\/www.lucaghigliano.it\/zioghilli\/ultimo-ballo-ultima-via\/\" target=\"_blank\" data-type=\"post\" data-id=\"3130\" rel=\"noreferrer noopener\">ero sull&#8217;Assietta in moto<\/a>, situazione in cui la reflex ha un motivo in pi\u00f9 per essere portata<\/figcaption><\/figure>\n\n\n\n<h2 class=\"wp-block-heading\"><strong>Il taccuino delle buone intenzioni: reflex, mirrorless e compatte<\/strong><\/h2>\n\n\n\n<p class=\"wp-block-paragraph\">Allora guardo i produttori di mirrorless: piccole, leggere, con belle ottiche ed una qualit\u00e0 fotografica superiore. Wow ne voglio una ma poi mi chiedo:\u201cMa davvero me la porterei dietro?\u201d. Risposta: no.<\/p>\n\n\n\n<p class=\"wp-block-paragraph\">Quindi la mia curiosit\u00e0 va verso le <a href=\"https:\/\/www.sony.it\/electronics\/fotocamere-cyber-shot-compatte\/dsc-rx100m7\" target=\"_blank\" rel=\"noreferrer noopener\">compatte evolute tipo la Sony RX100 VII<\/a>. Bellissima, con prestazioni incredibili e le dimensioni di un pacchetto di gomme da masticare. Starebbe anche in tasca tranquillamente ma a quel prezzo avrei il coraggio di usarla in mezzo a polvere, sudore e fango? E la risposta \u00e8 nuovamente negativa.<\/p>\n\n\n\n<figure class=\"wp-block-image size-full\"><img decoding=\"async\" width=\"1024\" height=\"683\" data-src=\"https:\/\/www.lucaghigliano.it\/zioghilli\/wp-content\/uploads\/2023\/10\/DSC6651.jpg\" src=\"data:image\/gif;base64,R0lGODlhAQABAIAAAAAAAP\/\/\/yH5BAEAAAAALAAAAAABAAEAAAIBRAA7\" alt=\"Ciclismo bikepacking e fotografia: con la mirrorless al Colle del Sommeiller\" class=\"wp-image-2955 lazyload\"\/><noscript><img decoding=\"async\" width=\"1024\" height=\"683\" src=\"https:\/\/www.lucaghigliano.it\/zioghilli\/wp-content\/uploads\/2023\/10\/DSC6651.jpg\" alt=\"Ciclismo bikepacking e fotografia: con la mirrorless al Colle del Sommeiller\" class=\"wp-image-2955\" srcset=\"https:\/\/www.lucaghigliano.it\/zioghilli\/wp-content\/uploads\/2023\/10\/DSC6651.jpg 1024w, https:\/\/www.lucaghigliano.it\/zioghilli\/wp-content\/uploads\/2023\/10\/DSC6651-300x200.jpg 300w, https:\/\/www.lucaghigliano.it\/zioghilli\/wp-content\/uploads\/2023\/10\/DSC6651-768x512.jpg 768w, https:\/\/www.lucaghigliano.it\/zioghilli\/wp-content\/uploads\/2023\/10\/DSC6651-600x400.jpg 600w, https:\/\/www.lucaghigliano.it\/zioghilli\/wp-content\/uploads\/2023\/10\/DSC6651-945x630.jpg 945w\" sizes=\"(max-width: 1024px) 100vw, 1024px\" \/><\/noscript><figcaption class=\"wp-element-caption\">Durante il <a href=\"https:\/\/www.lucaghigliano.it\/zioghilli\/sommeiller-e-jafferau-in-mtb\/\" data-type=\"post\" data-id=\"2937\">fine-settimana in bikepacking dei CaniSciolti<\/a> abbiamo condiviso la mirrorless Sony di Moreno. Gran bel pezzo di meccanica ma la scomodit\u00e0 di prenderla e riporla nello zaino fa passare la voglia di scattare<\/figcaption><\/figure>\n\n\n\n<h2 class=\"wp-block-heading\"><strong>L\u2019idea geniale: uso lo smartphone! (Forse\u2026)<\/strong><\/h2>\n\n\n\n<p class=\"wp-block-paragraph\">E allora ecco la soluzione che illumina la mente del cicloturista medio: <strong>lo smartphone super pro<\/strong>.<br>Quelli con zoom ottico x4, sensori giganti e software IA di ultima generazione. Perfetto, no? <\/p>\n\n\n\n<p class=\"wp-block-paragraph\">S\u00ec teoricamente, finch\u00e9 nella mia mente non fa la sua comparsa il classico \u201csmartphone sudato\u201d, schiacciato tra barrette di cioccolato e camere d&#8217;aria. Ah non ultimo: a me il telefono cade spesso. Diciamo <em>creativamente spesso<\/em> e nelle situazioni pi\u00f9 strane, anche mentre vado in bici. Quindi portarmi in tasca 1.500 \u20ac di delicatezza tecnologica pu\u00f2 essere la situazione ideale? Ennesima risposta negativa&#8230;<\/p>\n\n\n\n<h2 class=\"wp-block-heading\">Ciclismo bikepacking e fotografia: i<strong>l vincitore (inaspettato)<\/strong><\/h2>\n\n\n\n<p class=\"wp-block-paragraph\">Alla fine, dopo mille indecisioni, ha vinto lui. Un telefono economico, uno smartphone Motorola G72 di qualche anno fa, un <em>onesto lavoratore della fotografia:<\/em><br>&#8211; grandangolare decente<br>&#8211; lente normale che fa il suo dovere<br>&#8211; zoom digitale che regge fino a x2 prima di soccombere<\/p>\n\n\n\n<p class=\"wp-block-paragraph\"><strong>Ma sai una cosa?<\/strong><br>Con qualche \u201ccolpetto\u201d in Lightroom Mobile ci tiro fuori immagini che stampo in 20\u00d730 senza alcun problema. Le foto per il blog e per i social escono bene. Perch\u00e8 andare a cercarmi problemi inutili? <strong>Less is more&#8230;<\/strong><\/p>\n\n\n\n<figure class=\"wp-block-image size-full\"><img decoding=\"async\" width=\"756\" height=\"504\" data-src=\"https:\/\/www.lucaghigliano.it\/zioghilli\/wp-content\/uploads\/2025\/11\/IMG_20251113_103417075_HDR-1.jpg\" src=\"data:image\/gif;base64,R0lGODlhAQABAIAAAAAAAP\/\/\/yH5BAEAAAAALAAAAAABAAEAAAIBRAA7\" alt=\"Ciclismo bikepacking e fotografia: un semplice smartphone pu\u00f2 comunque immortalare momenti stupendi\" class=\"wp-image-4951 lazyload\"\/><noscript><img decoding=\"async\" width=\"756\" height=\"504\" src=\"https:\/\/www.lucaghigliano.it\/zioghilli\/wp-content\/uploads\/2025\/11\/IMG_20251113_103417075_HDR-1.jpg\" alt=\"Ciclismo bikepacking e fotografia: un semplice smartphone pu\u00f2 comunque immortalare momenti stupendi\" class=\"wp-image-4951\" srcset=\"https:\/\/www.lucaghigliano.it\/zioghilli\/wp-content\/uploads\/2025\/11\/IMG_20251113_103417075_HDR-1.jpg 756w, https:\/\/www.lucaghigliano.it\/zioghilli\/wp-content\/uploads\/2025\/11\/IMG_20251113_103417075_HDR-1-300x200.jpg 300w, https:\/\/www.lucaghigliano.it\/zioghilli\/wp-content\/uploads\/2025\/11\/IMG_20251113_103417075_HDR-1-600x400.jpg 600w\" sizes=\"(max-width: 756px) 100vw, 756px\" \/><\/noscript><figcaption class=\"wp-element-caption\">Usare l&#8217;immaginazione per sopprerire alle mancanze tecniche. Inquadratura bassa. Linee guida che sfuggono. Soggetto sui terzi. Mi ritorna alla mente il bellissimo libro che consiglio a tutti: <a href=\"https:\/\/www.libri.it\/occhio-del-fotografo\" target=\"_blank\" rel=\"noopener\">L&#8217;occhio del fotografo &#8211; Michael Freeman &#8211; Ed. Logos <\/a><\/figcaption><\/figure>\n\n\n\n<p class=\"wp-block-paragraph\">E poi:<\/p>\n\n\n\n<ul class=\"wp-block-list\">\n<li>pesa poco<\/li>\n\n\n\n<li>costa pochissimo<\/li>\n\n\n\n<li>non mi fa venire la tachicardia quando cade<\/li>\n\n\n\n<li>lo porto ovunque<\/li>\n\n\n\n<li>e scatto sempre<\/li>\n<\/ul>\n\n\n\n<figure class=\"wp-block-image size-full\"><img decoding=\"async\" width=\"756\" height=\"504\" data-src=\"https:\/\/www.lucaghigliano.it\/zioghilli\/wp-content\/uploads\/2017\/10\/20250916_113913_45.05085_6.70804.jpg\" src=\"data:image\/gif;base64,R0lGODlhAQABAIAAAAAAAP\/\/\/yH5BAEAAAAALAAAAAABAAEAAAIBRAA7\" alt=\"Ciclismo bikepacking e fotografia: la potenzialit\u00e0 di PeakFinder\" class=\"wp-image-4670 lazyload\"\/><noscript><img decoding=\"async\" width=\"756\" height=\"504\" src=\"https:\/\/www.lucaghigliano.it\/zioghilli\/wp-content\/uploads\/2017\/10\/20250916_113913_45.05085_6.70804.jpg\" alt=\"Ciclismo bikepacking e fotografia: la potenzialit\u00e0 di PeakFinder\" class=\"wp-image-4670\" srcset=\"https:\/\/www.lucaghigliano.it\/zioghilli\/wp-content\/uploads\/2017\/10\/20250916_113913_45.05085_6.70804.jpg 756w, https:\/\/www.lucaghigliano.it\/zioghilli\/wp-content\/uploads\/2017\/10\/20250916_113913_45.05085_6.70804-300x200.jpg 300w, https:\/\/www.lucaghigliano.it\/zioghilli\/wp-content\/uploads\/2017\/10\/20250916_113913_45.05085_6.70804-600x400.jpg 600w\" sizes=\"(max-width: 756px) 100vw, 756px\" \/><\/noscript><figcaption class=\"wp-element-caption\">Non ultimo c&#8217;\u00e8 la comodit\u00e0 di avere alcune app che si integrano perfettamente con la fotocamera come <a href=\"https:\/\/www.peakfinder.com\/it\/\" target=\"_blank\" rel=\"noreferrer noopener\">ad esempio PeakFinder<\/a> per l&#8217;identificazione delle montagne<\/figcaption><\/figure>\n\n\n\n<h2 class=\"wp-block-heading\">Ciclismo bikepacking e fotografia<strong>: less is more<\/strong>. <strong>La grande rivelazione<\/strong><\/h2>\n\n\n\n<p class=\"wp-block-paragraph\">\u00c8 qui che capisci che sei un pedalatore pane&amp;salame, uno che bada alla sostanza: nel <em>ciclismo bikepacking e fotografia<\/em> non vince chi ha l\u2019attrezzatura migliore, ma chi riesce a usarla davvero.<\/p>\n\n\n\n<figure class=\"wp-block-image size-full\"><img decoding=\"async\" width=\"1024\" height=\"683\" data-src=\"https:\/\/www.lucaghigliano.it\/zioghilli\/wp-content\/uploads\/2025\/05\/IMG_20240904_155428717.jpg\" src=\"data:image\/gif;base64,R0lGODlhAQABAIAAAAAAAP\/\/\/yH5BAEAAAAALAAAAAABAAEAAAIBRAA7\" alt=\"\" class=\"wp-image-3628 lazyload\"\/><noscript><img decoding=\"async\" width=\"1024\" height=\"683\" src=\"https:\/\/www.lucaghigliano.it\/zioghilli\/wp-content\/uploads\/2025\/05\/IMG_20240904_155428717.jpg\" alt=\"\" class=\"wp-image-3628\" srcset=\"https:\/\/www.lucaghigliano.it\/zioghilli\/wp-content\/uploads\/2025\/05\/IMG_20240904_155428717.jpg 1024w, https:\/\/www.lucaghigliano.it\/zioghilli\/wp-content\/uploads\/2025\/05\/IMG_20240904_155428717-300x200.jpg 300w, https:\/\/www.lucaghigliano.it\/zioghilli\/wp-content\/uploads\/2025\/05\/IMG_20240904_155428717-768x512.jpg 768w, https:\/\/www.lucaghigliano.it\/zioghilli\/wp-content\/uploads\/2025\/05\/IMG_20240904_155428717-600x400.jpg 600w, https:\/\/www.lucaghigliano.it\/zioghilli\/wp-content\/uploads\/2025\/05\/IMG_20240904_155428717-945x630.jpg 945w\" sizes=\"(max-width: 1024px) 100vw, 1024px\" \/><\/noscript><figcaption class=\"wp-element-caption\">Ciclismo bikepacking e fotografia ma non solo&#8230; anche in MTB il discorso non cambia: Chicco fotografa <a href=\"https:\/\/www.lucaghigliano.it\/zioghilli\/mtb-alpe-cavanna-mod-estiva\/\" target=\"_blank\" data-type=\"post\" data-id=\"3618\" rel=\"noreferrer noopener\">mucche&amp;panorami sulle prealpi tra Biella ed Ivrea<\/a><\/figcaption><\/figure>\n\n\n\n<p class=\"wp-block-paragraph\"><strong>L\u2019attrezzo giusto \u00e8 quello che porti<\/strong><br>Non quello perfetto sulla carta, quello perfetto per te.<\/p>\n\n\n\n<p class=\"wp-block-paragraph\"><strong>L\u2019occhio conta pi\u00f9 del corpo macchina<\/strong><br>Impara a leggere la luce, a giocare con ombre e colori, a raccontare un momento.<\/p>\n\n\n\n<p class=\"wp-block-paragraph\"><strong>Avere un\u2019idea fa la differenza<\/strong><br>Cosa vuoi catturare? La fatica? Il vento? La curva? La polvere? Ogni storia comincia da un\u2019intenzione.<\/p>\n\n\n\n<p class=\"wp-block-paragraph\"><strong>Viaggiare leggeri libera la mente<\/strong><br>In bici ogni grammo pesa, anche mentalmente. Una reflex che riposa nello zaino \u00e8 un peso inutile.<\/p>\n\n\n\n<figure class=\"wp-block-image size-large\"><img decoding=\"async\" class=\"lazyload\" data-src=\"https:\/\/www.lucaghigliano.it\/it\/wp-content\/uploads\/2019\/02\/QUALE-MACCHINA-FOTOGRAFICA-COMPRARE.jpg\" src=\"data:image\/gif;base64,R0lGODlhAQABAIAAAAAAAP\/\/\/yH5BAEAAAAALAAAAAABAAEAAAIBRAA7\" alt=\"\"\/><noscript><img decoding=\"async\" src=\"https:\/\/www.lucaghigliano.it\/it\/wp-content\/uploads\/2019\/02\/QUALE-MACCHINA-FOTOGRAFICA-COMPRARE.jpg\" alt=\"\"><\/noscript><figcaption class=\"wp-element-caption\">Comunque anche per la fotografia tradizionale avevo affrontato un discorso simile a quello per <strong><em>ciclismo bikepacking e fotografia<\/em><\/strong> &#8211; <a href=\"https:\/\/www.lucaghigliano.it\/it\/essere-o-non-essere\/\" data-type=\"link\" data-id=\"https:\/\/www.lucaghigliano.it\/it\/essere-o-non-essere\/\" target=\"_blank\" rel=\"noreferrer noopener\">Lo potete trovare a questo link<\/a><\/figcaption><\/figure>\n\n\n\n<h2 class=\"wp-block-heading\"><strong>Pedala leggero, scatta meglio<\/strong><\/h2>\n\n\n\n<p class=\"wp-block-paragraph\">Alla fine il miglior connubbio per ciclismo bikepacking e fotografia \u00e8 quello che ti fa venire voglia di scattare. Che sia un telefono economico o una compatta top di gamma, quello che conta \u00e8 come guardi il mondo mentre pedali. La bici ti porta lontano. La fotografia ti fa fermare il momento.<br>E insieme creano un piccolo miracolo: <strong>vedere davvero mentre viaggi<\/strong>.<\/p>\n\n\n\n<p class=\"wp-block-paragraph\"><strong>Less is more. Sempre.<\/strong><br>E ricordati: <strong>pedala leggero e scatta ancora pi\u00f9 leggero.<\/strong><\/p>\n\n\n\n<p class=\"has-text-align-center wp-block-paragraph\">.<br>&#x2b06;&#xfe0f; <strong>TI \u00c8 PIACIUTO L&#8217;ARTICOLO su CICLISMO BIKEPACKING e FOTOGRAFIA?<\/strong> &#x2b06;&#xfe0f;<br>L&#8217;interazione con i lettori \u00e8 una delle maggiori soddisfazioni di un blogger!<br>&#x1f642;&#x1f643;<br>Lascia un commento qui sotto e ti risponder\u00f2 al pi\u00f9 presto<br>&#x2b07;&#xfe0f;&#x2b07;&#xfe0f;&#x2b07;&#xfe0f;<\/p>\n","protected":false},"excerpt":{"rendered":"<p>RIASSUNTO IN 500 CARATTERI: fotografare mentre pedali non richiede attrezzatura costosa. Se ami ciclismo bikepacking e fotografia allo sai che conta pi\u00f9 l\u2019occhio che il sensore. Anche uno smartphone economico pu\u00f2 bastare se scatti con leggerezza con idee chiare e&#8230; <a class=\"more-link\" href=\"https:\/\/www.lucaghigliano.it\/zioghilli\/ciclismo-bikepacking-e-fotografia\/\">Continua a leggere &rarr;<\/a><\/p>\n","protected":false},"author":1,"featured_media":3995,"comment_status":"open","ping_status":"open","sticky":false,"template":"","format":"standard","meta":{"footnotes":""},"categories":[1,6],"tags":[19,55,20,21],"class_list":["post-4978","post","type-post","status-publish","format-standard","has-post-thumbnail","hentry","category-blog","category-bici","tag-bikepacking","tag-ciclismo-e-fotografia","tag-cicloturismo","tag-viaggiare-in-bici-da-corsa"],"_links":{"self":[{"href":"https:\/\/www.lucaghigliano.it\/zioghilli\/wp-json\/wp\/v2\/posts\/4978","targetHints":{"allow":["GET"]}}],"collection":[{"href":"https:\/\/www.lucaghigliano.it\/zioghilli\/wp-json\/wp\/v2\/posts"}],"about":[{"href":"https:\/\/www.lucaghigliano.it\/zioghilli\/wp-json\/wp\/v2\/types\/post"}],"author":[{"embeddable":true,"href":"https:\/\/www.lucaghigliano.it\/zioghilli\/wp-json\/wp\/v2\/users\/1"}],"replies":[{"embeddable":true,"href":"https:\/\/www.lucaghigliano.it\/zioghilli\/wp-json\/wp\/v2\/comments?post=4978"}],"version-history":[{"count":0,"href":"https:\/\/www.lucaghigliano.it\/zioghilli\/wp-json\/wp\/v2\/posts\/4978\/revisions"}],"wp:featuredmedia":[{"embeddable":true,"href":"https:\/\/www.lucaghigliano.it\/zioghilli\/wp-json\/wp\/v2\/media\/3995"}],"wp:attachment":[{"href":"https:\/\/www.lucaghigliano.it\/zioghilli\/wp-json\/wp\/v2\/media?parent=4978"}],"wp:term":[{"taxonomy":"category","embeddable":true,"href":"https:\/\/www.lucaghigliano.it\/zioghilli\/wp-json\/wp\/v2\/categories?post=4978"},{"taxonomy":"post_tag","embeddable":true,"href":"https:\/\/www.lucaghigliano.it\/zioghilli\/wp-json\/wp\/v2\/tags?post=4978"}],"curies":[{"name":"wp","href":"https:\/\/api.w.org\/{rel}","templated":true}]}}