{"id":4983,"date":"2025-11-25T17:04:13","date_gmt":"2025-11-25T16:04:13","guid":{"rendered":"https:\/\/www.lucaghigliano.it\/zioghilli\/?p=4983"},"modified":"2025-11-29T13:19:47","modified_gmt":"2025-11-29T12:19:47","slug":"allenamento-ciclismo-in-z2-e-cardio","status":"publish","type":"post","link":"https:\/\/www.lucaghigliano.it\/zioghilli\/allenamento-ciclismo-in-z2-e-cardio\/","title":{"rendered":"Il mio allenamento per il ciclismo in Z2 e cardio"},"content":{"rendered":"\n<h2 class=\"wp-block-heading\"><strong><strong>Dal quintale ad un allenamento di ciclismo in Z2 e cardio: la mia rinascita in sella<\/strong><\/strong><\/h2>\n\n\n\n<p class=\"wp-block-paragraph\">Questa \u00e8 la storia di come il ciclismo \u00e8 entrato nella mia vita un po\u2019 per caso e di come, pedalata dopo pedalata, mi ha rimesso in forma. Ho scoperto che non servono telai in carbonio o gruppi top di gamma per godersi davvero la bici: spesso basta un approccio semplice, basato su un <strong>allenamento di ciclismo in Z2 e cardio<\/strong>.<\/p>\n\n\n\n<h1 class=\"wp-block-heading\"><strong>Dai parquet alla bici: com&#8217;\u00e8 iniziato tutto<\/strong><\/h1>\n\n\n\n<h2 class=\"wp-block-heading\"><strong>2008: L\u2019addio alla pallacanestro e i chili in pi\u00f9<\/strong><\/h2>\n\n\n\n<p class=\"wp-block-paragraph\">Nel 2008 ho smesso di allenarmi costantemente a pallacanestro dopo quasi 15 anni. Senza sport, nel giro di poco ho iniziato a prendere peso fino a sfiorare il quintale. Con i miei quasi due metri d\u2019altezza potevo ancora \u201cmascherarlo\u201d ma quel peso iniziava davvero a infastidirmi.<\/p>\n\n\n\n<h2 class=\"wp-block-heading\"><strong>2013: Il primo incontro con il ciclismo<\/strong><\/h2>\n\n\n\n<p class=\"wp-block-paragraph\">Nel 2013 mi sono avvicinato al ciclismo da completo autodidatta: zero competenze, zero conoscenze, zero strumenti. Avevo recuperato <a href=\"https:\/\/www.lucaghigliano.it\/zioghilli\/100-cromo\/\" data-type=\"post\" data-id=\"561\">dal garage una bici di mio padre<\/a> con la quale uscivo quando avevo voglia, senza regole e senza programmi.<\/p>\n\n\n\n<figure class=\"wp-block-image size-full\"><img decoding=\"async\" width=\"900\" height=\"600\" data-src=\"https:\/\/www.lucaghigliano.it\/zioghilli\/wp-content\/uploads\/2019\/02\/DSCF9134-PS.jpg\" src=\"data:image\/gif;base64,R0lGODlhAQABAIAAAAAAAP\/\/\/yH5BAEAAAAALAAAAAABAAEAAAIBRAA7\" alt=\"Allenamento di ciclismo in Z2 e cardio: perch\u00e8 funziona e come\" class=\"wp-image-569 lazyload\"\/><noscript><img decoding=\"async\" width=\"900\" height=\"600\" src=\"https:\/\/www.lucaghigliano.it\/zioghilli\/wp-content\/uploads\/2019\/02\/DSCF9134-PS.jpg\" alt=\"Allenamento di ciclismo in Z2 e cardio: perch\u00e8 funziona e come\" class=\"wp-image-569\" srcset=\"https:\/\/www.lucaghigliano.it\/zioghilli\/wp-content\/uploads\/2019\/02\/DSCF9134-PS.jpg 900w, https:\/\/www.lucaghigliano.it\/zioghilli\/wp-content\/uploads\/2019\/02\/DSCF9134-PS-300x200.jpg 300w, https:\/\/www.lucaghigliano.it\/zioghilli\/wp-content\/uploads\/2019\/02\/DSCF9134-PS-768x512.jpg 768w, https:\/\/www.lucaghigliano.it\/zioghilli\/wp-content\/uploads\/2019\/02\/DSCF9134-PS-600x400.jpg 600w\" sizes=\"(max-width: 900px) 100vw, 900px\" \/><\/noscript><figcaption class=\"wp-element-caption\">Argomento del giorno &#8211; come sono arrivato ad un allenamento di ciclismo in Z2 e cardio: prime salite sulle colline del Monferrato ed in questo caso a Verrua Savoia con la Kastle che era ferma in garage da una ventina di anni<br>.<\/figcaption><\/figure>\n\n\n\n<figure class=\"wp-block-image size-full\"><img decoding=\"async\" width=\"900\" height=\"675\" data-src=\"https:\/\/www.lucaghigliano.it\/zioghilli\/wp-content\/uploads\/2019\/02\/20130701_183904-Modifica.jpg\" src=\"data:image\/gif;base64,R0lGODlhAQABAIAAAAAAAP\/\/\/yH5BAEAAAAALAAAAAABAAEAAAIBRAA7\" alt=\"Allenamento di ciclismo in Z2 e cardio: la differenza con gli allenamenti &quot;a naso&quot;\" class=\"wp-image-567 lazyload\"\/><noscript><img decoding=\"async\" width=\"900\" height=\"675\" src=\"https:\/\/www.lucaghigliano.it\/zioghilli\/wp-content\/uploads\/2019\/02\/20130701_183904-Modifica.jpg\" alt=\"Allenamento di ciclismo in Z2 e cardio: la differenza con gli allenamenti &quot;a naso&quot;\" class=\"wp-image-567\" srcset=\"https:\/\/www.lucaghigliano.it\/zioghilli\/wp-content\/uploads\/2019\/02\/20130701_183904-Modifica.jpg 900w, https:\/\/www.lucaghigliano.it\/zioghilli\/wp-content\/uploads\/2019\/02\/20130701_183904-Modifica-300x225.jpg 300w, https:\/\/www.lucaghigliano.it\/zioghilli\/wp-content\/uploads\/2019\/02\/20130701_183904-Modifica-768x576.jpg 768w, https:\/\/www.lucaghigliano.it\/zioghilli\/wp-content\/uploads\/2019\/02\/20130701_183904-Modifica-600x450.jpg 600w\" sizes=\"(max-width: 900px) 100vw, 900px\" \/><\/noscript><figcaption class=\"wp-element-caption\">Argomento del giorno &#8211; come sono arrivato ad un allenamento di ciclismo in Z2 e cardio: la mia prima sfida personale. Un paio di chilometri che portano a Moncestino dove arrivai sfinito<br>La ricordo come durissima, forse anche <a href=\"https:\/\/www.lucaghigliano.it\/zioghilli\/doppio-stelvio-loop-bici-da-corsa\/\" data-type=\"post\" data-id=\"367\" target=\"_blank\" rel=\"noreferrer noopener\">pi\u00f9 dura dello Stelvio<\/a>. Sono cambiate un po&#8217; di cose da quell&#8217;estate del 2013<br>.<\/figcaption><\/figure>\n\n\n\n<p class=\"wp-block-paragraph\">Tra il 2013 e il 2017 ho pedalato cos\u00ec: in totale libert\u00e0, scoprendo una sola grande verit\u00e0 personale: quando pesavo 98 kg faticavo da morire, quando tornavo verso i 91 mi sembrava di volare.<\/p>\n\n\n\n<h1 class=\"wp-block-heading\"><strong>2017: La svolta (e il nutrizionista)<\/strong><\/h1>\n\n\n\n<p class=\"wp-block-paragraph\">Nella primavera del 2017 ho deciso di farmi seguire da un nutrizionista. Nel giro di qualche mese sono passato da 99 a 81kg. Quasi 18kg in meno sono tanti, veramente tanti ed \u00e8 stato allora che ho capito una cosa fondamentale: <strong>in bici il peso del ciclista conta molto pi\u00f9 di quello della bici che pu\u00f2 essere in acciaio\/alluminio\/titanio o carbonio<\/strong> ma&#8230;<\/p>\n\n\n\n<blockquote class=\"wp-block-quote is-layout-flow wp-block-quote-is-layout-flow\">\n<p class=\"wp-block-paragraph\">&#8230;quando la bilancia gioca a tuo favore, tutto il resto passa in secondo piano. <\/p>\n<\/blockquote>\n\n\n\n<p class=\"wp-block-paragraph\">La soddisfazione di essere in forma e il piacere di pedalare raggiungono livelli idilliaci ed infatti per complimentarmi con me stesso, nel giugno 2017 mi sono regalato <a href=\"https:\/\/www.lucaghigliano.it\/zioghilli\/test-canyon-endurace-bici-endurance\/\" target=\"_blank\" data-type=\"post\" data-id=\"2441\" rel=\"noreferrer noopener\">la mia prima bici da corsa<\/a> dopo quasi 25 anni.<\/p>\n\n\n\n<figure class=\"wp-block-image size-full\"><img decoding=\"async\" width=\"960\" height=\"642\" data-src=\"https:\/\/www.lucaghigliano.it\/zioghilli\/wp-content\/uploads\/2019\/02\/20992603_10203463675188522_5048543010233004259_n.jpg\" src=\"data:image\/gif;base64,R0lGODlhAQABAIAAAAAAAP\/\/\/yH5BAEAAAAALAAAAAABAAEAAAIBRAA7\" alt=\"Allenamento di ciclismo in Z2 e cardio: perch\u00e8 quando torni in forma ti senti anche pi\u00f9 giovane\" class=\"wp-image-589 lazyload\"\/><noscript><img decoding=\"async\" width=\"960\" height=\"642\" src=\"https:\/\/www.lucaghigliano.it\/zioghilli\/wp-content\/uploads\/2019\/02\/20992603_10203463675188522_5048543010233004259_n.jpg\" alt=\"Allenamento di ciclismo in Z2 e cardio: perch\u00e8 quando torni in forma ti senti anche pi\u00f9 giovane\" class=\"wp-image-589\" srcset=\"https:\/\/www.lucaghigliano.it\/zioghilli\/wp-content\/uploads\/2019\/02\/20992603_10203463675188522_5048543010233004259_n.jpg 960w, https:\/\/www.lucaghigliano.it\/zioghilli\/wp-content\/uploads\/2019\/02\/20992603_10203463675188522_5048543010233004259_n-300x201.jpg 300w, https:\/\/www.lucaghigliano.it\/zioghilli\/wp-content\/uploads\/2019\/02\/20992603_10203463675188522_5048543010233004259_n-768x514.jpg 768w, https:\/\/www.lucaghigliano.it\/zioghilli\/wp-content\/uploads\/2019\/02\/20992603_10203463675188522_5048543010233004259_n-945x632.jpg 945w, https:\/\/www.lucaghigliano.it\/zioghilli\/wp-content\/uploads\/2019\/02\/20992603_10203463675188522_5048543010233004259_n-600x401.jpg 600w\" sizes=\"(max-width: 960px) 100vw, 960px\" \/><\/noscript><figcaption class=\"wp-element-caption\">La bici che ha preceduto l&#8217;attuale Canyon: una Bianchi in acciaio con cambio Sachs non indicizzato ed un pacco pignoni che adesso non userei neanche per andare a comprare il pane<br>.<\/figcaption><\/figure>\n\n\n\n<h1 class=\"wp-block-heading\"><strong>Pedalare \u201ca naso\u201d: 2017\u20132024<\/strong><\/h1>\n\n\n\n<p class=\"wp-block-paragraph\">Dal 2017 al 2024 ho continuato ad allenarmi \u201ca sensazione\u201d: uscite di 3 ore e mezzo, 2 o 3 volte a settimana, lasciando decidere alle gambe il ritmo. Niente dati, niente zone, nessun <strong>allenamento di ciclismo in Z2 e cardio<\/strong>. Solo un ciclocomputer per misurare i chilometri. Meglio che stare sul divano, certo, ma mancava metodo&#8230;<\/p>\n\n\n\n<figure class=\"wp-block-image size-full\"><img decoding=\"async\" width=\"1024\" height=\"682\" data-src=\"https:\/\/www.lucaghigliano.it\/zioghilli\/wp-content\/uploads\/2023\/06\/DSCF0760.jpg\" src=\"data:image\/gif;base64,R0lGODlhAQABAIAAAAAAAP\/\/\/yH5BAEAAAAALAAAAAABAAEAAAIBRAA7\" alt=\"\" class=\"wp-image-2905 lazyload\"\/><noscript><img decoding=\"async\" width=\"1024\" height=\"682\" src=\"https:\/\/www.lucaghigliano.it\/zioghilli\/wp-content\/uploads\/2023\/06\/DSCF0760.jpg\" alt=\"\" class=\"wp-image-2905\" srcset=\"https:\/\/www.lucaghigliano.it\/zioghilli\/wp-content\/uploads\/2023\/06\/DSCF0760.jpg 1024w, https:\/\/www.lucaghigliano.it\/zioghilli\/wp-content\/uploads\/2023\/06\/DSCF0760-300x200.jpg 300w, https:\/\/www.lucaghigliano.it\/zioghilli\/wp-content\/uploads\/2023\/06\/DSCF0760-768x512.jpg 768w, https:\/\/www.lucaghigliano.it\/zioghilli\/wp-content\/uploads\/2023\/06\/DSCF0760-600x400.jpg 600w, https:\/\/www.lucaghigliano.it\/zioghilli\/wp-content\/uploads\/2023\/06\/DSCF0760-945x629.jpg 945w\" sizes=\"(max-width: 1024px) 100vw, 1024px\" \/><\/noscript><figcaption class=\"wp-element-caption\">Comunque anche pedalare &#8220;a naso&#8221; non \u00e8 poi male quando <a href=\"https:\/\/www.lucaghigliano.it\/zioghilli\/nivolet-invernale\/\" target=\"_blank\" data-type=\"post\" data-id=\"2893\" rel=\"noreferrer noopener\">raggiungi il Nivolet nelle vacanze di Natale<\/a><br>.<\/figcaption><\/figure>\n\n\n\n<h1 class=\"wp-block-heading\"><strong>2025: Un libro, un consiglio e una nuova prospettiva<\/strong><\/h1>\n\n\n\n<h2 class=\"wp-block-heading\"><strong>Un amico virtuale e un titolo curioso<\/strong><\/h2>\n\n\n\n<p class=\"wp-block-paragraph\">Nella primavera del 2025 un amico \u201cvirtuale\u201d, con cui condivido consigli di letture ciclistiche e non, mi ha suggerito un libro: <strong>\u201cLibero dal mal di gambe\u201d di <a href=\"https:\/\/www.facebook.com\/luca.salvadeo\" target=\"_blank\" rel=\"noreferrer noopener\">Luca Salvadeo<\/a><\/strong>.<\/p>\n\n\n\n<h2 class=\"wp-block-heading\"><strong>La storia di Salvadeo e una formula semplice<\/strong><\/h2>\n\n\n\n<p class=\"wp-block-paragraph\">Nel suo libro Luca Salvadeo racconta la sua vita in sella e non solo: dalla giovinezza, alle Sei Giorni in pista in giro per l\u2019Europa, fino all\u2019impresa folle della Milano &#8211; Sanremo in scatto fisso.<\/p>\n\n\n\n<figure class=\"wp-block-image size-full\"><img decoding=\"async\" width=\"840\" height=\"560\" data-src=\"https:\/\/www.lucaghigliano.it\/zioghilli\/wp-content\/uploads\/2025\/11\/Luca-Salvadeo-libero-dal-mal-di-gambe.jpg\" src=\"data:image\/gif;base64,R0lGODlhAQABAIAAAAAAAP\/\/\/yH5BAEAAAAALAAAAAABAAEAAAIBRAA7\" alt=\"\" class=\"wp-image-4996 lazyload\"\/><noscript><img decoding=\"async\" width=\"840\" height=\"560\" src=\"https:\/\/www.lucaghigliano.it\/zioghilli\/wp-content\/uploads\/2025\/11\/Luca-Salvadeo-libero-dal-mal-di-gambe.jpg\" alt=\"\" class=\"wp-image-4996\" srcset=\"https:\/\/www.lucaghigliano.it\/zioghilli\/wp-content\/uploads\/2025\/11\/Luca-Salvadeo-libero-dal-mal-di-gambe.jpg 840w, https:\/\/www.lucaghigliano.it\/zioghilli\/wp-content\/uploads\/2025\/11\/Luca-Salvadeo-libero-dal-mal-di-gambe-300x200.jpg 300w, https:\/\/www.lucaghigliano.it\/zioghilli\/wp-content\/uploads\/2025\/11\/Luca-Salvadeo-libero-dal-mal-di-gambe-768x512.jpg 768w, https:\/\/www.lucaghigliano.it\/zioghilli\/wp-content\/uploads\/2025\/11\/Luca-Salvadeo-libero-dal-mal-di-gambe-600x400.jpg 600w\" sizes=\"(max-width: 840px) 100vw, 840px\" \/><\/noscript><figcaption class=\"wp-element-caption\">Ecco Luca Salvadeo ossia chi mi ha indirizzato verso un allenamento di ciclismo in Z2 e cardio<br>.<\/figcaption><\/figure>\n\n\n\n<p class=\"wp-block-paragraph\">Ma la cosa che pi\u00f9 mi ha colpito \u00e8 stata la sua formula di allenamento, tanto semplice quanto efficace:<br><strong>5 uscite a settimana, 2 ore l\u2019una, restando il pi\u00f9 possibile in Z2 a circa 80 pedalate al minuto.<\/strong><\/p>\n\n\n\n<p class=\"wp-block-paragraph\">Un approccio lineare, quasi minimalista: meno complessit\u00e0, pi\u00f9 efficacia. In pratica, una forma intuitiva di <strong>allenamento di ciclismo in Z2 e cardio<\/strong>, basato su frequenza cardiaca e cadenza.<\/p>\n\n\n\n<p class=\"wp-block-paragraph\">Niente tabelle complicate, niente SFR, niente misuratori di potenza, niente FTP (un parametro che invece uso negli <a href=\"https:\/\/www.lucaghigliano.it\/zioghilli\/allenamento-invernale-con-rulli-smart\/\" data-type=\"post\" data-id=\"4916\" target=\"_blank\" rel=\"noreferrer noopener\">allenamenti indoor sui rulli smart<\/a>). Qui contano solo cuore e cadenza.<\/p>\n\n\n\n<h2 class=\"wp-block-heading\">Cosa sono le zone cardiache e a cosa servono?<\/h2>\n\n\n\n<figure class=\"wp-block-image size-full\"><img decoding=\"async\" width=\"768\" height=\"370\" data-src=\"https:\/\/www.lucaghigliano.it\/zioghilli\/wp-content\/uploads\/2025\/11\/soglie-cardiache.jpg\" src=\"data:image\/gif;base64,R0lGODlhAQABAIAAAAAAAP\/\/\/yH5BAEAAAAALAAAAAABAAEAAAIBRAA7\" alt=\"\" class=\"wp-image-4985 lazyload\"\/><noscript><img decoding=\"async\" width=\"768\" height=\"370\" src=\"https:\/\/www.lucaghigliano.it\/zioghilli\/wp-content\/uploads\/2025\/11\/soglie-cardiache.jpg\" alt=\"\" class=\"wp-image-4985\" srcset=\"https:\/\/www.lucaghigliano.it\/zioghilli\/wp-content\/uploads\/2025\/11\/soglie-cardiache.jpg 768w, https:\/\/www.lucaghigliano.it\/zioghilli\/wp-content\/uploads\/2025\/11\/soglie-cardiache-300x145.jpg 300w, https:\/\/www.lucaghigliano.it\/zioghilli\/wp-content\/uploads\/2025\/11\/soglie-cardiache-600x289.jpg 600w\" sizes=\"(max-width: 768px) 100vw, 768px\" \/><\/noscript><figcaption class=\"wp-element-caption\">Dalla Z0 alla Z5 spiegate schematicamente. Applicarle ad un allenamento di ciclismo in Z2 e cardio \u00e8 la svolta<br>\u00a9 <a href=\"https:\/\/www.accademiaitalianafitness.it\/\" data-type=\"link\" data-id=\"https:\/\/www.accademiaitalianafitness.it\/\" target=\"_blank\" rel=\"noreferrer noopener\">Accademia Italiana Fitness<\/a><\/figcaption><\/figure>\n\n\n\n<p class=\"wp-block-paragraph\">Gli allenamenti in Z2 sono tornati in auge da quando <strong>Tadej Poga\u010dar<\/strong> ha dichiarato di <a href=\"https:\/\/www.bikeitalia.it\/come-allenarsi-in-z2-allenamento-di-tadej-pogacar\/\" target=\"_blank\" rel=\"noopener\">trascorrere molte ore di allenamento in questa frequenza cardiaca<\/a>. Ok lui ha un <em>motore <\/em>diverso da tutti ma cosa sono queste &#8220;zone&#8221; e perch\u00e8 \u00e8 importante conoscerle e comprenderle?<\/p>\n\n\n\n<p class=\"wp-block-paragraph\">Per farla semplice le zone cardiache sono fasce di intensit\u00e0 basate sulla percentuale della propria frequenza cardiaca massima. <strong>Z1<\/strong> \u00e8 la zona del recupero attivo: ritmo molto leggero e respirazione facile. <strong>Z2<\/strong> \u00e8 l\u2019endurance, ideale per migliorare resistenza e metabolizzare i grassi. <strong>Z3<\/strong> \u00e8 il ritmo medio, impegnativo ma sostenibile. <strong>Z4<\/strong> corrisponde alla soglia anaerobica, dove le gambe iniziano a bruciare. <strong>Z5<\/strong> \u00e8 lo sforzo massimo, usato solo per lavori brevi e intensi.<\/p>\n\n\n\n<h3 class=\"wp-block-heading\">Come si calcola la frequenza cardiaca massima per un allenamento di ciclismo in Z2 e cardio (ma non solo)?<\/h3>\n\n\n\n<h3 class=\"wp-block-heading\"><strong>1. Formula classica<\/strong><\/h3>\n\n\n\n<p class=\"wp-block-paragraph\">FCmax = 220 \u2212 et\u00e0 ||| \u00c8 la formula pi\u00f9 semplice e diffusa, ma pu\u00f2 avere errori anche di \u00b110\u201315 bpm.<\/p>\n\n\n\n<h3 class=\"wp-block-heading\"><strong>2. Formula di Tanaka (pi\u00f9 accurata)<\/strong><\/h3>\n\n\n\n<p class=\"wp-block-paragraph\">FCmax = 208 \u2212 0,7 \u00d7 et\u00e0 ||| Questa \u00e8 considerata pi\u00f9 affidabile per la maggior parte delle persone adulte.<\/p>\n\n\n\n<h3 class=\"wp-block-heading\"><strong>3. Formula per chi \u00e8 allenato<\/strong><\/h3>\n\n\n\n<p class=\"wp-block-paragraph\">FCmax = 210 \u2212 0,5 \u00d7 et\u00e0 \u2212 0,11 \u00d7 peso(kg) + 4 ||| Si utilizza per sportivi allenati <\/p>\n\n\n\n<h3 class=\"wp-block-heading\">4. Formula di Karvonen: et\u00e0 e frequenza cardiaca a riposo<\/h3>\n\n\n\n<p class=\"wp-block-paragraph\">THR = [(MHR &#8211; RHR) x %Intensit\u00e0] + RHR ||| E&#8217; quella che ho utilizzato io per impostare i valori per il mio <strong><a href=\"https:\/\/www.calculatorsoup.com\/calculators\/health\/target-heart-rate-zone-calculator.php\" target=\"_blank\" data-type=\"link\" data-id=\"https:\/\/www.calculatorsoup.com\/calculators\/health\/target-heart-rate-zone-calculator.php\" rel=\"noreferrer noopener\">allenamento di ciclismo in Z2 e cardio<\/a><\/strong> grazie al calcolatore online<\/p>\n\n\n\n<h3 class=\"wp-block-heading\">5. Metodo pi\u00f9 preciso: test da sforzo<\/h3>\n\n\n\n<p class=\"wp-block-paragraph\">L\u2019unico modo realmente accurato per conoscere la tua FCmax \u00e8 un <strong>test da sforzo<\/strong> controllato, eseguito su tapis roulant o cyclette, preferibilmente con supervisione medica.<\/p>\n\n\n\n<h2 class=\"wp-block-heading\">Perch\u00e8 pedalare ad 80rpm?<\/h2>\n\n\n\n<p class=\"wp-block-paragraph\">Pedalando a questa frequenza si lavora in modo pi\u00f9 economico: i muscoli producono potenza con meno picchi di forza per pedalata, riducendo l\u2019affaticamento. Inoltre 80 rpm aiuta a restare pi\u00f9 facilmente nelle zone cardiache corrette (come la Z2\/Z3), migliorando la resistenza aerobica e l\u2019efficienza senza andare subito \u201cfuori giri\u201d. \u00c8 una cadenza sostenibile, naturale, che favorisce costanza e qualit\u00e0 degli allenamenti.<\/p>\n\n\n\n<figure class=\"wp-block-image size-full\"><img decoding=\"async\" width=\"1024\" height=\"683\" data-src=\"https:\/\/www.lucaghigliano.it\/zioghilli\/wp-content\/uploads\/2025\/08\/photo_1_2025-08-17_22-05-50.jpg\" src=\"data:image\/gif;base64,R0lGODlhAQABAIAAAAAAAP\/\/\/yH5BAEAAAAALAAAAAABAAEAAAIBRAA7\" alt=\"\" class=\"wp-image-4130 lazyload\"\/><noscript><img decoding=\"async\" width=\"1024\" height=\"683\" src=\"https:\/\/www.lucaghigliano.it\/zioghilli\/wp-content\/uploads\/2025\/08\/photo_1_2025-08-17_22-05-50.jpg\" alt=\"\" class=\"wp-image-4130\" srcset=\"https:\/\/www.lucaghigliano.it\/zioghilli\/wp-content\/uploads\/2025\/08\/photo_1_2025-08-17_22-05-50.jpg 1024w, https:\/\/www.lucaghigliano.it\/zioghilli\/wp-content\/uploads\/2025\/08\/photo_1_2025-08-17_22-05-50-300x200.jpg 300w, https:\/\/www.lucaghigliano.it\/zioghilli\/wp-content\/uploads\/2025\/08\/photo_1_2025-08-17_22-05-50-768x512.jpg 768w, https:\/\/www.lucaghigliano.it\/zioghilli\/wp-content\/uploads\/2025\/08\/photo_1_2025-08-17_22-05-50-600x400.jpg 600w, https:\/\/www.lucaghigliano.it\/zioghilli\/wp-content\/uploads\/2025\/08\/photo_1_2025-08-17_22-05-50-945x630.jpg 945w\" sizes=\"(max-width: 1024px) 100vw, 1024px\" \/><\/noscript><figcaption class=\"wp-element-caption\">Grazie ad una modalit\u00e0 di allenamento di ciclismo in Z2 e cardio sono tornato a fare giri da oltre 4.000m+<br>.<\/figcaption><\/figure>\n\n\n\n<h1 class=\"wp-block-heading\"><strong>Il nuovo inizio: cardio, cadenza ed umilt\u00e0<\/strong><\/h1>\n\n\n\n<p class=\"wp-block-paragraph\">Dopo la visita sportiva annuale, ho comprato un cardiofrequenzimetro e un sensore di cadenza. Da quel momento il mio approccio \u00e8 cambiato: ho iniziato a fare davvero un mirato <strong>allenamento di ciclismo in Z2 e cardio<\/strong>, con dati reali invece che sensazioni.<\/p>\n\n\n\n<h2 class=\"wp-block-heading\"><strong>La scoperta pi\u00f9 grande: non mi stavo allenando<\/strong><\/h2>\n\n\n\n<p class=\"wp-block-paragraph\">Fin dalle prime uscite mi sono accorto che restare nella parte alta della Z2 a 80 rpm mi provocava indolenzimenti forti a cosce e glutei. Segno che i miei muscoli non avevano mai davvero lavorato.<\/p>\n\n\n\n<p class=\"wp-block-paragraph\"><strong>Quando <em>credevo <\/em>di spingere forte, in realt\u00e0 ero solo nella parte alta della Z2.<\/strong><br><strong>Quando mi sentivo vicino all\u2019esplosione, ero appena entrato nella Z3.<\/strong><\/p>\n\n\n\n<p class=\"wp-block-paragraph\">Capire questo mi ha cambiato tutto. Ho finalmente potuto allenarmi nelle zone giuste in tranquillit\u00e0, senza rischiare di esagerare o farmi male.<\/p>\n\n\n\n<h2 class=\"wp-block-heading\"><strong>Un mese di prova e&#8230;<\/strong><\/h2>\n\n\n\n<p class=\"wp-block-paragraph\">Dopo quattro settimane era gi\u00e0 evidente: questo metodo funzionava. Le mie uscite sono passate da 3h30\u2019 a sessioni di 2 ore con risultati migliori, grazie al nuovo <strong>allenamento di ciclismo in Z2 e cardio<\/strong>.<\/p>\n\n\n\n<p class=\"wp-block-paragraph\">Ho quindi accorciato le mie uscite che sono passate da giri 60\/70 km e quasi 1.000m+ a 46 km e 630 metri di salita. Incredibilmente meno tempo in sella ma pi\u00f9 intensit\u00e0 producono risultati migliori.<\/p>\n\n\n\n<h2 class=\"wp-block-heading\">Come si sviluppa un mio allenamento tipo tra pianura e colline<\/h2>\n\n\n\n<p class=\"wp-block-paragraph\">Durante i miei allenamenti tipici parto con una decina di chilometri di pianura per avvicinarmi alle colline. <\/p>\n\n\n\n<figure class=\"wp-block-image size-full\"><img decoding=\"async\" width=\"1043\" height=\"365\" data-src=\"https:\/\/www.lucaghigliano.it\/zioghilli\/wp-content\/uploads\/2025\/11\/allenamento-z2-3-1.jpg\" src=\"data:image\/gif;base64,R0lGODlhAQABAIAAAAAAAP\/\/\/yH5BAEAAAAALAAAAAABAAEAAAIBRAA7\" alt=\"\" class=\"wp-image-4989 lazyload\"\/><noscript><img decoding=\"async\" width=\"1043\" height=\"365\" src=\"https:\/\/www.lucaghigliano.it\/zioghilli\/wp-content\/uploads\/2025\/11\/allenamento-z2-3-1.jpg\" alt=\"\" class=\"wp-image-4989\" srcset=\"https:\/\/www.lucaghigliano.it\/zioghilli\/wp-content\/uploads\/2025\/11\/allenamento-z2-3-1.jpg 1043w, https:\/\/www.lucaghigliano.it\/zioghilli\/wp-content\/uploads\/2025\/11\/allenamento-z2-3-1-300x105.jpg 300w, https:\/\/www.lucaghigliano.it\/zioghilli\/wp-content\/uploads\/2025\/11\/allenamento-z2-3-1-1024x358.jpg 1024w, https:\/\/www.lucaghigliano.it\/zioghilli\/wp-content\/uploads\/2025\/11\/allenamento-z2-3-1-768x269.jpg 768w, https:\/\/www.lucaghigliano.it\/zioghilli\/wp-content\/uploads\/2025\/11\/allenamento-z2-3-1-600x210.jpg 600w, https:\/\/www.lucaghigliano.it\/zioghilli\/wp-content\/uploads\/2025\/11\/allenamento-z2-3-1-945x331.jpg 945w\" sizes=\"(max-width: 1043px) 100vw, 1043px\" \/><\/noscript><figcaption class=\"wp-element-caption\">Il mio grande classico della pausa pranzo: partenza ore 12 circa. Rientro ore 14 o poco pi\u00f9. Doccia. Operativo<br>.<\/figcaption><\/figure>\n\n\n\n<p class=\"wp-block-paragraph\">In questa fase cerco di restare nella parte alta della <strong>Z2<\/strong>, al limite con la <strong>Z3<\/strong>, mantenendo una cadenza di <strong>80 rpm<\/strong>. Con il tempo ho scoperto che il mio fisico si trova bene anche con una pedalata pi\u00f9 agile, quindi spesso salgo verso le <strong>90 rpm<\/strong> senza problemi. <\/p>\n\n\n\n<figure class=\"wp-block-image size-full\"><img decoding=\"async\" width=\"942\" height=\"143\" data-src=\"https:\/\/www.lucaghigliano.it\/zioghilli\/wp-content\/uploads\/2025\/11\/allenamento-z2.jpg\" src=\"data:image\/gif;base64,R0lGODlhAQABAIAAAAAAAP\/\/\/yH5BAEAAAAALAAAAAABAAEAAAIBRAA7\" alt=\"\" class=\"wp-image-4986 lazyload\"\/><noscript><img decoding=\"async\" width=\"942\" height=\"143\" src=\"https:\/\/www.lucaghigliano.it\/zioghilli\/wp-content\/uploads\/2025\/11\/allenamento-z2.jpg\" alt=\"\" class=\"wp-image-4986\" srcset=\"https:\/\/www.lucaghigliano.it\/zioghilli\/wp-content\/uploads\/2025\/11\/allenamento-z2.jpg 942w, https:\/\/www.lucaghigliano.it\/zioghilli\/wp-content\/uploads\/2025\/11\/allenamento-z2-300x46.jpg 300w, https:\/\/www.lucaghigliano.it\/zioghilli\/wp-content\/uploads\/2025\/11\/allenamento-z2-768x117.jpg 768w, https:\/\/www.lucaghigliano.it\/zioghilli\/wp-content\/uploads\/2025\/11\/allenamento-z2-600x91.jpg 600w\" sizes=\"(max-width: 942px) 100vw, 942px\" \/><\/noscript><figcaption class=\"wp-element-caption\">L&#8217;altimetria di un mio classico &#8220;allenamento&#8221; settimanale (dati <a href=\"https:\/\/www.strava.com\/athletes\/23714380\" target=\"_blank\" rel=\"noreferrer noopener\">Strava<\/a>)<br>.<\/figcaption><\/figure>\n\n\n\n<p class=\"wp-block-paragraph\">Quando arriva la salita, nonostante i rapporti agili (34\/25 o 34\/28) la cadenza scende un po\u2019 al contrario della frequenza cardiaca che sale stabilmente in <strong>Z3<\/strong>, con qualche inevitabile picco in <strong>Z4<\/strong>. <\/p>\n\n\n\n<figure class=\"wp-block-image size-full\"><img decoding=\"async\" width=\"860\" height=\"142\" data-src=\"https:\/\/www.lucaghigliano.it\/zioghilli\/wp-content\/uploads\/2025\/11\/allenamento-z2-2.jpg\" src=\"data:image\/gif;base64,R0lGODlhAQABAIAAAAAAAP\/\/\/yH5BAEAAAAALAAAAAABAAEAAAIBRAA7\" alt=\"\" class=\"wp-image-4987 lazyload\"\/><noscript><img decoding=\"async\" width=\"860\" height=\"142\" src=\"https:\/\/www.lucaghigliano.it\/zioghilli\/wp-content\/uploads\/2025\/11\/allenamento-z2-2.jpg\" alt=\"\" class=\"wp-image-4987\" srcset=\"https:\/\/www.lucaghigliano.it\/zioghilli\/wp-content\/uploads\/2025\/11\/allenamento-z2-2.jpg 860w, https:\/\/www.lucaghigliano.it\/zioghilli\/wp-content\/uploads\/2025\/11\/allenamento-z2-2-300x50.jpg 300w, https:\/\/www.lucaghigliano.it\/zioghilli\/wp-content\/uploads\/2025\/11\/allenamento-z2-2-768x127.jpg 768w, https:\/\/www.lucaghigliano.it\/zioghilli\/wp-content\/uploads\/2025\/11\/allenamento-z2-2-600x99.jpg 600w\" sizes=\"(max-width: 860px) 100vw, 860px\" \/><\/noscript><figcaption class=\"wp-element-caption\">Frequenza cardiaca e cadenza di un mio classico &#8220;allenamento&#8221; settimanale (dati <a href=\"https:\/\/www.strava.com\/athletes\/23714380\" target=\"_blank\" data-type=\"link\" data-id=\"https:\/\/www.strava.com\/athletes\/23714380\" rel=\"noreferrer noopener\">Strava<\/a>)<br>.<\/figcaption><\/figure>\n\n\n\n<p class=\"wp-block-paragraph\">Il rientro avviene di nuovo in pianura, seguendo lo stesso schema dell\u2019andata per chiudere l\u2019allenamento in modo controllato e costante.<\/p>\n\n\n\n<h1 class=\"wp-block-heading\"><strong>I risultati: pi\u00f9 forte, pi\u00f9 costante, pi\u00f9 felice<\/strong><\/h1>\n\n\n\n<p class=\"wp-block-paragraph\">Allenandomi cos\u00ec a partire dalla primavera 2025 credo di essere migliorato sotto ogni punto di vista, fisico ma anche emotivo perch\u00e8 sono tornato serenamente a fare uscite di <a href=\"https:\/\/www.lucaghigliano.it\/zioghilli\/casa-firenze-adriatico\/\" data-type=\"post\" data-id=\"3894\" target=\"_blank\" rel=\"noreferrer noopener\">pi\u00f9 giorni consecutivi<\/a> ma anche lunghe pedalate alpine da 3.000 o <a href=\"https:\/\/www.lucaghigliano.it\/zioghilli\/vinadio-vinadio-in-bici-da-corsa\/\" data-type=\"post\" data-id=\"4104\" target=\"_blank\" rel=\"noreferrer noopener\">4.000 metri di dislivello<\/a>, senza quel senso di \u201csvuotamento\u201d del passato. Il tutto con pi\u00f9 tempo a disposizione per me e la mia famiglia.<\/p>\n\n\n\n<h1 class=\"wp-block-heading\"><strong>Quando si pedala con gli amici<\/strong><\/h1>\n\n\n\n<p class=\"wp-block-paragraph\">Se esco con gli amici il cardiofrequenzimetro resta a casa: l\u00ec conta solo chiacchierare, ridere e godersi la compagnia. E la stessa cosa la faccio anche quando voglio semplicemente uscire da solo per sentire il vento in faccia, senza pensieri.<\/p>\n\n\n\n<figure class=\"wp-block-image size-full\"><img decoding=\"async\" width=\"1024\" height=\"683\" data-src=\"https:\/\/www.lucaghigliano.it\/zioghilli\/wp-content\/uploads\/2024\/12\/IMG_20241201_153442649-1.jpg\" src=\"data:image\/gif;base64,R0lGODlhAQABAIAAAAAAAP\/\/\/yH5BAEAAAAALAAAAAABAAEAAAIBRAA7\" alt=\"\" class=\"wp-image-3607 lazyload\"\/><noscript><img decoding=\"async\" width=\"1024\" height=\"683\" src=\"https:\/\/www.lucaghigliano.it\/zioghilli\/wp-content\/uploads\/2024\/12\/IMG_20241201_153442649-1.jpg\" alt=\"\" class=\"wp-image-3607\" srcset=\"https:\/\/www.lucaghigliano.it\/zioghilli\/wp-content\/uploads\/2024\/12\/IMG_20241201_153442649-1.jpg 1024w, https:\/\/www.lucaghigliano.it\/zioghilli\/wp-content\/uploads\/2024\/12\/IMG_20241201_153442649-1-300x200.jpg 300w, https:\/\/www.lucaghigliano.it\/zioghilli\/wp-content\/uploads\/2024\/12\/IMG_20241201_153442649-1-768x512.jpg 768w, https:\/\/www.lucaghigliano.it\/zioghilli\/wp-content\/uploads\/2024\/12\/IMG_20241201_153442649-1-600x400.jpg 600w, https:\/\/www.lucaghigliano.it\/zioghilli\/wp-content\/uploads\/2024\/12\/IMG_20241201_153442649-1-945x630.jpg 945w\" sizes=\"(max-width: 1024px) 100vw, 1024px\" \/><\/noscript><figcaption class=\"wp-element-caption\">Durante le uscite con gli amici niente allenamento di ciclismo in Z2 e cardio: una piadina in cima ad una montagna \u00e8 tutto ci\u00f2 che cerco ed anche uno dei motivi per cui faticare in settimana<br>.<\/figcaption><\/figure>\n\n\n\n<p class=\"wp-block-paragraph\">Non voglio diventare schiavo di uno strumento tecnologico ma voglio che lavori al mio fianco per aiutarmi a migliorare e tenermi in forma<\/p>\n\n\n\n<h1 class=\"wp-block-heading\"><strong>Conclusione<\/strong>: la mia personalissima opinione \u00e8&#8230;<\/h1>\n\n\n\n<p class=\"wp-block-paragraph\">Questo metodo di allenamento mi ha cambiato il modo di vivere la bici. Non servono complicazioni, numeri, grafici e tabelle infinite.<br>A volte basta ascoltare il cuore &#8211; letteralmente &#8211; e avere la pazienza di pedalare (e soffrire) nella zona giusta.<\/p>\n\n\n\n<figure class=\"wp-block-image size-full\"><img decoding=\"async\" width=\"800\" height=\"600\" data-src=\"https:\/\/www.lucaghigliano.it\/zioghilli\/wp-content\/uploads\/2024\/06\/0ACEA065-A390-41CE-AEAB-CA982AD5A375_1_105_c.jpg\" src=\"data:image\/gif;base64,R0lGODlhAQABAIAAAAAAAP\/\/\/yH5BAEAAAAALAAAAAABAAEAAAIBRAA7\" alt=\"\" class=\"wp-image-3347 lazyload\"\/><noscript><img decoding=\"async\" width=\"800\" height=\"600\" src=\"https:\/\/www.lucaghigliano.it\/zioghilli\/wp-content\/uploads\/2024\/06\/0ACEA065-A390-41CE-AEAB-CA982AD5A375_1_105_c.jpg\" alt=\"\" class=\"wp-image-3347\" srcset=\"https:\/\/www.lucaghigliano.it\/zioghilli\/wp-content\/uploads\/2024\/06\/0ACEA065-A390-41CE-AEAB-CA982AD5A375_1_105_c.jpg 800w, https:\/\/www.lucaghigliano.it\/zioghilli\/wp-content\/uploads\/2024\/06\/0ACEA065-A390-41CE-AEAB-CA982AD5A375_1_105_c-300x225.jpg 300w, https:\/\/www.lucaghigliano.it\/zioghilli\/wp-content\/uploads\/2024\/06\/0ACEA065-A390-41CE-AEAB-CA982AD5A375_1_105_c-768x576.jpg 768w, https:\/\/www.lucaghigliano.it\/zioghilli\/wp-content\/uploads\/2024\/06\/0ACEA065-A390-41CE-AEAB-CA982AD5A375_1_105_c-600x450.jpg 600w\" sizes=\"(max-width: 800px) 100vw, 800px\" \/><\/noscript><figcaption class=\"wp-element-caption\">Mi alleno in media 130 volte all&#8217;anno per un solo motivo: godermi le uscite in montagna come questa in compagnia del <a href=\"https:\/\/www.lucaghigliano.it\/zioghilli\/minchiatour-passi-estivi-innevati\/\" target=\"_blank\" data-type=\"post\" data-id=\"3320\" rel=\"noreferrer noopener\">mio amico Dave<\/a> sui tornanti del colle S. Carlo<br>. <\/figcaption><\/figure>\n\n\n\n<p class=\"wp-block-paragraph\"><strong>NOTE IMPORTANTI:<\/strong> magari i ciclisti pi\u00f9 <em>agguerriti <\/em>storceranno il naso leggendo la parola <em>allenamento<\/em> riferita alla mia routine, ma semplicemente abbiamo obiettivi diversi. Questo articolo racconta il mio personale vissuto e pu\u00f2 essere utile a chi desidera godersi il ciclismo a 360\u00b0 affrontare anche le grandi salite alpine ad un ritmo piacevole ma senza l\u2019assillo della performance a tutti i costi.<\/p>\n\n\n\n<p class=\"wp-block-paragraph\">Ultimo ma non per importanza: questo mio piccolo articolo non ha la pretesa di sostituirsi alla professionalit\u00e0 di un preparatore atletico e soprattutto prima di ragionare su un allenamento di ciclismo in Z2 e cardio \u00e8 fondamentale una visita sportiva per capire che il vostro <em>motore <\/em>\u00e8 pronto a salire nella zona alta del contagiri.<\/p>\n\n\n\n<p class=\"has-text-align-center wp-block-paragraph\">.<br>&#x2b06;&#xfe0f; <strong>TI \u00c8 PIACIUTO L&#8217;ARTICOLO RIGUARDO ALLENAMENTO DI CICLISMO IN Z2 E CARDIO?<\/strong> &#x2b06;&#xfe0f;<br>L&#8217;interazione con i lettori \u00e8 una delle maggiori soddisfazioni di un blogger!<br>&#x1f642;&#x1f643;<br>Lascia un commento qui sotto e ti risponder\u00f2 al pi\u00f9 presto<br>&#x2b07;&#xfe0f;&#x2b07;&#xfe0f;&#x2b07;&#xfe0f;<\/p>\n","protected":false},"excerpt":{"rendered":"<p>Dal quintale ad un allenamento di ciclismo in Z2 e cardio: la mia rinascita in sella Questa \u00e8 la storia di come il ciclismo \u00e8 entrato nella mia vita un po\u2019 per caso e di come, pedalata dopo pedalata, mi&#8230; <a class=\"more-link\" href=\"https:\/\/www.lucaghigliano.it\/zioghilli\/allenamento-ciclismo-in-z2-e-cardio\/\">Continua a leggere &rarr;<\/a><\/p>\n","protected":false},"author":1,"featured_media":4984,"comment_status":"open","ping_status":"open","sticky":false,"template":"","format":"standard","meta":{"footnotes":""},"categories":[1,6],"tags":[],"class_list":["post-4983","post","type-post","status-publish","format-standard","has-post-thumbnail","hentry","category-blog","category-bici"],"_links":{"self":[{"href":"https:\/\/www.lucaghigliano.it\/zioghilli\/wp-json\/wp\/v2\/posts\/4983","targetHints":{"allow":["GET"]}}],"collection":[{"href":"https:\/\/www.lucaghigliano.it\/zioghilli\/wp-json\/wp\/v2\/posts"}],"about":[{"href":"https:\/\/www.lucaghigliano.it\/zioghilli\/wp-json\/wp\/v2\/types\/post"}],"author":[{"embeddable":true,"href":"https:\/\/www.lucaghigliano.it\/zioghilli\/wp-json\/wp\/v2\/users\/1"}],"replies":[{"embeddable":true,"href":"https:\/\/www.lucaghigliano.it\/zioghilli\/wp-json\/wp\/v2\/comments?post=4983"}],"version-history":[{"count":0,"href":"https:\/\/www.lucaghigliano.it\/zioghilli\/wp-json\/wp\/v2\/posts\/4983\/revisions"}],"wp:featuredmedia":[{"embeddable":true,"href":"https:\/\/www.lucaghigliano.it\/zioghilli\/wp-json\/wp\/v2\/media\/4984"}],"wp:attachment":[{"href":"https:\/\/www.lucaghigliano.it\/zioghilli\/wp-json\/wp\/v2\/media?parent=4983"}],"wp:term":[{"taxonomy":"category","embeddable":true,"href":"https:\/\/www.lucaghigliano.it\/zioghilli\/wp-json\/wp\/v2\/categories?post=4983"},{"taxonomy":"post_tag","embeddable":true,"href":"https:\/\/www.lucaghigliano.it\/zioghilli\/wp-json\/wp\/v2\/tags?post=4983"}],"curies":[{"name":"wp","href":"https:\/\/api.w.org\/{rel}","templated":true}]}}