{"id":595,"date":"2014-10-19T18:46:04","date_gmt":"2014-10-19T17:46:04","guid":{"rendered":"http:\/\/www.lucaghigliano.it\/zioghilli\/?p=595"},"modified":"2025-09-10T14:56:53","modified_gmt":"2025-09-10T13:56:53","slug":"mont-froid-2-819m","status":"publish","type":"post","link":"https:\/\/www.lucaghigliano.it\/zioghilli\/mont-froid-2-819m\/","title":{"rendered":"MTB | Mont Froid &#8211; 2.819m"},"content":{"rendered":"\n<p class=\"wp-block-paragraph\">L&#8217;autunno \u00e8 una delle mie stagioni preferite: fa ancora abbastanza caldo ma non come in estate, la natura si riempie di colori e in quota si inizia a respirare profumo di inverno. E&#8217; una sensazione di nostalgia. Molto bella\u2026<br>L&#8217;anno scorso, in questo periodo, ero al top mai raggiunto della mia forma fisica di ciclista improvvisato. Avevo pedalato almeno 20km tutti i giorni da inizio giugno &#8211; ossia dal giorno in cui mi ero licenziato &#8211; e collezionato qualche migliaio di metri di dislivello; cos\u00ec un giorno, in compagnia del mio ex-collega e amico Robi Genre, salii in bici sulla Cima Ciantiplagna &#8211; 2.975m.<\/p>\n\n\n\n<figure class=\"wp-block-image\"><img decoding=\"async\" width=\"1024\" height=\"768\" data-src=\"https:\/\/www.lucaghigliano.it\/zioghilli\/wp-content\/uploads\/2019\/02\/DSCF2116-1024x768.jpg\" src=\"data:image\/gif;base64,R0lGODlhAQABAIAAAAAAAP\/\/\/yH5BAEAAAAALAAAAAABAAEAAAIBRAA7\" alt=\"\" class=\"wp-image-596 lazyload\"\/><noscript><img decoding=\"async\" width=\"1024\" height=\"768\" src=\"https:\/\/www.lucaghigliano.it\/zioghilli\/wp-content\/uploads\/2019\/02\/DSCF2116-1024x768.jpg\" alt=\"\" class=\"wp-image-596\" srcset=\"https:\/\/www.lucaghigliano.it\/zioghilli\/wp-content\/uploads\/2019\/02\/DSCF2116-1024x768.jpg 1024w, https:\/\/www.lucaghigliano.it\/zioghilli\/wp-content\/uploads\/2019\/02\/DSCF2116-300x225.jpg 300w, https:\/\/www.lucaghigliano.it\/zioghilli\/wp-content\/uploads\/2019\/02\/DSCF2116-768x576.jpg 768w, https:\/\/www.lucaghigliano.it\/zioghilli\/wp-content\/uploads\/2019\/02\/DSCF2116-945x709.jpg 945w, https:\/\/www.lucaghigliano.it\/zioghilli\/wp-content\/uploads\/2019\/02\/DSCF2116-600x450.jpg 600w\" sizes=\"(max-width: 1024px) 100vw, 1024px\" \/><\/noscript><figcaption class=\"wp-element-caption\"> Kona Kahuna @ Cima Ciantiplagna | Come volare<br>.<\/figcaption><\/figure>\n\n\n\n<p class=\"wp-block-paragraph\">Ma quest&#8217;anno la solfa \u00e8 ben diversa. Ho pedalato con costanza fino a met\u00e0 Giugno poi ho mollato un po&#8217; il colpo, tra l&#8217;attesa per l&#8217;arrivo di Federico e il successivo poco dormire &#8211; fortunatamente durato meno di 1 mese. Poi \u00e8 arrivato Agosto e il suo gran caldo e Settembre quando ho deciso di rimettermi in sella ma alla 3 uscita mattutina consecutiva mi \u00e8 successa una cosa incredibile&#8230;<\/p>\n\n\n\n<figure class=\"wp-block-image\"><img decoding=\"async\" width=\"700\" height=\"467\" data-src=\"https:\/\/www.lucaghigliano.it\/zioghilli\/wp-content\/uploads\/2019\/02\/DSCF2115.jpg\" src=\"data:image\/gif;base64,R0lGODlhAQABAIAAAAAAAP\/\/\/yH5BAEAAAAALAAAAAABAAEAAAIBRAA7\" alt=\"\" class=\"wp-image-597 lazyload\"\/><noscript><img decoding=\"async\" width=\"700\" height=\"467\" src=\"https:\/\/www.lucaghigliano.it\/zioghilli\/wp-content\/uploads\/2019\/02\/DSCF2115.jpg\" alt=\"\" class=\"wp-image-597\" srcset=\"https:\/\/www.lucaghigliano.it\/zioghilli\/wp-content\/uploads\/2019\/02\/DSCF2115.jpg 700w, https:\/\/www.lucaghigliano.it\/zioghilli\/wp-content\/uploads\/2019\/02\/DSCF2115-300x200.jpg 300w, https:\/\/www.lucaghigliano.it\/zioghilli\/wp-content\/uploads\/2019\/02\/DSCF2115-600x400.jpg 600w\" sizes=\"(max-width: 700px) 100vw, 700px\" \/><\/noscript><figcaption class=\"wp-element-caption\">L&#8217;alluminio non si piega volentieri. Preferisce spezzarsi improvvisamente<br>.<\/figcaption><\/figure>\n\n\n\n<p class=\"wp-block-paragraph\">Cos\u00ec ne ho approfittato per poltrire ulteriormente e le uscite mattutine con la bicicletta da strada sono diventate piuttosto <strong>random<\/strong>. Nonostante ci\u00f2 a fine Settembre ho tentato una <strong>sciocchezza cosmica<\/strong>: <br><strong>Locana &#8211; Colle del Nivolet<\/strong> | 2.005m di dislivello in 40km. Inutile dire che a 3\/5 sono scoppiato, ho girato la bici e sono tornato verso valle\u2026<\/p>\n\n\n\n<figure class=\"wp-block-image\"><img decoding=\"async\" width=\"900\" height=\"599\" data-src=\"https:\/\/www.lucaghigliano.it\/zioghilli\/wp-content\/uploads\/2019\/02\/DSCF0078-Modifica.jpg\" src=\"data:image\/gif;base64,R0lGODlhAQABAIAAAAAAAP\/\/\/yH5BAEAAAAALAAAAAABAAEAAAIBRAA7\" alt=\"\" class=\"wp-image-598 lazyload\"\/><noscript><img decoding=\"async\" width=\"900\" height=\"599\" src=\"https:\/\/www.lucaghigliano.it\/zioghilli\/wp-content\/uploads\/2019\/02\/DSCF0078-Modifica.jpg\" alt=\"\" class=\"wp-image-598\" srcset=\"https:\/\/www.lucaghigliano.it\/zioghilli\/wp-content\/uploads\/2019\/02\/DSCF0078-Modifica.jpg 900w, https:\/\/www.lucaghigliano.it\/zioghilli\/wp-content\/uploads\/2019\/02\/DSCF0078-Modifica-300x200.jpg 300w, https:\/\/www.lucaghigliano.it\/zioghilli\/wp-content\/uploads\/2019\/02\/DSCF0078-Modifica-768x511.jpg 768w, https:\/\/www.lucaghigliano.it\/zioghilli\/wp-content\/uploads\/2019\/02\/DSCF0078-Modifica-600x399.jpg 600w\" sizes=\"(max-width: 900px) 100vw, 900px\" \/><\/noscript><figcaption class=\"wp-element-caption\"> Cartelli che mettono felicit\u00e0<br>.<\/figcaption><\/figure>\n\n\n\n<p class=\"wp-block-paragraph\">Per l&#8217;occasione avevo gommato la Kahuna con le gomme da strada nella speranza che un 0.69 di&nbsp;<em>rapportino<\/em>&nbsp;mi potesse portare in cima&#8230; Era stata anche l&#8217;occasione per testare il nuovissimo gruppo Shimano XT che ha sostituito l&#8217;accoppiata Sram X7 + Avid Elixir 3 montata di serie sulla Kona. Sinceramente non mi sono mai trovato bene n\u00e8 con il cambio, regolato pi\u00f9 volte senza successo, n\u00e8 con i freni che andavano in crisi dopo poche centinaia di metri, forse anche per colpa del mio dolce peso.<br>Riposta la bici in garage nell&#8217;attesa di trovare lo stimolo per salire nuovamente in sella. Stimolo che ultimamente latita assai&#8230;<br>Sicch\u00e8 un giorno, durante un nuovo servizio per MCN, arriviamo a 2.800m de La Met e scopro che&nbsp;<em>laggi\u00f9 c&#8217;\u00e8 il ghiacciaio della Valnoise ed invece su quella cima il Fort Turr\u00e0 a cui si pu\u00f2 salire in MTB<\/em><br>Inutile dire che, appena tornato a casa sono andato a cercare info su questa salita che risulta abbastanza faticosa. Meglio non fare l&#8217;uovo fuori dalla cesta e cercare qualcosa pi\u00f9 a portata.<br>Fort Turr\u00e0 dicevamo. Difficilotto. Uhm&#8230; cercando per\u00f2 trovo una foto che mi lascia a bocca aperta. Questa:<br><\/p>\n\n\n\n<figure class=\"wp-block-image\"><img decoding=\"async\" class=\"lazyload\" data-src=\"https:\/\/2.bp.blogspot.com\/_TAj4n6j1db8\/TJ3-D5AHwoI\/AAAAAAAACro\/pGCwBngYofE\/s1600\/Montfroid2.jpg\" src=\"data:image\/gif;base64,R0lGODlhAQABAIAAAAAAAP\/\/\/yH5BAEAAAAALAAAAAABAAEAAAIBRAA7\" alt=\"\"\/><noscript><img decoding=\"async\" src=\"https:\/\/2.bp.blogspot.com\/_TAj4n6j1db8\/TJ3-D5AHwoI\/AAAAAAAACro\/pGCwBngYofE\/s1600\/Montfroid2.jpg\" alt=\"\"><\/noscript><figcaption class=\"wp-element-caption\">\u00a9 cicloalpinismo.com<br>.<\/figcaption><\/figure>\n\n\n\n<p class=\"wp-block-paragraph\">C&#8217;\u00e8 scritto che la salita \u00e8 al 100% pedalabile fino al Col Sollieres &#8211; 2.600 e rotti &#8211; e poi bici in spalla fino alla cima per fare questo orgasmico single-track in cresta. Contatto Robi Genre e decidiamo di andarci. Sinceramente: non sono mica tanto sicuro di farcela ad arrivare in cima. Ma suvvia, \u00e8 fine ottobre e tra pochi giorni scender\u00e0 la neve. Adesso o mai pi\u00f9&#8230;<\/p>\n\n\n\n<figure class=\"wp-block-image\"><img decoding=\"async\" width=\"900\" height=\"602\" data-src=\"https:\/\/www.lucaghigliano.it\/zioghilli\/wp-content\/uploads\/2019\/02\/DSF7285-PS-2.jpg\" src=\"data:image\/gif;base64,R0lGODlhAQABAIAAAAAAAP\/\/\/yH5BAEAAAAALAAAAAABAAEAAAIBRAA7\" alt=\"\" class=\"wp-image-601 lazyload\"\/><noscript><img decoding=\"async\" width=\"900\" height=\"602\" src=\"https:\/\/www.lucaghigliano.it\/zioghilli\/wp-content\/uploads\/2019\/02\/DSF7285-PS-2.jpg\" alt=\"\" class=\"wp-image-601\" srcset=\"https:\/\/www.lucaghigliano.it\/zioghilli\/wp-content\/uploads\/2019\/02\/DSF7285-PS-2.jpg 900w, https:\/\/www.lucaghigliano.it\/zioghilli\/wp-content\/uploads\/2019\/02\/DSF7285-PS-2-300x201.jpg 300w, https:\/\/www.lucaghigliano.it\/zioghilli\/wp-content\/uploads\/2019\/02\/DSF7285-PS-2-768x514.jpg 768w, https:\/\/www.lucaghigliano.it\/zioghilli\/wp-content\/uploads\/2019\/02\/DSF7285-PS-2-600x401.jpg 600w\" sizes=\"(max-width: 900px) 100vw, 900px\" \/><\/noscript><figcaption class=\"wp-element-caption\">Domenica. Fiat Multipla. Haibike full + Kona front. Lui almeno 30.000m di dislivello nelle gambe. Io forse 5\/6.000<br>.<\/figcaption><\/figure>\n\n\n\n<figure class=\"wp-block-image\"><img decoding=\"async\" width=\"900\" height=\"602\" data-src=\"https:\/\/www.lucaghigliano.it\/zioghilli\/wp-content\/uploads\/2019\/02\/DSF7287-PS-2.jpg\" src=\"data:image\/gif;base64,R0lGODlhAQABAIAAAAAAAP\/\/\/yH5BAEAAAAALAAAAAABAAEAAAIBRAA7\" alt=\"\" class=\"wp-image-602 lazyload\"\/><noscript><img decoding=\"async\" width=\"900\" height=\"602\" src=\"https:\/\/www.lucaghigliano.it\/zioghilli\/wp-content\/uploads\/2019\/02\/DSF7287-PS-2.jpg\" alt=\"\" class=\"wp-image-602\" srcset=\"https:\/\/www.lucaghigliano.it\/zioghilli\/wp-content\/uploads\/2019\/02\/DSF7287-PS-2.jpg 900w, https:\/\/www.lucaghigliano.it\/zioghilli\/wp-content\/uploads\/2019\/02\/DSF7287-PS-2-300x201.jpg 300w, https:\/\/www.lucaghigliano.it\/zioghilli\/wp-content\/uploads\/2019\/02\/DSF7287-PS-2-768x514.jpg 768w, https:\/\/www.lucaghigliano.it\/zioghilli\/wp-content\/uploads\/2019\/02\/DSF7287-PS-2-600x401.jpg 600w\" sizes=\"(max-width: 900px) 100vw, 900px\" \/><\/noscript><figcaption class=\"wp-element-caption\">Alla partenza troviamo queste Citroen bellissime. Tra l&#8217;altro questa ha il motore raffreddato a liquido<br>.<\/figcaption><\/figure>\n\n\n\n<figure class=\"wp-block-image\"><img decoding=\"async\" width=\"900\" height=\"602\" data-src=\"https:\/\/www.lucaghigliano.it\/zioghilli\/wp-content\/uploads\/2019\/02\/DSF7288-PS-2.jpg\" src=\"data:image\/gif;base64,R0lGODlhAQABAIAAAAAAAP\/\/\/yH5BAEAAAAALAAAAAABAAEAAAIBRAA7\" alt=\"\" class=\"wp-image-603 lazyload\"\/><noscript><img decoding=\"async\" width=\"900\" height=\"602\" src=\"https:\/\/www.lucaghigliano.it\/zioghilli\/wp-content\/uploads\/2019\/02\/DSF7288-PS-2.jpg\" alt=\"\" class=\"wp-image-603\" srcset=\"https:\/\/www.lucaghigliano.it\/zioghilli\/wp-content\/uploads\/2019\/02\/DSF7288-PS-2.jpg 900w, https:\/\/www.lucaghigliano.it\/zioghilli\/wp-content\/uploads\/2019\/02\/DSF7288-PS-2-300x201.jpg 300w, https:\/\/www.lucaghigliano.it\/zioghilli\/wp-content\/uploads\/2019\/02\/DSF7288-PS-2-768x514.jpg 768w, https:\/\/www.lucaghigliano.it\/zioghilli\/wp-content\/uploads\/2019\/02\/DSF7288-PS-2-600x401.jpg 600w\" sizes=\"(max-width: 900px) 100vw, 900px\" \/><\/noscript><figcaption class=\"wp-element-caption\">Partenza da 2.100m circa. Discesa a 1.900 da dove si stacca una sterrata sulla sx. che parte subito piuttosto secca. Ahia<br>.<\/figcaption><\/figure>\n\n\n\n<figure class=\"wp-block-image\"><img decoding=\"async\" width=\"900\" height=\"602\" data-src=\"https:\/\/www.lucaghigliano.it\/zioghilli\/wp-content\/uploads\/2019\/02\/DSF7289-2.jpg\" src=\"data:image\/gif;base64,R0lGODlhAQABAIAAAAAAAP\/\/\/yH5BAEAAAAALAAAAAABAAEAAAIBRAA7\" alt=\"\" class=\"wp-image-604 lazyload\"\/><noscript><img decoding=\"async\" width=\"900\" height=\"602\" src=\"https:\/\/www.lucaghigliano.it\/zioghilli\/wp-content\/uploads\/2019\/02\/DSF7289-2.jpg\" alt=\"\" class=\"wp-image-604\" srcset=\"https:\/\/www.lucaghigliano.it\/zioghilli\/wp-content\/uploads\/2019\/02\/DSF7289-2.jpg 900w, https:\/\/www.lucaghigliano.it\/zioghilli\/wp-content\/uploads\/2019\/02\/DSF7289-2-300x201.jpg 300w, https:\/\/www.lucaghigliano.it\/zioghilli\/wp-content\/uploads\/2019\/02\/DSF7289-2-768x514.jpg 768w, https:\/\/www.lucaghigliano.it\/zioghilli\/wp-content\/uploads\/2019\/02\/DSF7289-2-600x401.jpg 600w\" sizes=\"(max-width: 900px) 100vw, 900px\" \/><\/noscript><figcaption class=\"wp-element-caption\">Nonostante la giornata di irrorazioni chimiche nei cieli l&#8217;umore \u00e8 molto alto<br>.<\/figcaption><\/figure>\n\n\n\n<figure class=\"wp-block-image\"><img decoding=\"async\" width=\"900\" height=\"602\" data-src=\"https:\/\/www.lucaghigliano.it\/zioghilli\/wp-content\/uploads\/2019\/02\/DSF7291-2.jpg\" src=\"data:image\/gif;base64,R0lGODlhAQABAIAAAAAAAP\/\/\/yH5BAEAAAAALAAAAAABAAEAAAIBRAA7\" alt=\"\" class=\"wp-image-605 lazyload\"\/><noscript><img decoding=\"async\" width=\"900\" height=\"602\" src=\"https:\/\/www.lucaghigliano.it\/zioghilli\/wp-content\/uploads\/2019\/02\/DSF7291-2.jpg\" alt=\"\" class=\"wp-image-605\" srcset=\"https:\/\/www.lucaghigliano.it\/zioghilli\/wp-content\/uploads\/2019\/02\/DSF7291-2.jpg 900w, https:\/\/www.lucaghigliano.it\/zioghilli\/wp-content\/uploads\/2019\/02\/DSF7291-2-300x201.jpg 300w, https:\/\/www.lucaghigliano.it\/zioghilli\/wp-content\/uploads\/2019\/02\/DSF7291-2-768x514.jpg 768w, https:\/\/www.lucaghigliano.it\/zioghilli\/wp-content\/uploads\/2019\/02\/DSF7291-2-600x401.jpg 600w\" sizes=\"(max-width: 900px) 100vw, 900px\" \/><\/noscript><figcaption class=\"wp-element-caption\">.<\/figcaption><\/figure>\n\n\n\n<figure class=\"wp-block-image\"><img decoding=\"async\" width=\"900\" height=\"602\" data-src=\"https:\/\/www.lucaghigliano.it\/zioghilli\/wp-content\/uploads\/2019\/02\/DSF7292-2.jpg\" src=\"data:image\/gif;base64,R0lGODlhAQABAIAAAAAAAP\/\/\/yH5BAEAAAAALAAAAAABAAEAAAIBRAA7\" alt=\"\" class=\"wp-image-606 lazyload\"\/><noscript><img decoding=\"async\" width=\"900\" height=\"602\" src=\"https:\/\/www.lucaghigliano.it\/zioghilli\/wp-content\/uploads\/2019\/02\/DSF7292-2.jpg\" alt=\"\" class=\"wp-image-606\" srcset=\"https:\/\/www.lucaghigliano.it\/zioghilli\/wp-content\/uploads\/2019\/02\/DSF7292-2.jpg 900w, https:\/\/www.lucaghigliano.it\/zioghilli\/wp-content\/uploads\/2019\/02\/DSF7292-2-300x201.jpg 300w, https:\/\/www.lucaghigliano.it\/zioghilli\/wp-content\/uploads\/2019\/02\/DSF7292-2-768x514.jpg 768w, https:\/\/www.lucaghigliano.it\/zioghilli\/wp-content\/uploads\/2019\/02\/DSF7292-2-600x401.jpg 600w\" sizes=\"(max-width: 900px) 100vw, 900px\" \/><\/noscript><figcaption class=\"wp-element-caption\">Autunno<br>.<\/figcaption><\/figure>\n\n\n\n<figure class=\"wp-block-image\"><img decoding=\"async\" width=\"900\" height=\"602\" data-src=\"https:\/\/www.lucaghigliano.it\/zioghilli\/wp-content\/uploads\/2019\/02\/DSF7294-2.jpg\" src=\"data:image\/gif;base64,R0lGODlhAQABAIAAAAAAAP\/\/\/yH5BAEAAAAALAAAAAABAAEAAAIBRAA7\" alt=\"\" class=\"wp-image-607 lazyload\"\/><noscript><img decoding=\"async\" width=\"900\" height=\"602\" src=\"https:\/\/www.lucaghigliano.it\/zioghilli\/wp-content\/uploads\/2019\/02\/DSF7294-2.jpg\" alt=\"\" class=\"wp-image-607\" srcset=\"https:\/\/www.lucaghigliano.it\/zioghilli\/wp-content\/uploads\/2019\/02\/DSF7294-2.jpg 900w, https:\/\/www.lucaghigliano.it\/zioghilli\/wp-content\/uploads\/2019\/02\/DSF7294-2-300x201.jpg 300w, https:\/\/www.lucaghigliano.it\/zioghilli\/wp-content\/uploads\/2019\/02\/DSF7294-2-768x514.jpg 768w, https:\/\/www.lucaghigliano.it\/zioghilli\/wp-content\/uploads\/2019\/02\/DSF7294-2-600x401.jpg 600w\" sizes=\"(max-width: 900px) 100vw, 900px\" \/><\/noscript><figcaption class=\"wp-element-caption\">Robi e il Maremmano<br>.<\/figcaption><\/figure>\n\n\n\n<figure class=\"wp-block-image\"><img decoding=\"async\" width=\"900\" height=\"602\" data-src=\"https:\/\/www.lucaghigliano.it\/zioghilli\/wp-content\/uploads\/2019\/02\/DSF7295-2.jpg\" src=\"data:image\/gif;base64,R0lGODlhAQABAIAAAAAAAP\/\/\/yH5BAEAAAAALAAAAAABAAEAAAIBRAA7\" alt=\"\" class=\"wp-image-608 lazyload\"\/><noscript><img decoding=\"async\" width=\"900\" height=\"602\" src=\"https:\/\/www.lucaghigliano.it\/zioghilli\/wp-content\/uploads\/2019\/02\/DSF7295-2.jpg\" alt=\"\" class=\"wp-image-608\" srcset=\"https:\/\/www.lucaghigliano.it\/zioghilli\/wp-content\/uploads\/2019\/02\/DSF7295-2.jpg 900w, https:\/\/www.lucaghigliano.it\/zioghilli\/wp-content\/uploads\/2019\/02\/DSF7295-2-300x201.jpg 300w, https:\/\/www.lucaghigliano.it\/zioghilli\/wp-content\/uploads\/2019\/02\/DSF7295-2-768x514.jpg 768w, https:\/\/www.lucaghigliano.it\/zioghilli\/wp-content\/uploads\/2019\/02\/DSF7295-2-600x401.jpg 600w\" sizes=\"(max-width: 900px) 100vw, 900px\" \/><\/noscript><figcaption class=\"wp-element-caption\">.<\/figcaption><\/figure>\n\n\n\n<figure class=\"wp-block-image\"><img decoding=\"async\" width=\"900\" height=\"602\" data-src=\"https:\/\/www.lucaghigliano.it\/zioghilli\/wp-content\/uploads\/2019\/02\/DSF7297-2.jpg\" src=\"data:image\/gif;base64,R0lGODlhAQABAIAAAAAAAP\/\/\/yH5BAEAAAAALAAAAAABAAEAAAIBRAA7\" alt=\"\" class=\"wp-image-609 lazyload\"\/><noscript><img decoding=\"async\" width=\"900\" height=\"602\" src=\"https:\/\/www.lucaghigliano.it\/zioghilli\/wp-content\/uploads\/2019\/02\/DSF7297-2.jpg\" alt=\"\" class=\"wp-image-609\" srcset=\"https:\/\/www.lucaghigliano.it\/zioghilli\/wp-content\/uploads\/2019\/02\/DSF7297-2.jpg 900w, https:\/\/www.lucaghigliano.it\/zioghilli\/wp-content\/uploads\/2019\/02\/DSF7297-2-300x201.jpg 300w, https:\/\/www.lucaghigliano.it\/zioghilli\/wp-content\/uploads\/2019\/02\/DSF7297-2-768x514.jpg 768w, https:\/\/www.lucaghigliano.it\/zioghilli\/wp-content\/uploads\/2019\/02\/DSF7297-2-600x401.jpg 600w\" sizes=\"(max-width: 900px) 100vw, 900px\" \/><\/noscript><figcaption class=\"wp-element-caption\">.<\/figcaption><\/figure>\n\n\n\n<figure class=\"wp-block-image\"><img decoding=\"async\" width=\"900\" height=\"602\" data-src=\"https:\/\/www.lucaghigliano.it\/zioghilli\/wp-content\/uploads\/2019\/02\/DSF7298-2.jpg\" src=\"data:image\/gif;base64,R0lGODlhAQABAIAAAAAAAP\/\/\/yH5BAEAAAAALAAAAAABAAEAAAIBRAA7\" alt=\"\" class=\"wp-image-610 lazyload\"\/><noscript><img decoding=\"async\" width=\"900\" height=\"602\" src=\"https:\/\/www.lucaghigliano.it\/zioghilli\/wp-content\/uploads\/2019\/02\/DSF7298-2.jpg\" alt=\"\" class=\"wp-image-610\" srcset=\"https:\/\/www.lucaghigliano.it\/zioghilli\/wp-content\/uploads\/2019\/02\/DSF7298-2.jpg 900w, https:\/\/www.lucaghigliano.it\/zioghilli\/wp-content\/uploads\/2019\/02\/DSF7298-2-300x201.jpg 300w, https:\/\/www.lucaghigliano.it\/zioghilli\/wp-content\/uploads\/2019\/02\/DSF7298-2-768x514.jpg 768w, https:\/\/www.lucaghigliano.it\/zioghilli\/wp-content\/uploads\/2019\/02\/DSF7298-2-600x401.jpg 600w\" sizes=\"(max-width: 900px) 100vw, 900px\" \/><\/noscript><figcaption class=\"wp-element-caption\">Il ghiacciaio della Valnoise<br>.<\/figcaption><\/figure>\n\n\n\n<figure class=\"wp-block-image\"><img decoding=\"async\" width=\"900\" height=\"602\" data-src=\"https:\/\/www.lucaghigliano.it\/zioghilli\/wp-content\/uploads\/2019\/02\/DSF7302-2.jpg\" src=\"data:image\/gif;base64,R0lGODlhAQABAIAAAAAAAP\/\/\/yH5BAEAAAAALAAAAAABAAEAAAIBRAA7\" alt=\"\" class=\"wp-image-611 lazyload\"\/><noscript><img decoding=\"async\" width=\"900\" height=\"602\" src=\"https:\/\/www.lucaghigliano.it\/zioghilli\/wp-content\/uploads\/2019\/02\/DSF7302-2.jpg\" alt=\"\" class=\"wp-image-611\" srcset=\"https:\/\/www.lucaghigliano.it\/zioghilli\/wp-content\/uploads\/2019\/02\/DSF7302-2.jpg 900w, https:\/\/www.lucaghigliano.it\/zioghilli\/wp-content\/uploads\/2019\/02\/DSF7302-2-300x201.jpg 300w, https:\/\/www.lucaghigliano.it\/zioghilli\/wp-content\/uploads\/2019\/02\/DSF7302-2-768x514.jpg 768w, https:\/\/www.lucaghigliano.it\/zioghilli\/wp-content\/uploads\/2019\/02\/DSF7302-2-600x401.jpg 600w\" sizes=\"(max-width: 900px) 100vw, 900px\" \/><\/noscript><figcaption class=\"wp-element-caption\">.<\/figcaption><\/figure>\n\n\n\n<figure class=\"wp-block-image\"><img decoding=\"async\" width=\"900\" height=\"602\" data-src=\"https:\/\/www.lucaghigliano.it\/zioghilli\/wp-content\/uploads\/2019\/02\/DSF7307-2.jpg\" src=\"data:image\/gif;base64,R0lGODlhAQABAIAAAAAAAP\/\/\/yH5BAEAAAAALAAAAAABAAEAAAIBRAA7\" alt=\"\" class=\"wp-image-612 lazyload\"\/><noscript><img decoding=\"async\" width=\"900\" height=\"602\" src=\"https:\/\/www.lucaghigliano.it\/zioghilli\/wp-content\/uploads\/2019\/02\/DSF7307-2.jpg\" alt=\"\" class=\"wp-image-612\" srcset=\"https:\/\/www.lucaghigliano.it\/zioghilli\/wp-content\/uploads\/2019\/02\/DSF7307-2.jpg 900w, https:\/\/www.lucaghigliano.it\/zioghilli\/wp-content\/uploads\/2019\/02\/DSF7307-2-300x201.jpg 300w, https:\/\/www.lucaghigliano.it\/zioghilli\/wp-content\/uploads\/2019\/02\/DSF7307-2-768x514.jpg 768w, https:\/\/www.lucaghigliano.it\/zioghilli\/wp-content\/uploads\/2019\/02\/DSF7307-2-600x401.jpg 600w\" sizes=\"(max-width: 900px) 100vw, 900px\" \/><\/noscript><figcaption class=\"wp-element-caption\">Pianoro stupendo a 2.400m<br>.<\/figcaption><\/figure>\n\n\n\n<figure class=\"wp-block-image\"><img decoding=\"async\" width=\"900\" height=\"602\" data-src=\"https:\/\/www.lucaghigliano.it\/zioghilli\/wp-content\/uploads\/2019\/02\/DSF7309-2.jpg\" src=\"data:image\/gif;base64,R0lGODlhAQABAIAAAAAAAP\/\/\/yH5BAEAAAAALAAAAAABAAEAAAIBRAA7\" alt=\"\" class=\"wp-image-613 lazyload\"\/><noscript><img decoding=\"async\" width=\"900\" height=\"602\" src=\"https:\/\/www.lucaghigliano.it\/zioghilli\/wp-content\/uploads\/2019\/02\/DSF7309-2.jpg\" alt=\"\" class=\"wp-image-613\" srcset=\"https:\/\/www.lucaghigliano.it\/zioghilli\/wp-content\/uploads\/2019\/02\/DSF7309-2.jpg 900w, https:\/\/www.lucaghigliano.it\/zioghilli\/wp-content\/uploads\/2019\/02\/DSF7309-2-300x201.jpg 300w, https:\/\/www.lucaghigliano.it\/zioghilli\/wp-content\/uploads\/2019\/02\/DSF7309-2-768x514.jpg 768w, https:\/\/www.lucaghigliano.it\/zioghilli\/wp-content\/uploads\/2019\/02\/DSF7309-2-600x401.jpg 600w\" sizes=\"(max-width: 900px) 100vw, 900px\" \/><\/noscript><figcaption class=\"wp-element-caption\">E poi inizia il faticoso traverso che conduce ai 2.690m del Col de Sollieres<br>.<\/figcaption><\/figure>\n\n\n\n<figure class=\"wp-block-image\"><img decoding=\"async\" width=\"900\" height=\"602\" data-src=\"https:\/\/www.lucaghigliano.it\/zioghilli\/wp-content\/uploads\/2019\/02\/DSF7311-2.jpg\" src=\"data:image\/gif;base64,R0lGODlhAQABAIAAAAAAAP\/\/\/yH5BAEAAAAALAAAAAABAAEAAAIBRAA7\" alt=\"\" class=\"wp-image-614 lazyload\"\/><noscript><img decoding=\"async\" width=\"900\" height=\"602\" src=\"https:\/\/www.lucaghigliano.it\/zioghilli\/wp-content\/uploads\/2019\/02\/DSF7311-2.jpg\" alt=\"\" class=\"wp-image-614\" srcset=\"https:\/\/www.lucaghigliano.it\/zioghilli\/wp-content\/uploads\/2019\/02\/DSF7311-2.jpg 900w, https:\/\/www.lucaghigliano.it\/zioghilli\/wp-content\/uploads\/2019\/02\/DSF7311-2-300x201.jpg 300w, https:\/\/www.lucaghigliano.it\/zioghilli\/wp-content\/uploads\/2019\/02\/DSF7311-2-768x514.jpg 768w, https:\/\/www.lucaghigliano.it\/zioghilli\/wp-content\/uploads\/2019\/02\/DSF7311-2-600x401.jpg 600w\" sizes=\"(max-width: 900px) 100vw, 900px\" \/><\/noscript><figcaption class=\"wp-element-caption\">Il colle<br>.<\/figcaption><\/figure>\n\n\n\n<figure class=\"wp-block-image\"><img decoding=\"async\" width=\"900\" height=\"602\" data-src=\"https:\/\/www.lucaghigliano.it\/zioghilli\/wp-content\/uploads\/2019\/02\/DSF7313-2.jpg\" src=\"data:image\/gif;base64,R0lGODlhAQABAIAAAAAAAP\/\/\/yH5BAEAAAAALAAAAAABAAEAAAIBRAA7\" alt=\"\" class=\"wp-image-615 lazyload\"\/><noscript><img decoding=\"async\" width=\"900\" height=\"602\" src=\"https:\/\/www.lucaghigliano.it\/zioghilli\/wp-content\/uploads\/2019\/02\/DSF7313-2.jpg\" alt=\"\" class=\"wp-image-615\" srcset=\"https:\/\/www.lucaghigliano.it\/zioghilli\/wp-content\/uploads\/2019\/02\/DSF7313-2.jpg 900w, https:\/\/www.lucaghigliano.it\/zioghilli\/wp-content\/uploads\/2019\/02\/DSF7313-2-300x201.jpg 300w, https:\/\/www.lucaghigliano.it\/zioghilli\/wp-content\/uploads\/2019\/02\/DSF7313-2-768x514.jpg 768w, https:\/\/www.lucaghigliano.it\/zioghilli\/wp-content\/uploads\/2019\/02\/DSF7313-2-600x401.jpg 600w\" sizes=\"(max-width: 900px) 100vw, 900px\" \/><\/noscript><figcaption class=\"wp-element-caption\">Quella montagna in fondo, in mezzo alla vallata dovrebbe essere la testa dell&#8217;Assietta<br>.<\/figcaption><\/figure>\n\n\n\n<figure class=\"wp-block-image\"><img decoding=\"async\" width=\"900\" height=\"602\" data-src=\"https:\/\/www.lucaghigliano.it\/zioghilli\/wp-content\/uploads\/2019\/02\/DSF7319-2.jpg\" src=\"data:image\/gif;base64,R0lGODlhAQABAIAAAAAAAP\/\/\/yH5BAEAAAAALAAAAAABAAEAAAIBRAA7\" alt=\"\" class=\"wp-image-616 lazyload\"\/><noscript><img decoding=\"async\" width=\"900\" height=\"602\" src=\"https:\/\/www.lucaghigliano.it\/zioghilli\/wp-content\/uploads\/2019\/02\/DSF7319-2.jpg\" alt=\"\" class=\"wp-image-616\" srcset=\"https:\/\/www.lucaghigliano.it\/zioghilli\/wp-content\/uploads\/2019\/02\/DSF7319-2.jpg 900w, https:\/\/www.lucaghigliano.it\/zioghilli\/wp-content\/uploads\/2019\/02\/DSF7319-2-300x201.jpg 300w, https:\/\/www.lucaghigliano.it\/zioghilli\/wp-content\/uploads\/2019\/02\/DSF7319-2-768x514.jpg 768w, https:\/\/www.lucaghigliano.it\/zioghilli\/wp-content\/uploads\/2019\/02\/DSF7319-2-600x401.jpg 600w\" sizes=\"(max-width: 900px) 100vw, 900px\" \/><\/noscript><figcaption class=\"wp-element-caption\">.<\/figcaption><\/figure>\n\n\n\n<figure class=\"wp-block-image\"><img decoding=\"async\" width=\"900\" height=\"602\" data-src=\"https:\/\/www.lucaghigliano.it\/zioghilli\/wp-content\/uploads\/2019\/02\/DSF7322-2.jpg\" src=\"data:image\/gif;base64,R0lGODlhAQABAIAAAAAAAP\/\/\/yH5BAEAAAAALAAAAAABAAEAAAIBRAA7\" alt=\"\" class=\"wp-image-617 lazyload\"\/><noscript><img decoding=\"async\" width=\"900\" height=\"602\" src=\"https:\/\/www.lucaghigliano.it\/zioghilli\/wp-content\/uploads\/2019\/02\/DSF7322-2.jpg\" alt=\"\" class=\"wp-image-617\" srcset=\"https:\/\/www.lucaghigliano.it\/zioghilli\/wp-content\/uploads\/2019\/02\/DSF7322-2.jpg 900w, https:\/\/www.lucaghigliano.it\/zioghilli\/wp-content\/uploads\/2019\/02\/DSF7322-2-300x201.jpg 300w, https:\/\/www.lucaghigliano.it\/zioghilli\/wp-content\/uploads\/2019\/02\/DSF7322-2-768x514.jpg 768w, https:\/\/www.lucaghigliano.it\/zioghilli\/wp-content\/uploads\/2019\/02\/DSF7322-2-600x401.jpg 600w\" sizes=\"(max-width: 900px) 100vw, 900px\" \/><\/noscript><figcaption class=\"wp-element-caption\">Dai baraccamenti si sale con bici a spalla. Robi da il buon esempio<br>.<\/figcaption><\/figure>\n\n\n\n<figure class=\"wp-block-image\"><img decoding=\"async\" width=\"900\" height=\"602\" data-src=\"https:\/\/www.lucaghigliano.it\/zioghilli\/wp-content\/uploads\/2019\/02\/DSF7328-2.jpg\" src=\"data:image\/gif;base64,R0lGODlhAQABAIAAAAAAAP\/\/\/yH5BAEAAAAALAAAAAABAAEAAAIBRAA7\" alt=\"\" class=\"wp-image-619 lazyload\"\/><noscript><img decoding=\"async\" width=\"900\" height=\"602\" src=\"https:\/\/www.lucaghigliano.it\/zioghilli\/wp-content\/uploads\/2019\/02\/DSF7328-2.jpg\" alt=\"\" class=\"wp-image-619\" srcset=\"https:\/\/www.lucaghigliano.it\/zioghilli\/wp-content\/uploads\/2019\/02\/DSF7328-2.jpg 900w, https:\/\/www.lucaghigliano.it\/zioghilli\/wp-content\/uploads\/2019\/02\/DSF7328-2-300x201.jpg 300w, https:\/\/www.lucaghigliano.it\/zioghilli\/wp-content\/uploads\/2019\/02\/DSF7328-2-768x514.jpg 768w, https:\/\/www.lucaghigliano.it\/zioghilli\/wp-content\/uploads\/2019\/02\/DSF7328-2-600x401.jpg 600w\" sizes=\"(max-width: 900px) 100vw, 900px\" \/><\/noscript><figcaption class=\"wp-element-caption\">Qualche centinaio di metri pi\u00f9 in alto. Fort Froid<br>.<\/figcaption><\/figure>\n\n\n\n<figure class=\"wp-block-image\"><img decoding=\"async\" width=\"900\" height=\"602\" data-src=\"https:\/\/www.lucaghigliano.it\/zioghilli\/wp-content\/uploads\/2019\/02\/DSF7323-2.jpg\" src=\"data:image\/gif;base64,R0lGODlhAQABAIAAAAAAAP\/\/\/yH5BAEAAAAALAAAAAABAAEAAAIBRAA7\" alt=\"\" class=\"wp-image-618 lazyload\"\/><noscript><img decoding=\"async\" width=\"900\" height=\"602\" src=\"https:\/\/www.lucaghigliano.it\/zioghilli\/wp-content\/uploads\/2019\/02\/DSF7323-2.jpg\" alt=\"\" class=\"wp-image-618\" srcset=\"https:\/\/www.lucaghigliano.it\/zioghilli\/wp-content\/uploads\/2019\/02\/DSF7323-2.jpg 900w, https:\/\/www.lucaghigliano.it\/zioghilli\/wp-content\/uploads\/2019\/02\/DSF7323-2-300x201.jpg 300w, https:\/\/www.lucaghigliano.it\/zioghilli\/wp-content\/uploads\/2019\/02\/DSF7323-2-768x514.jpg 768w, https:\/\/www.lucaghigliano.it\/zioghilli\/wp-content\/uploads\/2019\/02\/DSF7323-2-600x401.jpg 600w\" sizes=\"(max-width: 900px) 100vw, 900px\" \/><\/noscript><figcaption class=\"wp-element-caption\">.<\/figcaption><\/figure>\n\n\n\n<figure class=\"wp-block-image\"><img decoding=\"async\" width=\"900\" height=\"602\" data-src=\"https:\/\/www.lucaghigliano.it\/zioghilli\/wp-content\/uploads\/2019\/02\/DSF7327-2.jpg\" src=\"data:image\/gif;base64,R0lGODlhAQABAIAAAAAAAP\/\/\/yH5BAEAAAAALAAAAAABAAEAAAIBRAA7\" alt=\"\" class=\"wp-image-620 lazyload\"\/><noscript><img decoding=\"async\" width=\"900\" height=\"602\" src=\"https:\/\/www.lucaghigliano.it\/zioghilli\/wp-content\/uploads\/2019\/02\/DSF7327-2.jpg\" alt=\"\" class=\"wp-image-620\" srcset=\"https:\/\/www.lucaghigliano.it\/zioghilli\/wp-content\/uploads\/2019\/02\/DSF7327-2.jpg 900w, https:\/\/www.lucaghigliano.it\/zioghilli\/wp-content\/uploads\/2019\/02\/DSF7327-2-300x201.jpg 300w, https:\/\/www.lucaghigliano.it\/zioghilli\/wp-content\/uploads\/2019\/02\/DSF7327-2-768x514.jpg 768w, https:\/\/www.lucaghigliano.it\/zioghilli\/wp-content\/uploads\/2019\/02\/DSF7327-2-600x401.jpg 600w\" sizes=\"(max-width: 900px) 100vw, 900px\" \/><\/noscript><figcaption class=\"wp-element-caption\">Da sinistra si vede il lungo traverso che conduce al colle e poi ancora la strada che sale<br>.<\/figcaption><\/figure>\n\n\n\n<figure class=\"wp-block-image\"><img decoding=\"async\" width=\"900\" height=\"602\" data-src=\"https:\/\/www.lucaghigliano.it\/zioghilli\/wp-content\/uploads\/2019\/02\/DSF7324-2.jpg\" src=\"data:image\/gif;base64,R0lGODlhAQABAIAAAAAAAP\/\/\/yH5BAEAAAAALAAAAAABAAEAAAIBRAA7\" alt=\"\" class=\"wp-image-621 lazyload\"\/><noscript><img decoding=\"async\" width=\"900\" height=\"602\" src=\"https:\/\/www.lucaghigliano.it\/zioghilli\/wp-content\/uploads\/2019\/02\/DSF7324-2.jpg\" alt=\"\" class=\"wp-image-621\" srcset=\"https:\/\/www.lucaghigliano.it\/zioghilli\/wp-content\/uploads\/2019\/02\/DSF7324-2.jpg 900w, https:\/\/www.lucaghigliano.it\/zioghilli\/wp-content\/uploads\/2019\/02\/DSF7324-2-300x201.jpg 300w, https:\/\/www.lucaghigliano.it\/zioghilli\/wp-content\/uploads\/2019\/02\/DSF7324-2-768x514.jpg 768w, https:\/\/www.lucaghigliano.it\/zioghilli\/wp-content\/uploads\/2019\/02\/DSF7324-2-600x401.jpg 600w\" sizes=\"(max-width: 900px) 100vw, 900px\" \/><\/noscript><figcaption class=\"wp-element-caption\">.<\/figcaption><\/figure>\n\n\n\n<figure class=\"wp-block-image\"><img decoding=\"async\" width=\"900\" height=\"602\" data-src=\"https:\/\/www.lucaghigliano.it\/zioghilli\/wp-content\/uploads\/2019\/02\/DSF7331-2.jpg\" src=\"data:image\/gif;base64,R0lGODlhAQABAIAAAAAAAP\/\/\/yH5BAEAAAAALAAAAAABAAEAAAIBRAA7\" alt=\"\" class=\"wp-image-622 lazyload\"\/><noscript><img decoding=\"async\" width=\"900\" height=\"602\" src=\"https:\/\/www.lucaghigliano.it\/zioghilli\/wp-content\/uploads\/2019\/02\/DSF7331-2.jpg\" alt=\"\" class=\"wp-image-622\" srcset=\"https:\/\/www.lucaghigliano.it\/zioghilli\/wp-content\/uploads\/2019\/02\/DSF7331-2.jpg 900w, https:\/\/www.lucaghigliano.it\/zioghilli\/wp-content\/uploads\/2019\/02\/DSF7331-2-300x201.jpg 300w, https:\/\/www.lucaghigliano.it\/zioghilli\/wp-content\/uploads\/2019\/02\/DSF7331-2-768x514.jpg 768w, https:\/\/www.lucaghigliano.it\/zioghilli\/wp-content\/uploads\/2019\/02\/DSF7331-2-600x401.jpg 600w\" sizes=\"(max-width: 900px) 100vw, 900px\" \/><\/noscript><figcaption class=\"wp-element-caption\">In cresta. Uno dei motivi per cui andare in MTB. Questa foto \u00e8 appesa nel mio salotto<br>.<\/figcaption><\/figure>\n\n\n\n<figure class=\"wp-block-image\"><img decoding=\"async\" width=\"900\" height=\"602\" data-src=\"https:\/\/www.lucaghigliano.it\/zioghilli\/wp-content\/uploads\/2019\/02\/DSF7349-2.jpg\" src=\"data:image\/gif;base64,R0lGODlhAQABAIAAAAAAAP\/\/\/yH5BAEAAAAALAAAAAABAAEAAAIBRAA7\" alt=\"\" class=\"wp-image-623 lazyload\"\/><noscript><img decoding=\"async\" width=\"900\" height=\"602\" src=\"https:\/\/www.lucaghigliano.it\/zioghilli\/wp-content\/uploads\/2019\/02\/DSF7349-2.jpg\" alt=\"\" class=\"wp-image-623\" srcset=\"https:\/\/www.lucaghigliano.it\/zioghilli\/wp-content\/uploads\/2019\/02\/DSF7349-2.jpg 900w, https:\/\/www.lucaghigliano.it\/zioghilli\/wp-content\/uploads\/2019\/02\/DSF7349-2-300x201.jpg 300w, https:\/\/www.lucaghigliano.it\/zioghilli\/wp-content\/uploads\/2019\/02\/DSF7349-2-768x514.jpg 768w, https:\/\/www.lucaghigliano.it\/zioghilli\/wp-content\/uploads\/2019\/02\/DSF7349-2-600x401.jpg 600w\" sizes=\"(max-width: 900px) 100vw, 900px\" \/><\/noscript><figcaption class=\"wp-element-caption\">In cima | Mont Froid &#8211; 2.819m | Felice<br>.<\/figcaption><\/figure>\n\n\n\n<figure class=\"wp-block-image\"><img decoding=\"async\" width=\"900\" height=\"602\" data-src=\"https:\/\/www.lucaghigliano.it\/zioghilli\/wp-content\/uploads\/2019\/02\/DSF7352-2.jpg\" src=\"data:image\/gif;base64,R0lGODlhAQABAIAAAAAAAP\/\/\/yH5BAEAAAAALAAAAAABAAEAAAIBRAA7\" alt=\"\" class=\"wp-image-624 lazyload\"\/><noscript><img decoding=\"async\" width=\"900\" height=\"602\" src=\"https:\/\/www.lucaghigliano.it\/zioghilli\/wp-content\/uploads\/2019\/02\/DSF7352-2.jpg\" alt=\"\" class=\"wp-image-624\" srcset=\"https:\/\/www.lucaghigliano.it\/zioghilli\/wp-content\/uploads\/2019\/02\/DSF7352-2.jpg 900w, https:\/\/www.lucaghigliano.it\/zioghilli\/wp-content\/uploads\/2019\/02\/DSF7352-2-300x201.jpg 300w, https:\/\/www.lucaghigliano.it\/zioghilli\/wp-content\/uploads\/2019\/02\/DSF7352-2-768x514.jpg 768w, https:\/\/www.lucaghigliano.it\/zioghilli\/wp-content\/uploads\/2019\/02\/DSF7352-2-600x401.jpg 600w\" sizes=\"(max-width: 900px) 100vw, 900px\" \/><\/noscript><figcaption class=\"wp-element-caption\">.<\/figcaption><\/figure>\n\n\n\n<figure class=\"wp-block-image\"><img decoding=\"async\" width=\"900\" height=\"602\" data-src=\"https:\/\/www.lucaghigliano.it\/zioghilli\/wp-content\/uploads\/2019\/02\/DSF7355-2.jpg\" src=\"data:image\/gif;base64,R0lGODlhAQABAIAAAAAAAP\/\/\/yH5BAEAAAAALAAAAAABAAEAAAIBRAA7\" alt=\"\" class=\"wp-image-625 lazyload\"\/><noscript><img decoding=\"async\" width=\"900\" height=\"602\" src=\"https:\/\/www.lucaghigliano.it\/zioghilli\/wp-content\/uploads\/2019\/02\/DSF7355-2.jpg\" alt=\"\" class=\"wp-image-625\" srcset=\"https:\/\/www.lucaghigliano.it\/zioghilli\/wp-content\/uploads\/2019\/02\/DSF7355-2.jpg 900w, https:\/\/www.lucaghigliano.it\/zioghilli\/wp-content\/uploads\/2019\/02\/DSF7355-2-300x201.jpg 300w, https:\/\/www.lucaghigliano.it\/zioghilli\/wp-content\/uploads\/2019\/02\/DSF7355-2-768x514.jpg 768w, https:\/\/www.lucaghigliano.it\/zioghilli\/wp-content\/uploads\/2019\/02\/DSF7355-2-600x401.jpg 600w\" sizes=\"(max-width: 900px) 100vw, 900px\" \/><\/noscript><figcaption class=\"wp-element-caption\">.<\/figcaption><\/figure>\n\n\n\n<figure class=\"wp-block-image\"><img decoding=\"async\" width=\"900\" height=\"602\" data-src=\"https:\/\/www.lucaghigliano.it\/zioghilli\/wp-content\/uploads\/2019\/02\/DSF7360-2.jpg\" src=\"data:image\/gif;base64,R0lGODlhAQABAIAAAAAAAP\/\/\/yH5BAEAAAAALAAAAAABAAEAAAIBRAA7\" alt=\"\" class=\"wp-image-626 lazyload\"\/><noscript><img decoding=\"async\" width=\"900\" height=\"602\" src=\"https:\/\/www.lucaghigliano.it\/zioghilli\/wp-content\/uploads\/2019\/02\/DSF7360-2.jpg\" alt=\"\" class=\"wp-image-626\" srcset=\"https:\/\/www.lucaghigliano.it\/zioghilli\/wp-content\/uploads\/2019\/02\/DSF7360-2.jpg 900w, https:\/\/www.lucaghigliano.it\/zioghilli\/wp-content\/uploads\/2019\/02\/DSF7360-2-300x201.jpg 300w, https:\/\/www.lucaghigliano.it\/zioghilli\/wp-content\/uploads\/2019\/02\/DSF7360-2-768x514.jpg 768w, https:\/\/www.lucaghigliano.it\/zioghilli\/wp-content\/uploads\/2019\/02\/DSF7360-2-600x401.jpg 600w\" sizes=\"(max-width: 900px) 100vw, 900px\" \/><\/noscript><figcaption class=\"wp-element-caption\">Lunga discesa dal forte verso il colle su sentiero stretto<br>.<\/figcaption><\/figure>\n\n\n\n<figure class=\"wp-block-image\"><img decoding=\"async\" width=\"900\" height=\"602\" data-src=\"https:\/\/www.lucaghigliano.it\/zioghilli\/wp-content\/uploads\/2019\/02\/DSF7366-2.jpg\" src=\"data:image\/gif;base64,R0lGODlhAQABAIAAAAAAAP\/\/\/yH5BAEAAAAALAAAAAABAAEAAAIBRAA7\" alt=\"\" class=\"wp-image-627 lazyload\"\/><noscript><img decoding=\"async\" width=\"900\" height=\"602\" src=\"https:\/\/www.lucaghigliano.it\/zioghilli\/wp-content\/uploads\/2019\/02\/DSF7366-2.jpg\" alt=\"\" class=\"wp-image-627\" srcset=\"https:\/\/www.lucaghigliano.it\/zioghilli\/wp-content\/uploads\/2019\/02\/DSF7366-2.jpg 900w, https:\/\/www.lucaghigliano.it\/zioghilli\/wp-content\/uploads\/2019\/02\/DSF7366-2-300x201.jpg 300w, https:\/\/www.lucaghigliano.it\/zioghilli\/wp-content\/uploads\/2019\/02\/DSF7366-2-768x514.jpg 768w, https:\/\/www.lucaghigliano.it\/zioghilli\/wp-content\/uploads\/2019\/02\/DSF7366-2-600x401.jpg 600w\" sizes=\"(max-width: 900px) 100vw, 900px\" \/><\/noscript><figcaption class=\"wp-element-caption\">Dal colle inizia un lungo e morbido sentiero che conduce al pianoro del Piccolo Moncenisio. Il pi\u00f9 bello e divertente che abbia fatto in vita mia<br>.<\/figcaption><\/figure>\n\n\n\n<figure class=\"wp-block-image\"><img decoding=\"async\" width=\"900\" height=\"602\" data-src=\"https:\/\/www.lucaghigliano.it\/zioghilli\/wp-content\/uploads\/2019\/02\/DSF7371-2.jpg\" src=\"data:image\/gif;base64,R0lGODlhAQABAIAAAAAAAP\/\/\/yH5BAEAAAAALAAAAAABAAEAAAIBRAA7\" alt=\"\" class=\"wp-image-628 lazyload\"\/><noscript><img decoding=\"async\" width=\"900\" height=\"602\" src=\"https:\/\/www.lucaghigliano.it\/zioghilli\/wp-content\/uploads\/2019\/02\/DSF7371-2.jpg\" alt=\"\" class=\"wp-image-628\" srcset=\"https:\/\/www.lucaghigliano.it\/zioghilli\/wp-content\/uploads\/2019\/02\/DSF7371-2.jpg 900w, https:\/\/www.lucaghigliano.it\/zioghilli\/wp-content\/uploads\/2019\/02\/DSF7371-2-300x201.jpg 300w, https:\/\/www.lucaghigliano.it\/zioghilli\/wp-content\/uploads\/2019\/02\/DSF7371-2-768x514.jpg 768w, https:\/\/www.lucaghigliano.it\/zioghilli\/wp-content\/uploads\/2019\/02\/DSF7371-2-600x401.jpg 600w\" sizes=\"(max-width: 900px) 100vw, 900px\" \/><\/noscript><figcaption class=\"wp-element-caption\">.<\/figcaption><\/figure>\n\n\n\n<figure class=\"wp-block-image\"><img decoding=\"async\" width=\"900\" height=\"600\" data-src=\"https:\/\/www.lucaghigliano.it\/zioghilli\/wp-content\/uploads\/2019\/02\/SAM_1408-2.jpg\" src=\"data:image\/gif;base64,R0lGODlhAQABAIAAAAAAAP\/\/\/yH5BAEAAAAALAAAAAABAAEAAAIBRAA7\" alt=\"\" class=\"wp-image-629 lazyload\"\/><noscript><img decoding=\"async\" width=\"900\" height=\"600\" src=\"https:\/\/www.lucaghigliano.it\/zioghilli\/wp-content\/uploads\/2019\/02\/SAM_1408-2.jpg\" alt=\"\" class=\"wp-image-629\" srcset=\"https:\/\/www.lucaghigliano.it\/zioghilli\/wp-content\/uploads\/2019\/02\/SAM_1408-2.jpg 900w, https:\/\/www.lucaghigliano.it\/zioghilli\/wp-content\/uploads\/2019\/02\/SAM_1408-2-300x200.jpg 300w, https:\/\/www.lucaghigliano.it\/zioghilli\/wp-content\/uploads\/2019\/02\/SAM_1408-2-768x512.jpg 768w, https:\/\/www.lucaghigliano.it\/zioghilli\/wp-content\/uploads\/2019\/02\/SAM_1408-2-600x400.jpg 600w\" sizes=\"(max-width: 900px) 100vw, 900px\" \/><\/noscript><figcaption class=\"wp-element-caption\">MeStessoMedesimo. La prossima volta magari il manubrio lo chiudo meglio<br>.<\/figcaption><\/figure>\n\n\n\n<figure class=\"wp-block-image\"><img decoding=\"async\" width=\"900\" height=\"602\" data-src=\"https:\/\/www.lucaghigliano.it\/zioghilli\/wp-content\/uploads\/2019\/02\/DSF7376-2.jpg\" src=\"data:image\/gif;base64,R0lGODlhAQABAIAAAAAAAP\/\/\/yH5BAEAAAAALAAAAAABAAEAAAIBRAA7\" alt=\"\" class=\"wp-image-630 lazyload\"\/><noscript><img decoding=\"async\" width=\"900\" height=\"602\" src=\"https:\/\/www.lucaghigliano.it\/zioghilli\/wp-content\/uploads\/2019\/02\/DSF7376-2.jpg\" alt=\"\" class=\"wp-image-630\" srcset=\"https:\/\/www.lucaghigliano.it\/zioghilli\/wp-content\/uploads\/2019\/02\/DSF7376-2.jpg 900w, https:\/\/www.lucaghigliano.it\/zioghilli\/wp-content\/uploads\/2019\/02\/DSF7376-2-300x201.jpg 300w, https:\/\/www.lucaghigliano.it\/zioghilli\/wp-content\/uploads\/2019\/02\/DSF7376-2-768x514.jpg 768w, https:\/\/www.lucaghigliano.it\/zioghilli\/wp-content\/uploads\/2019\/02\/DSF7376-2-600x401.jpg 600w\" sizes=\"(max-width: 900px) 100vw, 900px\" \/><\/noscript><figcaption class=\"wp-element-caption\">Arrivo al lago. Cambio e birra con MarcoEporedia che \u00e8 salito da Susa con la sua Cannondale Caadax da corsa nuova di pacca. E via a casa<br>.<\/figcaption><\/figure>\n\n\n\n<h2 class=\"wp-block-heading\">THE END<\/h2>\n\n\n\n<p class=\"has-text-align-center wp-block-paragraph\">&#x2b06;&#xfe0f; <strong>TI \u00c8 PIACIUTO L&#8217;ARTICOLO?<\/strong> &#x2b06;&#xfe0f;<br>L&#8217;interazione con i lettori \u00e8 una delle maggiori soddisfazioni di un blogger!<br>&#x1f642;&#x1f643;<br>Lascia un commento qui sotto e ti risponder\u00f2 al pi\u00f9 presto<br>&#x2b07;&#xfe0f;&#x2b07;&#xfe0f;&#x2b07;&#xfe0f;<\/p>\n","protected":false},"excerpt":{"rendered":"<p>L&#8217;autunno \u00e8 una delle mie stagioni preferite: fa ancora abbastanza caldo ma non come in estate, la natura si riempie di colori e in quota si inizia a respirare profumo di inverno. E&#8217; una sensazione di nostalgia. Molto bella\u2026L&#8217;anno scorso,&#8230; <a class=\"more-link\" href=\"https:\/\/www.lucaghigliano.it\/zioghilli\/mont-froid-2-819m\/\">Continua a leggere &rarr;<\/a><\/p>\n","protected":false},"author":1,"featured_media":1533,"comment_status":"open","ping_status":"open","sticky":false,"template":"","format":"standard","meta":{"footnotes":""},"categories":[6,1],"tags":[51,26,10,29,15],"class_list":["post-595","post","type-post","status-publish","format-standard","has-post-thumbnail","hentry","category-bici","category-blog","tag-kona-kahuna","tag-mountain-bike","tag-mountain-bike-piemonte","tag-mountain-bike-torino","tag-mtb-in-val-susa"],"_links":{"self":[{"href":"https:\/\/www.lucaghigliano.it\/zioghilli\/wp-json\/wp\/v2\/posts\/595","targetHints":{"allow":["GET"]}}],"collection":[{"href":"https:\/\/www.lucaghigliano.it\/zioghilli\/wp-json\/wp\/v2\/posts"}],"about":[{"href":"https:\/\/www.lucaghigliano.it\/zioghilli\/wp-json\/wp\/v2\/types\/post"}],"author":[{"embeddable":true,"href":"https:\/\/www.lucaghigliano.it\/zioghilli\/wp-json\/wp\/v2\/users\/1"}],"replies":[{"embeddable":true,"href":"https:\/\/www.lucaghigliano.it\/zioghilli\/wp-json\/wp\/v2\/comments?post=595"}],"version-history":[{"count":0,"href":"https:\/\/www.lucaghigliano.it\/zioghilli\/wp-json\/wp\/v2\/posts\/595\/revisions"}],"wp:featuredmedia":[{"embeddable":true,"href":"https:\/\/www.lucaghigliano.it\/zioghilli\/wp-json\/wp\/v2\/media\/1533"}],"wp:attachment":[{"href":"https:\/\/www.lucaghigliano.it\/zioghilli\/wp-json\/wp\/v2\/media?parent=595"}],"wp:term":[{"taxonomy":"category","embeddable":true,"href":"https:\/\/www.lucaghigliano.it\/zioghilli\/wp-json\/wp\/v2\/categories?post=595"},{"taxonomy":"post_tag","embeddable":true,"href":"https:\/\/www.lucaghigliano.it\/zioghilli\/wp-json\/wp\/v2\/tags?post=595"}],"curies":[{"name":"wp","href":"https:\/\/api.w.org\/{rel}","templated":true}]}}