{"id":632,"date":"2017-09-04T18:06:06","date_gmt":"2017-09-04T17:06:06","guid":{"rendered":"http:\/\/www.lucaghigliano.it\/zioghilli\/?p=632"},"modified":"2025-10-09T13:35:21","modified_gmt":"2025-10-09T12:35:21","slug":"chaberton-in-mtb","status":"publish","type":"post","link":"https:\/\/www.lucaghigliano.it\/zioghilli\/chaberton-in-mtb\/","title":{"rendered":"Chaberton in MTB \u2013 Avventura epica sulle montagne del Piemonte"},"content":{"rendered":"\n<p class=\"has-background wp-block-paragraph\" style=\"background-color:#9ed4ff\"><strong>RIASSUNTO IN 500 CARATTERI<\/strong> &#8211; Scopri l\u2019avventura in <strong>MTB sui 3.130m dello Chaberton<\/strong>: 43 km, 2.128 m di dislivello e una fortezza da raggiungere pedalando. Ti racconto la salita in solitaria tra boschi, pietraie e la paura dei lupi: <strong>la notte in tenda tra silenzio e meraviglia<\/strong>. Se sogni imprese in mountain bike ad alta quota, leggendo vivrai ogni fatica, panorama e sensazione come se fossi anche tu ai piedi della <strong>&#8220;fortezza tra le nuvole&#8221;<\/strong>. Immergiti in questa esperienza unica!<\/p>\n\n\n\n<h2 class=\"wp-block-heading\"><strong>Chaberton in MTB: un\u2019avventura oltre i 3.000 metri<\/strong><\/h2>\n\n\n\n<p class=\"wp-block-paragraph\">Oltre i <strong>3.000 metri in MTB<\/strong>, non \u00e8 certo un\u2019esperienza di tutti i giorni. Da tempo sognavo di raggiungere la vetta dello <strong>Chaberton in mountain bike<\/strong>, e finalmente \u00e8 arrivato il momento di farlo. Luned\u00ec 4 settembre, per festeggiare il nostro sesto anniversario di nozze, ho deciso di togliermi un bel sassolino dalla scarpa: conquistare i <strong>3.130 metri del Monte Chaberton in MTB<\/strong>.<br>Un misto di emozioni e adrenalina pura, un vero <em>sturm und drang<\/em> personale tra fatica, libert\u00e0 e meraviglia.<\/p>\n\n\n\n<h2 class=\"wp-block-heading\"><strong>Una montagna che incanta<\/strong><\/h2>\n\n\n\n<p class=\"wp-block-paragraph\">Ho amato lo <strong>Chaberton<\/strong> ancor prima di salirci. L\u2019ho osservato per la prima volta dalla chiesetta di Notre Dame de Brousailles: una montagna imponente, elegante e misteriosa. Dalla valle appare come una piramide perfetta, una cattedrale di roccia che domina ogni prospettiva.<br>Sulla sua cima, a 3.130 metri, si erge una <strong>fortezza militare<\/strong> con torri e bastioni, collegata da una strada sterrata lunga 14 km con 1.800 metri di dislivello. Il tracciato si snoda tra boschi, frane e pianori, fino alla vetta. \u00c8 una salita epica, tanto affascinante quanto impegnativa. Un luogo che sembra uscito dall\u2019immaginazione di un bambino, ma \u00e8 pura realt\u00e0.<\/p>\n\n\n\n<h2 class=\"wp-block-heading\"><strong>La preparazione: tra vacanze e voglia di salire<\/strong><\/h2>\n\n\n\n<p class=\"wp-block-paragraph\">Rientrato da pochi giorni dalla <strong><a href=\"https:\/\/www.lucaghigliano.it\/zioghilli\/tag\/route-des-grandes-alpes\/\" data-type=\"post_tag\" data-id=\"43\" target=\"_blank\" rel=\"noreferrer noopener\">Route des Grandes Alpes<\/a><\/strong>, con la famiglia ancora in vacanza e la bilancia che segnava un incoraggiante 81,5 kg, sentivo che era il momento giusto. Le gambe erano pronte, la testa ancora di pi\u00f9. Cos\u00ec ho deciso: era il giorno perfetto per provare davvero lo <strong>Chaberton in MTB<\/strong>.<\/p>\n\n\n\n<p class=\"wp-block-paragraph\">Mi sono svegliato con calma, la mia <strong>Kona Kahuna<\/strong> era gi\u00e0 pronta in soggiorno: tenda e sacco a pelo sul manubrio, materassino, piumino, vettovaglie e qualche cambio nella borsa da sella. Peso totale del setup: circa 27 kg. Non proprio una piuma, ma perfetta per un\u2019avventura in alta quota.<\/p>\n\n\n\n<h2 class=\"wp-block-heading\"><strong>Il piano di salita allo Chaberton<\/strong><\/h2>\n\n\n\n<p class=\"wp-block-paragraph\">Inizialmente pensavo di arrivare a <strong>Fenils<\/strong> la sera prima, dormire in B&amp;B e salire all\u2019alba \u201cscarico\u201d. Ma quel piano mi sembrava troppo da gara e poco da viaggio. Cos\u00ec ho cambiato idea: meglio dormire in tenda ai <strong>2.400 metri del Pian dei Morti<\/strong>, dove la strada dello <strong>Chaberton<\/strong> entra in Francia e diventa pi\u00f9 ruvida.<br>Da l\u00ec, avrei affrontato con calma gli ultimi 700 metri di dislivello al mattino, godendomi ogni metro di salita.<\/p>\n\n\n\n<p class=\"wp-block-paragraph\">Per risparmiare spazio ho scelto il sacco a pelo da +10\u00b0C invece di quello pi\u00f9 pesante da 0\u00b0C, contando su piumino e scaldamani chimici in caso di freddo intenso. Una scelta gi\u00e0 testata sul <strong><a href=\"https:\/\/www.lucaghigliano.it\/zioghilli\/sonnellino-a-10\/\" target=\"_blank\" data-type=\"post\" data-id=\"502\" rel=\"noreferrer noopener\">Lago d\u2019Arpy<\/a><\/strong>, dove aveva funzionato benissimo anche con -10\u00b0C reali.<\/p>\n\n\n\n<h2 class=\"wp-block-heading\"><strong>Verso lo Chaberton in MTB: il viaggio inizia<\/strong><\/h2>\n\n\n\n<p class=\"wp-block-paragraph\">Dopo colazione, ho iniziato a pedalare verso la <strong>stazione di Chivasso<\/strong>, seguendo lo stesso itinerario della settimana precedente: Chivasso &#8211; Torino Porta Nuova (pausa caff\u00e8 con mio cugino Davide) &#8211; Oulx.<\/p>\n\n\n\n<p class=\"wp-block-paragraph\">Verso le 13 ero finalmente in sella, sulla strada di fondovalle. Poi, all\u2019improvviso, <strong>lo Chaberton<\/strong> \u00e8 apparso tra gli alberi. Imponente, affascinante e un po\u2019 minaccioso. Pensare di salirci in <strong>mountain bike<\/strong>, e per di pi\u00f9 cos\u00ec carico, mi ha fatto sorridere e tremare insieme.<\/p>\n\n\n\n<h2 class=\"wp-block-heading\"><strong>\u201cVieni ed osa\u201d: la decisione di dormire in cima<\/strong><\/h2>\n\n\n\n<p class=\"wp-block-paragraph\">Mentre pedalavo, continuando a fissare la vetta, mi \u00e8 venuto un pensiero forte, quasi una voce interiore: <em>\u201cVieni ed osa\u201d<\/em>.<br>Pu\u00f2 sembrare che stia romanzando, ma \u00e8 stato davvero cos\u00ec. In quell\u2019istante ho deciso che avrei <strong>pernottato in cima allo Chaberton<\/strong>.<br>L\u2019idea mi frullava in testa da giorni, ma quel momento di lucidit\u00e0 e ispirazione l\u2019ha resa certezza: sarei salito, e avrei dormito tra le nuvole, sulla vetta dello <strong>Chaberton in MTB<\/strong>.<\/p>\n\n\n\n<figure class=\"wp-block-image\"><img decoding=\"async\" width=\"900\" height=\"675\" data-src=\"https:\/\/www.lucaghigliano.it\/zioghilli\/wp-content\/uploads\/2019\/02\/DSC00477-2.jpg\" src=\"data:image\/gif;base64,R0lGODlhAQABAIAAAAAAAP\/\/\/yH5BAEAAAAALAAAAAABAAEAAAIBRAA7\" alt=\"\" class=\"wp-image-634 lazyload\"\/><noscript><img decoding=\"async\" width=\"900\" height=\"675\" src=\"https:\/\/www.lucaghigliano.it\/zioghilli\/wp-content\/uploads\/2019\/02\/DSC00477-2.jpg\" alt=\"\" class=\"wp-image-634\" srcset=\"https:\/\/www.lucaghigliano.it\/zioghilli\/wp-content\/uploads\/2019\/02\/DSC00477-2.jpg 900w, https:\/\/www.lucaghigliano.it\/zioghilli\/wp-content\/uploads\/2019\/02\/DSC00477-2-300x225.jpg 300w, https:\/\/www.lucaghigliano.it\/zioghilli\/wp-content\/uploads\/2019\/02\/DSC00477-2-768x576.jpg 768w, https:\/\/www.lucaghigliano.it\/zioghilli\/wp-content\/uploads\/2019\/02\/DSC00477-2-600x450.jpg 600w\" sizes=\"(max-width: 900px) 100vw, 900px\" \/><\/noscript><figcaption class=\"wp-element-caption\">.<\/figcaption><\/figure>\n\n\n\n<h2 class=\"wp-block-heading\"><strong>La salita verso lo Chaberton in MTB<\/strong><\/h2>\n\n\n\n<p class=\"wp-block-paragraph\">Allo <strong>svincolo per Fenils<\/strong> lascio la statale, riempio le borracce e inizio a pedalare con un ritmo costante. La <strong>salita allo Chaberton in MTB<\/strong> non concede tregua: la strada si impenna subito con pendenze del 14-15%, ma il fondo \u00e8 compatto e regolare. Le gambe girano bene e la bici risponde docile.<\/p>\n\n\n\n<p class=\"wp-block-paragraph\">Supero l\u2019ultimo gruppo di case e, con un colpo di pedale, <strong>lascio la civilt\u00e0 alle spalle<\/strong>. \u00c8 il momento in cui inizi davvero a sentire la montagna, quella sensazione di isolamento che solo chi ha affrontato lo <strong>Chaberton in mountain bike<\/strong> pu\u00f2 capire.<\/p>\n\n\n\n<h2 class=\"wp-block-heading\"><strong>Il silenzio interrotto: incontri sullo sterrato<\/strong><\/h2>\n\n\n\n<p class=\"wp-block-paragraph\">Mi sto godendo la solitudine e la magia di questa salita, quando improvvisamente, in senso opposto, compare un <strong>vecchio Yamaha XT600<\/strong>. Il rombo rompe il silenzio ovattato dei boschi.<br>Alla guida c\u2019\u00e8 un motociclista tedesco, che mi fa segno di rallentare. Si ferma, sorride e mi dice che non sono solo: due ciclisti sono circa duecento metri davanti a me, impegnati sulla stessa ascesa dello <strong>Chaberton in MTB<\/strong>.<\/p>\n\n\n\n<p class=\"wp-block-paragraph\">Per un attimo mi rattristo: speravo di essere l\u2019unico a godermi la montagna in totale solitudine. Gli chiedo se quei due hanno con s\u00e9 tende o sacchi a pelo. \u201cNo\u201d, risponde. Sorrido sotto al casco. Bene allora la <strong>cima dello Chaberton<\/strong> sar\u00e0 tutta mia, solo io e il vento, come avevo sognato.<\/p>\n\n\n\n<figure class=\"wp-block-image\"><img decoding=\"async\" width=\"900\" height=\"675\" data-src=\"https:\/\/www.lucaghigliano.it\/zioghilli\/wp-content\/uploads\/2019\/02\/DSC00480.jpg\" src=\"data:image\/gif;base64,R0lGODlhAQABAIAAAAAAAP\/\/\/yH5BAEAAAAALAAAAAABAAEAAAIBRAA7\" alt=\"\" class=\"wp-image-635 lazyload\"\/><noscript><img decoding=\"async\" width=\"900\" height=\"675\" src=\"https:\/\/www.lucaghigliano.it\/zioghilli\/wp-content\/uploads\/2019\/02\/DSC00480.jpg\" alt=\"\" class=\"wp-image-635\" srcset=\"https:\/\/www.lucaghigliano.it\/zioghilli\/wp-content\/uploads\/2019\/02\/DSC00480.jpg 900w, https:\/\/www.lucaghigliano.it\/zioghilli\/wp-content\/uploads\/2019\/02\/DSC00480-300x225.jpg 300w, https:\/\/www.lucaghigliano.it\/zioghilli\/wp-content\/uploads\/2019\/02\/DSC00480-768x576.jpg 768w, https:\/\/www.lucaghigliano.it\/zioghilli\/wp-content\/uploads\/2019\/02\/DSC00480-600x450.jpg 600w\" sizes=\"(max-width: 900px) 100vw, 900px\" \/><\/noscript><figcaption class=\"wp-element-caption\">.<\/figcaption><\/figure>\n\n\n\n<h2 class=\"wp-block-heading\"><strong>Rio Secco: la salita dello Chaberton in MTB continua<\/strong><\/h2>\n\n\n\n<p class=\"wp-block-paragraph\">Riprendo a salire lungo la sterrata dello <strong>Chaberton in MTB<\/strong>. All\u2019improvviso, un <strong>cane da pastore<\/strong> mi corre incontro: scodinzola, curioso, ma per fortuna con fare amichevole. Un incontro inatteso che spezza la fatica e mi strappa un sorriso.<\/p>\n\n\n\n<p class=\"wp-block-paragraph\">Pochi minuti dopo raggiungo i <strong>ciclisti tedeschi<\/strong>, gli stessi che mi erano stati segnalati poco prima. Li ritrovo nei pressi del <strong>Rio Secco<\/strong>, uno dei punti pi\u00f9 suggestivi e pi\u00f9 fragili del percorso.<br>Con dispiacere noto che la <strong>parete di roccia \u00e8 nuovamente franata<\/strong> per un tratto di circa cento metri: un segno evidente di quanto la montagna sia viva e mutevole.<\/p>\n\n\n\n<p class=\"wp-block-paragraph\">Proseguo la mia salita, affrontando il tratto dei <strong>tornanti dello Chaberton<\/strong>. La strada si avvita su se stessa in un ritmo ipnotico di curve e pietre, mentre la quota aumenta rapidamente.<br>Sento la speranza crescere dentro di me: forse riuscir\u00f2 a <strong>pedalare fino in cima allo Chaberton<\/strong>, senza dover mai scendere a spingere.<\/p>\n\n\n\n<p class=\"wp-block-paragraph\">Fino a questo punto ho messo piede a terra solo due volte: una sulla frana del Rio Secco e un\u2019altra su un brevissimo tratto di una quindicina di metri. Per il resto, tutto in sella, tutto con la mia <strong>mountain bike sullo Chaberton<\/strong>.<\/p>\n\n\n\n<figure class=\"wp-block-image\"><img decoding=\"async\" width=\"900\" height=\"675\" data-src=\"https:\/\/www.lucaghigliano.it\/zioghilli\/wp-content\/uploads\/2019\/02\/DSC00487.jpg\" src=\"data:image\/gif;base64,R0lGODlhAQABAIAAAAAAAP\/\/\/yH5BAEAAAAALAAAAAABAAEAAAIBRAA7\" alt=\"\" class=\"wp-image-636 lazyload\"\/><noscript><img decoding=\"async\" width=\"900\" height=\"675\" src=\"https:\/\/www.lucaghigliano.it\/zioghilli\/wp-content\/uploads\/2019\/02\/DSC00487.jpg\" alt=\"\" class=\"wp-image-636\" srcset=\"https:\/\/www.lucaghigliano.it\/zioghilli\/wp-content\/uploads\/2019\/02\/DSC00487.jpg 900w, https:\/\/www.lucaghigliano.it\/zioghilli\/wp-content\/uploads\/2019\/02\/DSC00487-300x225.jpg 300w, https:\/\/www.lucaghigliano.it\/zioghilli\/wp-content\/uploads\/2019\/02\/DSC00487-768x576.jpg 768w, https:\/\/www.lucaghigliano.it\/zioghilli\/wp-content\/uploads\/2019\/02\/DSC00487-600x450.jpg 600w\" sizes=\"(max-width: 900px) 100vw, 900px\" \/><\/noscript><figcaption class=\"wp-element-caption\"> .<\/figcaption><\/figure>\n\n\n\n<h2 class=\"wp-block-heading\"><strong>Tornanti duri e fondo instabile sullo Chaberton in MTB<\/strong><\/h2>\n\n\n\n<p class=\"wp-block-paragraph\">Ai <strong>tornanti<\/strong> cambia completamente lo scenario. Il fondo, che finora era stato compatto, diventa improvvisamente <strong>smosso e pieno di pietre grosse<\/strong>. L\u2019<strong>anteriore sprofonda<\/strong>, il posteriore slitta, e ogni pedalata richiede pi\u00f9 energia di quanto valga la pena spendere.<\/p>\n\n\n\n<p class=\"wp-block-paragraph\">Capisco subito che <strong>spingere la bici \u00e8 pi\u00f9 efficace che pedalare<\/strong>, e cos\u00ec mi unisco ai due ciclisti tedeschi: formiamo un piccolo \u201ctrenino\u201d che avanza lentamente ma con costanza lungo la <strong>salita dello Chaberton in MTB<\/strong>.<\/p>\n\n\n\n<p class=\"wp-block-paragraph\">Il <strong>traverso che conduce alla rocca tagliata<\/strong> regala un po\u2019 di sollievo: a tratti si riesce ancora a pedalare, anche se con fatica. Poi arriva la <strong>frana<\/strong>, imponente e silenziosa, che si supera grazie a una <strong>passerella in legno<\/strong> sospesa tra pietre e vento.<\/p>\n\n\n\n<figure class=\"wp-block-image\"><img decoding=\"async\" width=\"900\" height=\"675\" data-src=\"https:\/\/www.lucaghigliano.it\/zioghilli\/wp-content\/uploads\/2019\/02\/DSC00491-2.jpg\" src=\"data:image\/gif;base64,R0lGODlhAQABAIAAAAAAAP\/\/\/yH5BAEAAAAALAAAAAABAAEAAAIBRAA7\" alt=\"\" class=\"wp-image-637 lazyload\"\/><noscript><img decoding=\"async\" width=\"900\" height=\"675\" src=\"https:\/\/www.lucaghigliano.it\/zioghilli\/wp-content\/uploads\/2019\/02\/DSC00491-2.jpg\" alt=\"\" class=\"wp-image-637\" srcset=\"https:\/\/www.lucaghigliano.it\/zioghilli\/wp-content\/uploads\/2019\/02\/DSC00491-2.jpg 900w, https:\/\/www.lucaghigliano.it\/zioghilli\/wp-content\/uploads\/2019\/02\/DSC00491-2-300x225.jpg 300w, https:\/\/www.lucaghigliano.it\/zioghilli\/wp-content\/uploads\/2019\/02\/DSC00491-2-768x576.jpg 768w, https:\/\/www.lucaghigliano.it\/zioghilli\/wp-content\/uploads\/2019\/02\/DSC00491-2-600x450.jpg 600w\" sizes=\"(max-width: 900px) 100vw, 900px\" \/><\/noscript><figcaption class=\"wp-element-caption\"> Eccomi alla mitica Rocca Tagliata, tagliata a colpi di dinamite\u2026<br>.<\/figcaption><\/figure>\n\n\n\n<figure class=\"wp-block-image\"><img decoding=\"async\" width=\"900\" height=\"675\" data-src=\"https:\/\/www.lucaghigliano.it\/zioghilli\/wp-content\/uploads\/2019\/02\/DSC00495-2.jpg\" src=\"data:image\/gif;base64,R0lGODlhAQABAIAAAAAAAP\/\/\/yH5BAEAAAAALAAAAAABAAEAAAIBRAA7\" alt=\"\" class=\"wp-image-638 lazyload\"\/><noscript><img decoding=\"async\" width=\"900\" height=\"675\" src=\"https:\/\/www.lucaghigliano.it\/zioghilli\/wp-content\/uploads\/2019\/02\/DSC00495-2.jpg\" alt=\"\" class=\"wp-image-638\" srcset=\"https:\/\/www.lucaghigliano.it\/zioghilli\/wp-content\/uploads\/2019\/02\/DSC00495-2.jpg 900w, https:\/\/www.lucaghigliano.it\/zioghilli\/wp-content\/uploads\/2019\/02\/DSC00495-2-300x225.jpg 300w, https:\/\/www.lucaghigliano.it\/zioghilli\/wp-content\/uploads\/2019\/02\/DSC00495-2-768x576.jpg 768w, https:\/\/www.lucaghigliano.it\/zioghilli\/wp-content\/uploads\/2019\/02\/DSC00495-2-600x450.jpg 600w\" sizes=\"(max-width: 900px) 100vw, 900px\" \/><\/noscript><figcaption class=\"wp-element-caption\">.<\/figcaption><\/figure>\n\n\n\n<p class=\"wp-block-paragraph\">Ancora qualche tratto pedalato fino a Pian dei Morti dove il cippo di marmo mi conferma che sono nuovamente in territorio francese\u2026<\/p>\n\n\n\n<figure class=\"wp-block-image\"><img decoding=\"async\" width=\"900\" height=\"675\" data-src=\"https:\/\/www.lucaghigliano.it\/zioghilli\/wp-content\/uploads\/2019\/02\/DSC00497.jpg\" src=\"data:image\/gif;base64,R0lGODlhAQABAIAAAAAAAP\/\/\/yH5BAEAAAAALAAAAAABAAEAAAIBRAA7\" alt=\"\" class=\"wp-image-639 lazyload\"\/><noscript><img decoding=\"async\" width=\"900\" height=\"675\" src=\"https:\/\/www.lucaghigliano.it\/zioghilli\/wp-content\/uploads\/2019\/02\/DSC00497.jpg\" alt=\"\" class=\"wp-image-639\" srcset=\"https:\/\/www.lucaghigliano.it\/zioghilli\/wp-content\/uploads\/2019\/02\/DSC00497.jpg 900w, https:\/\/www.lucaghigliano.it\/zioghilli\/wp-content\/uploads\/2019\/02\/DSC00497-300x225.jpg 300w, https:\/\/www.lucaghigliano.it\/zioghilli\/wp-content\/uploads\/2019\/02\/DSC00497-768x576.jpg 768w, https:\/\/www.lucaghigliano.it\/zioghilli\/wp-content\/uploads\/2019\/02\/DSC00497-600x450.jpg 600w\" sizes=\"(max-width: 900px) 100vw, 900px\" \/><\/noscript><figcaption class=\"wp-element-caption\">.<\/figcaption><\/figure>\n\n\n\n<p class=\"wp-block-paragraph\">Dal Pian dei Morti &#8211; o per dirla alla Francese Clot des Mort &#8211; in poi inizio a spingere senza sosta fino al Colle, la strada \u00e8 ridotta veramente male e la pendenza \u00e8 &#8211; per me &#8211; mortale (vedi immagine sopra) ed inoltre inizia a tirare un vento freddo che mi impone di mettere una felpa ed i guanti.<\/p>\n\n\n\n<figure class=\"wp-block-image\"><img decoding=\"async\" width=\"900\" height=\"675\" data-src=\"https:\/\/www.lucaghigliano.it\/zioghilli\/wp-content\/uploads\/2019\/02\/DSC00499-2.jpg\" src=\"data:image\/gif;base64,R0lGODlhAQABAIAAAAAAAP\/\/\/yH5BAEAAAAALAAAAAABAAEAAAIBRAA7\" alt=\"\" class=\"wp-image-640 lazyload\"\/><noscript><img decoding=\"async\" width=\"900\" height=\"675\" src=\"https:\/\/www.lucaghigliano.it\/zioghilli\/wp-content\/uploads\/2019\/02\/DSC00499-2.jpg\" alt=\"\" class=\"wp-image-640\" srcset=\"https:\/\/www.lucaghigliano.it\/zioghilli\/wp-content\/uploads\/2019\/02\/DSC00499-2.jpg 900w, https:\/\/www.lucaghigliano.it\/zioghilli\/wp-content\/uploads\/2019\/02\/DSC00499-2-300x225.jpg 300w, https:\/\/www.lucaghigliano.it\/zioghilli\/wp-content\/uploads\/2019\/02\/DSC00499-2-768x576.jpg 768w, https:\/\/www.lucaghigliano.it\/zioghilli\/wp-content\/uploads\/2019\/02\/DSC00499-2-600x450.jpg 600w\" sizes=\"(max-width: 900px) 100vw, 900px\" \/><\/noscript><figcaption class=\"wp-element-caption\">.<\/figcaption><\/figure>\n\n\n\n<p class=\"wp-block-paragraph\">Finalmente al colle. In basso a sx si vede il traverso che conduce alla Rocca Tagliata. Una volta arrivato al Colle il mio umore ha dei tentennamenti, il versante piemontese \u00e8 bello pulito, si c&#8217;\u00e8 qualche nuvola ma tutto ok\u2026<\/p>\n\n\n\n<figure class=\"wp-block-image\"><img decoding=\"async\" width=\"900\" height=\"675\" data-src=\"https:\/\/www.lucaghigliano.it\/zioghilli\/wp-content\/uploads\/2019\/02\/DSC00501-2.jpg\" src=\"data:image\/gif;base64,R0lGODlhAQABAIAAAAAAAP\/\/\/yH5BAEAAAAALAAAAAABAAEAAAIBRAA7\" alt=\"\" class=\"wp-image-641 lazyload\"\/><noscript><img decoding=\"async\" width=\"900\" height=\"675\" src=\"https:\/\/www.lucaghigliano.it\/zioghilli\/wp-content\/uploads\/2019\/02\/DSC00501-2.jpg\" alt=\"\" class=\"wp-image-641\" srcset=\"https:\/\/www.lucaghigliano.it\/zioghilli\/wp-content\/uploads\/2019\/02\/DSC00501-2.jpg 900w, https:\/\/www.lucaghigliano.it\/zioghilli\/wp-content\/uploads\/2019\/02\/DSC00501-2-300x225.jpg 300w, https:\/\/www.lucaghigliano.it\/zioghilli\/wp-content\/uploads\/2019\/02\/DSC00501-2-768x576.jpg 768w, https:\/\/www.lucaghigliano.it\/zioghilli\/wp-content\/uploads\/2019\/02\/DSC00501-2-600x450.jpg 600w\" sizes=\"(max-width: 900px) 100vw, 900px\" \/><\/noscript><figcaption class=\"wp-element-caption\">.<\/figcaption><\/figure>\n\n\n\n<p class=\"wp-block-paragraph\">\u2026mentre dalla Francia arrivano parecchie nuvole nere che mi mettono un po&#8217; in ansia. Ma ormai siamo qua, a 2690m, ne mancano ancora 420 per arrivare alla cima e poi lass\u00f9 vedr\u00f2 sul da farsi. Il vento si fa sempre pi\u00f9 presente e le nuvole ora viaggiano velocissime sopra la mia testa. A tratti pedalo ma procedo soprattutto a spinta, incrociando gli ultimi escursionisti della giornata, che stanno scendendo\u2026<\/p>\n\n\n\n<figure class=\"wp-block-image\"><img decoding=\"async\" width=\"900\" height=\"675\" data-src=\"https:\/\/www.lucaghigliano.it\/zioghilli\/wp-content\/uploads\/2019\/02\/DSC00502-2.jpg\" src=\"data:image\/gif;base64,R0lGODlhAQABAIAAAAAAAP\/\/\/yH5BAEAAAAALAAAAAABAAEAAAIBRAA7\" alt=\"\" class=\"wp-image-642 lazyload\"\/><noscript><img decoding=\"async\" width=\"900\" height=\"675\" src=\"https:\/\/www.lucaghigliano.it\/zioghilli\/wp-content\/uploads\/2019\/02\/DSC00502-2.jpg\" alt=\"\" class=\"wp-image-642\" srcset=\"https:\/\/www.lucaghigliano.it\/zioghilli\/wp-content\/uploads\/2019\/02\/DSC00502-2.jpg 900w, https:\/\/www.lucaghigliano.it\/zioghilli\/wp-content\/uploads\/2019\/02\/DSC00502-2-300x225.jpg 300w, https:\/\/www.lucaghigliano.it\/zioghilli\/wp-content\/uploads\/2019\/02\/DSC00502-2-768x576.jpg 768w, https:\/\/www.lucaghigliano.it\/zioghilli\/wp-content\/uploads\/2019\/02\/DSC00502-2-600x450.jpg 600w\" sizes=\"(max-width: 900px) 100vw, 900px\" \/><\/noscript><figcaption class=\"wp-element-caption\">.<\/figcaption><\/figure>\n\n\n\n<p class=\"wp-block-paragraph\">Arrivo alla struttura che una volta ospitava il corpo di guardia ed mi fermo a respirare un po&#8217; e mangiare qualche barretta: pi\u00f9 salgo e pi\u00f9 fa freddo!<\/p>\n\n\n\n<figure class=\"wp-block-image\"><img decoding=\"async\" width=\"900\" height=\"675\" data-src=\"https:\/\/www.lucaghigliano.it\/zioghilli\/wp-content\/uploads\/2019\/02\/DSC00506.jpg\" src=\"data:image\/gif;base64,R0lGODlhAQABAIAAAAAAAP\/\/\/yH5BAEAAAAALAAAAAABAAEAAAIBRAA7\" alt=\"\" class=\"wp-image-643 lazyload\"\/><noscript><img decoding=\"async\" width=\"900\" height=\"675\" src=\"https:\/\/www.lucaghigliano.it\/zioghilli\/wp-content\/uploads\/2019\/02\/DSC00506.jpg\" alt=\"\" class=\"wp-image-643\" srcset=\"https:\/\/www.lucaghigliano.it\/zioghilli\/wp-content\/uploads\/2019\/02\/DSC00506.jpg 900w, https:\/\/www.lucaghigliano.it\/zioghilli\/wp-content\/uploads\/2019\/02\/DSC00506-300x225.jpg 300w, https:\/\/www.lucaghigliano.it\/zioghilli\/wp-content\/uploads\/2019\/02\/DSC00506-768x576.jpg 768w, https:\/\/www.lucaghigliano.it\/zioghilli\/wp-content\/uploads\/2019\/02\/DSC00506-600x450.jpg 600w\" sizes=\"(max-width: 900px) 100vw, 900px\" \/><\/noscript><figcaption class=\"wp-element-caption\">.<\/figcaption><\/figure>\n\n\n\n<p class=\"wp-block-paragraph\">Riparto, ormai la cima \u00e8 vicina, ancora qualche passo (<strong>passo <\/strong>e non colpo di pedale) ed eccomi alla spianata ed alla fantastica vista sulle 8 torri; i ciclisti tedeschi si stanno preparando a scendere, mi augurano buona permanenza &#8211; <em>have a good camping<\/em> &#8211; e dicono di non preoccuparmi delle nuvole in quanto il meteo annuncia bel tempo per la notte e l&#8217;indomani. Li ringrazio, li saluto, li guardo sparire dietro il ghiaione ed in quell&#8217;esatto istante ho la stessa sensazione di solitudine di quando pap\u00e0 ti porta al primo giorno di scuola, ti saluta e ti trovi davanti un esercito di persone che non conosci. Solo che in questo caso le persone sconosciute sono tutte riunite in una sola entit\u00e0: <strong>ME STESSO&#8230; <\/strong><br>La mia psiche vacilla, inizio a pensare di non smontare le borse e scendere direttamente; essere a 3.130m, da solo, sulla punta di una montagna, riporta a galla paure ancestrali: la <strong>pioggia<\/strong>, i <strong>fulmini<\/strong>, i <strong>lupi<\/strong>, il <strong>freddo<\/strong>, la <strong>stanchezza<\/strong>, la <strong>fame<\/strong>. Decido comunque di iniziare a montare la tenda davanti alle torri per cercare di riparami dal vento che adesso \u00e8 forte al punto da suggerirmi di mettere un bel pietrone sui picchetti e successivamente, a tenda montata, anche dentro. Una volta all&#8217;interno mi cambio con abiti asciutti ma la sensazione di freddo non diminuisce e cos\u00ec inizio a domandarmi quanto far\u00e0 freddo stanotte: forse \u00e8 stata una scelta avventata <strong>non <\/strong>portare il sacco a pelo pesante.<\/p>\n\n\n\n<figure class=\"wp-block-image\"><img decoding=\"async\" width=\"900\" height=\"675\" data-src=\"https:\/\/www.lucaghigliano.it\/zioghilli\/wp-content\/uploads\/2019\/02\/DSC00512.jpg\" src=\"data:image\/gif;base64,R0lGODlhAQABAIAAAAAAAP\/\/\/yH5BAEAAAAALAAAAAABAAEAAAIBRAA7\" alt=\"\" class=\"wp-image-644 lazyload\"\/><noscript><img decoding=\"async\" width=\"900\" height=\"675\" src=\"https:\/\/www.lucaghigliano.it\/zioghilli\/wp-content\/uploads\/2019\/02\/DSC00512.jpg\" alt=\"\" class=\"wp-image-644\" srcset=\"https:\/\/www.lucaghigliano.it\/zioghilli\/wp-content\/uploads\/2019\/02\/DSC00512.jpg 900w, https:\/\/www.lucaghigliano.it\/zioghilli\/wp-content\/uploads\/2019\/02\/DSC00512-300x225.jpg 300w, https:\/\/www.lucaghigliano.it\/zioghilli\/wp-content\/uploads\/2019\/02\/DSC00512-768x576.jpg 768w, https:\/\/www.lucaghigliano.it\/zioghilli\/wp-content\/uploads\/2019\/02\/DSC00512-600x450.jpg 600w\" sizes=\"(max-width: 900px) 100vw, 900px\" \/><\/noscript><figcaption class=\"wp-element-caption\">.<\/figcaption><\/figure>\n\n\n\n<p class=\"wp-block-paragraph\">Eccola mi tendina montata. Laggi\u00f9, 1.800m pi\u00f9 in basso, la statale ed a centro fotogramma la pista da bob che fu usata per le Olimpiadi di Torino 2006. Sullo sfondo Sestriere che sbuca nel vallone  dove si intravvede il famoso albergo cilindrico.<\/p>\n\n\n\n<figure class=\"wp-block-image\"><img decoding=\"async\" width=\"900\" height=\"675\" data-src=\"https:\/\/www.lucaghigliano.it\/zioghilli\/wp-content\/uploads\/2019\/02\/DSC00513-2.jpg\" src=\"data:image\/gif;base64,R0lGODlhAQABAIAAAAAAAP\/\/\/yH5BAEAAAAALAAAAAABAAEAAAIBRAA7\" alt=\"\" class=\"wp-image-645 lazyload\"\/><noscript><img decoding=\"async\" width=\"900\" height=\"675\" src=\"https:\/\/www.lucaghigliano.it\/zioghilli\/wp-content\/uploads\/2019\/02\/DSC00513-2.jpg\" alt=\"\" class=\"wp-image-645\" srcset=\"https:\/\/www.lucaghigliano.it\/zioghilli\/wp-content\/uploads\/2019\/02\/DSC00513-2.jpg 900w, https:\/\/www.lucaghigliano.it\/zioghilli\/wp-content\/uploads\/2019\/02\/DSC00513-2-300x225.jpg 300w, https:\/\/www.lucaghigliano.it\/zioghilli\/wp-content\/uploads\/2019\/02\/DSC00513-2-768x576.jpg 768w, https:\/\/www.lucaghigliano.it\/zioghilli\/wp-content\/uploads\/2019\/02\/DSC00513-2-600x450.jpg 600w\" sizes=\"(max-width: 900px) 100vw, 900px\" \/><\/noscript><figcaption class=\"wp-element-caption\">In cima al mondo\u2026<br>.<\/figcaption><\/figure>\n\n\n\n<figure class=\"wp-block-image\"><img decoding=\"async\" width=\"900\" height=\"675\" data-src=\"https:\/\/www.lucaghigliano.it\/zioghilli\/wp-content\/uploads\/2019\/02\/DSC00516-2.jpg\" src=\"data:image\/gif;base64,R0lGODlhAQABAIAAAAAAAP\/\/\/yH5BAEAAAAALAAAAAABAAEAAAIBRAA7\" alt=\"\" class=\"wp-image-646 lazyload\"\/><noscript><img decoding=\"async\" width=\"900\" height=\"675\" src=\"https:\/\/www.lucaghigliano.it\/zioghilli\/wp-content\/uploads\/2019\/02\/DSC00516-2.jpg\" alt=\"\" class=\"wp-image-646\" srcset=\"https:\/\/www.lucaghigliano.it\/zioghilli\/wp-content\/uploads\/2019\/02\/DSC00516-2.jpg 900w, https:\/\/www.lucaghigliano.it\/zioghilli\/wp-content\/uploads\/2019\/02\/DSC00516-2-300x225.jpg 300w, https:\/\/www.lucaghigliano.it\/zioghilli\/wp-content\/uploads\/2019\/02\/DSC00516-2-768x576.jpg 768w, https:\/\/www.lucaghigliano.it\/zioghilli\/wp-content\/uploads\/2019\/02\/DSC00516-2-600x450.jpg 600w\" sizes=\"(max-width: 900px) 100vw, 900px\" \/><\/noscript><figcaption class=\"wp-element-caption\">.<\/figcaption><\/figure>\n\n\n\n<p class=\"wp-block-paragraph\">La tenda viene scossa di continuo dalle raffiche di vento. <strong><em>Ma perch\u00e8 sono venuto fin quass\u00f9? Cosa sto facendo in cima ad una montagna da solo?<\/em><\/strong> Il sole sta per tramontare ed \u00e8 ora di prendere una decisione, posso smontare tutto e scendere a valle con la torcia frontale. Per\u00f2 in realt\u00e0 voglio restare. Voglio provare la solitudine, l&#8217;ho assaggiata in Francia la settimana scorsa ma probabilmente era solo un antipasto. Qua \u00e8 vera solitudine e me ne sto accorgendo con tutto me stesso. Ragiono sul fatto che adattarsi alla societ\u00e0 \u00e8 relativamente facile, basta seguire la corrente del pensiero comune e mettersi in coda al gregge. Gi\u00e0 il fatto di cercare la solitudine circondati dalla civilt\u00e0 non \u00e8 semplice ma &#8211; secondo me &#8211; l&#8217;ostacolo pi\u00f9 grande \u00e8 isolarsi dalla societ\u00e0 e provare a stare da soli con se stessi in mezzo al nulla. Questo \u00e8 realmente spaventoso\u2026<br>Ma per il momento manger\u00f2 qualche panino cercando di rimandare il pi\u00f9 possibile la decisione. La temperatura crolla con la stessa velocit\u00e0 del mio umore ed ho zero voglia di uscire dal mio rifugio fatto di nylon e cotone. Provo a scaldarmi nel sacco a pelo. Mi telefona mia madre:<br><br><em>&#8211; Ciao. Dove sei?<br>&#8211; In cima allo Chaberton\u2026<br>&#8211; Adesso? Ma dormi l\u00ec? Ma che ci stai a fare lass\u00f9? Hai da coprirti? Ma Luca ti sembra una cosa da fare? Ecc.Ecc.<\/em><br><br>Taglio corto. Effettivamente non si pu\u00f2 darle torto, una persona sana di mente non verrebbe a dormire in tenda quass\u00f9\u2026<\/p>\n\n\n\n<figure class=\"wp-block-image\"><img decoding=\"async\" width=\"900\" height=\"675\" data-src=\"https:\/\/www.lucaghigliano.it\/zioghilli\/wp-content\/uploads\/2019\/02\/DSC00515-2.jpg\" src=\"data:image\/gif;base64,R0lGODlhAQABAIAAAAAAAP\/\/\/yH5BAEAAAAALAAAAAABAAEAAAIBRAA7\" alt=\"\" class=\"wp-image-647 lazyload\"\/><noscript><img decoding=\"async\" width=\"900\" height=\"675\" src=\"https:\/\/www.lucaghigliano.it\/zioghilli\/wp-content\/uploads\/2019\/02\/DSC00515-2.jpg\" alt=\"\" class=\"wp-image-647\" srcset=\"https:\/\/www.lucaghigliano.it\/zioghilli\/wp-content\/uploads\/2019\/02\/DSC00515-2.jpg 900w, https:\/\/www.lucaghigliano.it\/zioghilli\/wp-content\/uploads\/2019\/02\/DSC00515-2-300x225.jpg 300w, https:\/\/www.lucaghigliano.it\/zioghilli\/wp-content\/uploads\/2019\/02\/DSC00515-2-768x576.jpg 768w, https:\/\/www.lucaghigliano.it\/zioghilli\/wp-content\/uploads\/2019\/02\/DSC00515-2-600x450.jpg 600w\" sizes=\"(max-width: 900px) 100vw, 900px\" \/><\/noscript><figcaption class=\"wp-element-caption\">.<\/figcaption><\/figure>\n\n\n\n<figure class=\"wp-block-image\"><img decoding=\"async\" width=\"900\" height=\"675\" data-src=\"https:\/\/www.lucaghigliano.it\/zioghilli\/wp-content\/uploads\/2019\/02\/DSC00533-2.jpg\" src=\"data:image\/gif;base64,R0lGODlhAQABAIAAAAAAAP\/\/\/yH5BAEAAAAALAAAAAABAAEAAAIBRAA7\" alt=\"\" class=\"wp-image-648 lazyload\"\/><noscript><img decoding=\"async\" width=\"900\" height=\"675\" src=\"https:\/\/www.lucaghigliano.it\/zioghilli\/wp-content\/uploads\/2019\/02\/DSC00533-2.jpg\" alt=\"\" class=\"wp-image-648\" srcset=\"https:\/\/www.lucaghigliano.it\/zioghilli\/wp-content\/uploads\/2019\/02\/DSC00533-2.jpg 900w, https:\/\/www.lucaghigliano.it\/zioghilli\/wp-content\/uploads\/2019\/02\/DSC00533-2-300x225.jpg 300w, https:\/\/www.lucaghigliano.it\/zioghilli\/wp-content\/uploads\/2019\/02\/DSC00533-2-768x576.jpg 768w, https:\/\/www.lucaghigliano.it\/zioghilli\/wp-content\/uploads\/2019\/02\/DSC00533-2-600x450.jpg 600w\" sizes=\"(max-width: 900px) 100vw, 900px\" \/><\/noscript><figcaption class=\"wp-element-caption\">.<\/figcaption><\/figure>\n\n\n\n<p class=\"wp-block-paragraph\">Decido di uscire dalla tenda per ammirare un po&#8217; di tramonto: questo \u00e8 un nulla reale, le luci di fondovalle mi fanno pensare a tavole imbandite e famiglie che guardano la TV o ragazzi che scherzano avanti ad una birra in un bar. <br><strong><em>Ma perch\u00e8 sono venuto fin quass\u00f9? Cosa sto facendo in cima ad una montagna da solo? <\/em><\/strong>Eppure tutto ci\u00f2 \u00e8 paurosamente affascinante: il silenzio, il vento, il freddo, il tramonto, la batteria dello Chaberton dietro di me, la mia amata tenda. E&#8217; finalmente <strong>la vera solitudine<\/strong>. Alla fine mica me l&#8217;ha detto il dottore di venire quass\u00f9?! Ci sono salito di mia spontanea volont\u00e0, \u00e8 giunto il momento di <strong>assaporare le sensazioni<\/strong> e le emozioni che questa montagna <strong>vorr\u00e0 regalarmi<\/strong>.<\/p>\n\n\n\n<figure class=\"wp-block-image\"><img decoding=\"async\" width=\"900\" height=\"675\" data-src=\"https:\/\/www.lucaghigliano.it\/zioghilli\/wp-content\/uploads\/2019\/02\/DSC00518-2.jpg\" src=\"data:image\/gif;base64,R0lGODlhAQABAIAAAAAAAP\/\/\/yH5BAEAAAAALAAAAAABAAEAAAIBRAA7\" alt=\"\" class=\"wp-image-649 lazyload\"\/><noscript><img decoding=\"async\" width=\"900\" height=\"675\" src=\"https:\/\/www.lucaghigliano.it\/zioghilli\/wp-content\/uploads\/2019\/02\/DSC00518-2.jpg\" alt=\"\" class=\"wp-image-649\" srcset=\"https:\/\/www.lucaghigliano.it\/zioghilli\/wp-content\/uploads\/2019\/02\/DSC00518-2.jpg 900w, https:\/\/www.lucaghigliano.it\/zioghilli\/wp-content\/uploads\/2019\/02\/DSC00518-2-300x225.jpg 300w, https:\/\/www.lucaghigliano.it\/zioghilli\/wp-content\/uploads\/2019\/02\/DSC00518-2-768x576.jpg 768w, https:\/\/www.lucaghigliano.it\/zioghilli\/wp-content\/uploads\/2019\/02\/DSC00518-2-600x450.jpg 600w\" sizes=\"(max-width: 900px) 100vw, 900px\" \/><\/noscript><figcaption class=\"wp-element-caption\">Raggi di luce filtrano tra le nuvole\u2026<br>.<\/figcaption><\/figure>\n\n\n\n<figure class=\"wp-block-image\"><img decoding=\"async\" width=\"900\" height=\"675\" data-src=\"https:\/\/www.lucaghigliano.it\/zioghilli\/wp-content\/uploads\/2019\/02\/DSC00520-2.jpg\" src=\"data:image\/gif;base64,R0lGODlhAQABAIAAAAAAAP\/\/\/yH5BAEAAAAALAAAAAABAAEAAAIBRAA7\" alt=\"\" class=\"wp-image-650 lazyload\"\/><noscript><img decoding=\"async\" width=\"900\" height=\"675\" src=\"https:\/\/www.lucaghigliano.it\/zioghilli\/wp-content\/uploads\/2019\/02\/DSC00520-2.jpg\" alt=\"\" class=\"wp-image-650\" srcset=\"https:\/\/www.lucaghigliano.it\/zioghilli\/wp-content\/uploads\/2019\/02\/DSC00520-2.jpg 900w, https:\/\/www.lucaghigliano.it\/zioghilli\/wp-content\/uploads\/2019\/02\/DSC00520-2-300x225.jpg 300w, https:\/\/www.lucaghigliano.it\/zioghilli\/wp-content\/uploads\/2019\/02\/DSC00520-2-768x576.jpg 768w, https:\/\/www.lucaghigliano.it\/zioghilli\/wp-content\/uploads\/2019\/02\/DSC00520-2-600x450.jpg 600w\" sizes=\"(max-width: 900px) 100vw, 900px\" \/><\/noscript><figcaption class=\"wp-element-caption\">Le montagne che fanno fa spartiacque tra Valsusa e Valchisone\u2026<br>.<\/figcaption><\/figure>\n\n\n\n<figure class=\"wp-block-image\"><img decoding=\"async\" width=\"900\" height=\"675\" data-src=\"https:\/\/www.lucaghigliano.it\/zioghilli\/wp-content\/uploads\/2019\/02\/DSC00523-2.jpg\" src=\"data:image\/gif;base64,R0lGODlhAQABAIAAAAAAAP\/\/\/yH5BAEAAAAALAAAAAABAAEAAAIBRAA7\" alt=\"\" class=\"wp-image-651 lazyload\"\/><noscript><img decoding=\"async\" width=\"900\" height=\"675\" src=\"https:\/\/www.lucaghigliano.it\/zioghilli\/wp-content\/uploads\/2019\/02\/DSC00523-2.jpg\" alt=\"\" class=\"wp-image-651\" srcset=\"https:\/\/www.lucaghigliano.it\/zioghilli\/wp-content\/uploads\/2019\/02\/DSC00523-2.jpg 900w, https:\/\/www.lucaghigliano.it\/zioghilli\/wp-content\/uploads\/2019\/02\/DSC00523-2-300x225.jpg 300w, https:\/\/www.lucaghigliano.it\/zioghilli\/wp-content\/uploads\/2019\/02\/DSC00523-2-768x576.jpg 768w, https:\/\/www.lucaghigliano.it\/zioghilli\/wp-content\/uploads\/2019\/02\/DSC00523-2-600x450.jpg 600w\" sizes=\"(max-width: 900px) 100vw, 900px\" \/><\/noscript><figcaption class=\"wp-element-caption\">Ragionando ora a mente lucida\u2026 la location \u00e8 quanto di meglio possa chiedere!!!<br>.<\/figcaption><\/figure>\n\n\n\n<figure class=\"wp-block-image\"><img decoding=\"async\" width=\"900\" height=\"675\" data-src=\"https:\/\/www.lucaghigliano.it\/zioghilli\/wp-content\/uploads\/2019\/02\/DSC00531.jpg\" src=\"data:image\/gif;base64,R0lGODlhAQABAIAAAAAAAP\/\/\/yH5BAEAAAAALAAAAAABAAEAAAIBRAA7\" alt=\"\" class=\"wp-image-652 lazyload\"\/><noscript><img decoding=\"async\" width=\"900\" height=\"675\" src=\"https:\/\/www.lucaghigliano.it\/zioghilli\/wp-content\/uploads\/2019\/02\/DSC00531.jpg\" alt=\"\" class=\"wp-image-652\" srcset=\"https:\/\/www.lucaghigliano.it\/zioghilli\/wp-content\/uploads\/2019\/02\/DSC00531.jpg 900w, https:\/\/www.lucaghigliano.it\/zioghilli\/wp-content\/uploads\/2019\/02\/DSC00531-300x225.jpg 300w, https:\/\/www.lucaghigliano.it\/zioghilli\/wp-content\/uploads\/2019\/02\/DSC00531-768x576.jpg 768w, https:\/\/www.lucaghigliano.it\/zioghilli\/wp-content\/uploads\/2019\/02\/DSC00531-600x450.jpg 600w\" sizes=\"(max-width: 900px) 100vw, 900px\" \/><\/noscript><figcaption class=\"wp-element-caption\">.<\/figcaption><\/figure>\n\n\n\n<figure class=\"wp-block-image\"><img decoding=\"async\" width=\"900\" height=\"675\" data-src=\"https:\/\/www.lucaghigliano.it\/zioghilli\/wp-content\/uploads\/2019\/02\/DSC00534.jpg\" src=\"data:image\/gif;base64,R0lGODlhAQABAIAAAAAAAP\/\/\/yH5BAEAAAAALAAAAAABAAEAAAIBRAA7\" alt=\"\" class=\"wp-image-653 lazyload\"\/><noscript><img decoding=\"async\" width=\"900\" height=\"675\" src=\"https:\/\/www.lucaghigliano.it\/zioghilli\/wp-content\/uploads\/2019\/02\/DSC00534.jpg\" alt=\"\" class=\"wp-image-653\" srcset=\"https:\/\/www.lucaghigliano.it\/zioghilli\/wp-content\/uploads\/2019\/02\/DSC00534.jpg 900w, https:\/\/www.lucaghigliano.it\/zioghilli\/wp-content\/uploads\/2019\/02\/DSC00534-300x225.jpg 300w, https:\/\/www.lucaghigliano.it\/zioghilli\/wp-content\/uploads\/2019\/02\/DSC00534-768x576.jpg 768w, https:\/\/www.lucaghigliano.it\/zioghilli\/wp-content\/uploads\/2019\/02\/DSC00534-600x450.jpg 600w\" sizes=\"(max-width: 900px) 100vw, 900px\" \/><\/noscript><figcaption class=\"wp-element-caption\">.<\/figcaption><\/figure>\n\n\n\n<p class=\"wp-block-paragraph\">Dopo una decina di minuti per\u00f2 il sole tramonta ed il freddo diventa veramente insopportabile nonostante il piumino per cui mi rifugio in tenda. Sono le 21.30 e decido di fare l&#8217;unica cosa sensata in questo momento: <strong>dormire<\/strong>. Un sonno difficile con parecchi sogni agitati per via del vento, la tenda che vola a valle con il sottoscritto all&#8217;interno, l&#8217;arrivo dei lupi, l&#8217;elisoccorso che verr\u00e0 a prendermi domattina. Ad un certo punto sento abbaiare in lontananza e solo dopo qualche istante capisco che per via del vento i cani da pastore sembrano pi\u00f9 vicini di quel che in realt\u00e0 sono. <br>Ormai sono sveglio per cui apro la tenda e davanti a me c&#8217;\u00e8 uno spettacolo incredibile: nel fondovalle le automobili si muovono veloci ed alle mie spalle vedo la batteria dello Chaberton illuminata dalla luna. Sembra un sogno. Non scatto neanche una foto, fa veramente troppo freddo e ho un gran sonno per cui torno subito a riscaldarmi nel sacco a pelo che per il momento sta facendo il suo dovere. Mi riaddormento. C&#8217;\u00e8 un continuo e fortissimo rumore di aerei che vanno e vengono\u2026<br>Alle 3.45 il sacco a pelo dimostra i suoi limiti e sono nuovamente sveglio; spacco 6 scaldamani ma ne funzionano solo 3, metto i piedi nella borsa da sella insieme ad uno scaldino. Funziona!!! Metto i restanti 2 sulla pancia e nel piumino e tampono la situazione in attesa dell&#8217;alba: per esperienza, non appena sorge il sole, la tenda si scalda in un lampo. Chiudo gli occhi ma non \u00e8 un bel modo di dormire, a tratti il vento scuote la tenda in modo preoccupante. Poi mi sembra vedere una luce diversa, apro la cerniera e vedo che dietro al Rocciamelone ci sono le prime sfumature arancioni e viola, il sole sta arrivando e dopo pochi minuti la tenda inizia a scaldarsi ed io piombo in un sonno profondissimo.<\/p>\n\n\n\n<figure class=\"wp-block-image\"><img decoding=\"async\" width=\"900\" height=\"675\" data-src=\"https:\/\/www.lucaghigliano.it\/zioghilli\/wp-content\/uploads\/2019\/02\/DSC00542-2.jpg\" src=\"data:image\/gif;base64,R0lGODlhAQABAIAAAAAAAP\/\/\/yH5BAEAAAAALAAAAAABAAEAAAIBRAA7\" alt=\"\" class=\"wp-image-654 lazyload\"\/><noscript><img decoding=\"async\" width=\"900\" height=\"675\" src=\"https:\/\/www.lucaghigliano.it\/zioghilli\/wp-content\/uploads\/2019\/02\/DSC00542-2.jpg\" alt=\"\" class=\"wp-image-654\" srcset=\"https:\/\/www.lucaghigliano.it\/zioghilli\/wp-content\/uploads\/2019\/02\/DSC00542-2.jpg 900w, https:\/\/www.lucaghigliano.it\/zioghilli\/wp-content\/uploads\/2019\/02\/DSC00542-2-300x225.jpg 300w, https:\/\/www.lucaghigliano.it\/zioghilli\/wp-content\/uploads\/2019\/02\/DSC00542-2-768x576.jpg 768w, https:\/\/www.lucaghigliano.it\/zioghilli\/wp-content\/uploads\/2019\/02\/DSC00542-2-600x450.jpg 600w\" sizes=\"(max-width: 900px) 100vw, 900px\" \/><\/noscript><figcaption class=\"wp-element-caption\">.<\/figcaption><\/figure>\n\n\n\n<p class=\"wp-block-paragraph\">Apro gli occhi alle 7.30 o 7.45, non ricordo. In tenda c&#8217;\u00e8 un bel tepore e mi godo la soddisfazione di aver convissuto ed accettato le mie paure. Apro nuovamente la cerniera ed ora \u00e8 bellissimo essere l&#8217;unico lass\u00f9. <\/p>\n\n\n\n<figure class=\"wp-block-image\"><img decoding=\"async\" width=\"900\" height=\"675\" data-src=\"https:\/\/www.lucaghigliano.it\/zioghilli\/wp-content\/uploads\/2019\/02\/DSC00544.jpg\" src=\"data:image\/gif;base64,R0lGODlhAQABAIAAAAAAAP\/\/\/yH5BAEAAAAALAAAAAABAAEAAAIBRAA7\" alt=\"\" class=\"wp-image-655 lazyload\"\/><noscript><img decoding=\"async\" width=\"900\" height=\"675\" src=\"https:\/\/www.lucaghigliano.it\/zioghilli\/wp-content\/uploads\/2019\/02\/DSC00544.jpg\" alt=\"\" class=\"wp-image-655\" srcset=\"https:\/\/www.lucaghigliano.it\/zioghilli\/wp-content\/uploads\/2019\/02\/DSC00544.jpg 900w, https:\/\/www.lucaghigliano.it\/zioghilli\/wp-content\/uploads\/2019\/02\/DSC00544-300x225.jpg 300w, https:\/\/www.lucaghigliano.it\/zioghilli\/wp-content\/uploads\/2019\/02\/DSC00544-768x576.jpg 768w, https:\/\/www.lucaghigliano.it\/zioghilli\/wp-content\/uploads\/2019\/02\/DSC00544-600x450.jpg 600w\" sizes=\"(max-width: 900px) 100vw, 900px\" \/><\/noscript><figcaption class=\"wp-element-caption\">.<\/figcaption><\/figure>\n\n\n\n<p class=\"wp-block-paragraph\">Il cielo \u00e8 azzurro e la temperatura \u00e8 salita a 6 gradi che diventano 7.5 verso le 9.30. Cazzeggio abbondantemente.<\/p>\n\n\n\n<figure class=\"wp-block-image\"><img decoding=\"async\" width=\"900\" height=\"675\" data-src=\"https:\/\/www.lucaghigliano.it\/zioghilli\/wp-content\/uploads\/2019\/02\/DSC00548.jpg\" src=\"data:image\/gif;base64,R0lGODlhAQABAIAAAAAAAP\/\/\/yH5BAEAAAAALAAAAAABAAEAAAIBRAA7\" alt=\"\" class=\"wp-image-657 lazyload\"\/><noscript><img decoding=\"async\" width=\"900\" height=\"675\" src=\"https:\/\/www.lucaghigliano.it\/zioghilli\/wp-content\/uploads\/2019\/02\/DSC00548.jpg\" alt=\"\" class=\"wp-image-657\" srcset=\"https:\/\/www.lucaghigliano.it\/zioghilli\/wp-content\/uploads\/2019\/02\/DSC00548.jpg 900w, https:\/\/www.lucaghigliano.it\/zioghilli\/wp-content\/uploads\/2019\/02\/DSC00548-300x225.jpg 300w, https:\/\/www.lucaghigliano.it\/zioghilli\/wp-content\/uploads\/2019\/02\/DSC00548-768x576.jpg 768w, https:\/\/www.lucaghigliano.it\/zioghilli\/wp-content\/uploads\/2019\/02\/DSC00548-600x450.jpg 600w\" sizes=\"(max-width: 900px) 100vw, 900px\" \/><\/noscript><figcaption class=\"wp-element-caption\">Salgo sullo spiazzo e vedo il cono d&#8217;ombra dello Chaberton proiettato a chilometri di distanza: mi ricorda alcune foto di albe sul K2 in cui si vede la piramide sulle montagne circostanti<br>.<\/figcaption><\/figure>\n\n\n\n<figure class=\"wp-block-image\"><img decoding=\"async\" width=\"900\" height=\"675\" data-src=\"https:\/\/www.lucaghigliano.it\/zioghilli\/wp-content\/uploads\/2019\/02\/DSC00549-2.jpg\" src=\"data:image\/gif;base64,R0lGODlhAQABAIAAAAAAAP\/\/\/yH5BAEAAAAALAAAAAABAAEAAAIBRAA7\" alt=\"\" class=\"wp-image-658 lazyload\"\/><noscript><img decoding=\"async\" width=\"900\" height=\"675\" src=\"https:\/\/www.lucaghigliano.it\/zioghilli\/wp-content\/uploads\/2019\/02\/DSC00549-2.jpg\" alt=\"\" class=\"wp-image-658\" srcset=\"https:\/\/www.lucaghigliano.it\/zioghilli\/wp-content\/uploads\/2019\/02\/DSC00549-2.jpg 900w, https:\/\/www.lucaghigliano.it\/zioghilli\/wp-content\/uploads\/2019\/02\/DSC00549-2-300x225.jpg 300w, https:\/\/www.lucaghigliano.it\/zioghilli\/wp-content\/uploads\/2019\/02\/DSC00549-2-768x576.jpg 768w, https:\/\/www.lucaghigliano.it\/zioghilli\/wp-content\/uploads\/2019\/02\/DSC00549-2-600x450.jpg 600w\" sizes=\"(max-width: 900px) 100vw, 900px\" \/><\/noscript><figcaption class=\"wp-element-caption\">La Barre des Ecrins, sotto la quale c&#8217;\u00e8 il Col du Lautaret dove sono salito la settimana scorsa con la bici da strada.<br>.<\/figcaption><\/figure>\n\n\n\n<figure class=\"wp-block-image\"><img decoding=\"async\" width=\"900\" height=\"675\" data-src=\"https:\/\/www.lucaghigliano.it\/zioghilli\/wp-content\/uploads\/2019\/02\/DSC00552-2.jpg\" src=\"data:image\/gif;base64,R0lGODlhAQABAIAAAAAAAP\/\/\/yH5BAEAAAAALAAAAAABAAEAAAIBRAA7\" alt=\"\" class=\"wp-image-656 lazyload\"\/><noscript><img decoding=\"async\" width=\"900\" height=\"675\" src=\"https:\/\/www.lucaghigliano.it\/zioghilli\/wp-content\/uploads\/2019\/02\/DSC00552-2.jpg\" alt=\"\" class=\"wp-image-656\" srcset=\"https:\/\/www.lucaghigliano.it\/zioghilli\/wp-content\/uploads\/2019\/02\/DSC00552-2.jpg 900w, https:\/\/www.lucaghigliano.it\/zioghilli\/wp-content\/uploads\/2019\/02\/DSC00552-2-300x225.jpg 300w, https:\/\/www.lucaghigliano.it\/zioghilli\/wp-content\/uploads\/2019\/02\/DSC00552-2-768x576.jpg 768w, https:\/\/www.lucaghigliano.it\/zioghilli\/wp-content\/uploads\/2019\/02\/DSC00552-2-600x450.jpg 600w\" sizes=\"(max-width: 900px) 100vw, 900px\" \/><\/noscript><figcaption class=\"wp-element-caption\">Mamma mia quant&#8217;\u00e8 bello essere quass\u00f9 e vedere nuovamente le torri dorate\u2026<br>.<\/figcaption><\/figure>\n\n\n\n<figure class=\"wp-block-image\"><img decoding=\"async\" width=\"900\" height=\"675\" data-src=\"https:\/\/www.lucaghigliano.it\/zioghilli\/wp-content\/uploads\/2019\/02\/DSC00554-2.jpg\" src=\"data:image\/gif;base64,R0lGODlhAQABAIAAAAAAAP\/\/\/yH5BAEAAAAALAAAAAABAAEAAAIBRAA7\" alt=\"\" class=\"wp-image-659 lazyload\"\/><noscript><img decoding=\"async\" width=\"900\" height=\"675\" src=\"https:\/\/www.lucaghigliano.it\/zioghilli\/wp-content\/uploads\/2019\/02\/DSC00554-2.jpg\" alt=\"\" class=\"wp-image-659\" srcset=\"https:\/\/www.lucaghigliano.it\/zioghilli\/wp-content\/uploads\/2019\/02\/DSC00554-2.jpg 900w, https:\/\/www.lucaghigliano.it\/zioghilli\/wp-content\/uploads\/2019\/02\/DSC00554-2-300x225.jpg 300w, https:\/\/www.lucaghigliano.it\/zioghilli\/wp-content\/uploads\/2019\/02\/DSC00554-2-768x576.jpg 768w, https:\/\/www.lucaghigliano.it\/zioghilli\/wp-content\/uploads\/2019\/02\/DSC00554-2-600x450.jpg 600w\" sizes=\"(max-width: 900px) 100vw, 900px\" \/><\/noscript><figcaption class=\"wp-element-caption\">.<\/figcaption><\/figure>\n\n\n\n<figure class=\"wp-block-image\"><img decoding=\"async\" width=\"900\" height=\"675\" data-src=\"https:\/\/www.lucaghigliano.it\/zioghilli\/wp-content\/uploads\/2019\/02\/DSC00556.jpg\" src=\"data:image\/gif;base64,R0lGODlhAQABAIAAAAAAAP\/\/\/yH5BAEAAAAALAAAAAABAAEAAAIBRAA7\" alt=\"\" class=\"wp-image-660 lazyload\"\/><noscript><img decoding=\"async\" width=\"900\" height=\"675\" src=\"https:\/\/www.lucaghigliano.it\/zioghilli\/wp-content\/uploads\/2019\/02\/DSC00556.jpg\" alt=\"\" class=\"wp-image-660\" srcset=\"https:\/\/www.lucaghigliano.it\/zioghilli\/wp-content\/uploads\/2019\/02\/DSC00556.jpg 900w, https:\/\/www.lucaghigliano.it\/zioghilli\/wp-content\/uploads\/2019\/02\/DSC00556-300x225.jpg 300w, https:\/\/www.lucaghigliano.it\/zioghilli\/wp-content\/uploads\/2019\/02\/DSC00556-768x576.jpg 768w, https:\/\/www.lucaghigliano.it\/zioghilli\/wp-content\/uploads\/2019\/02\/DSC00556-600x450.jpg 600w\" sizes=\"(max-width: 900px) 100vw, 900px\" \/><\/noscript><figcaption class=\"wp-element-caption\">Monginevro e pi\u00f9 in fondo Briancon<\/figcaption><\/figure>\n\n\n\n<figure class=\"wp-block-image\"><img decoding=\"async\" width=\"900\" height=\"675\" data-src=\"https:\/\/www.lucaghigliano.it\/zioghilli\/wp-content\/uploads\/2019\/02\/DSC00557-2.jpg\" src=\"data:image\/gif;base64,R0lGODlhAQABAIAAAAAAAP\/\/\/yH5BAEAAAAALAAAAAABAAEAAAIBRAA7\" alt=\"\" class=\"wp-image-661 lazyload\"\/><noscript><img decoding=\"async\" width=\"900\" height=\"675\" src=\"https:\/\/www.lucaghigliano.it\/zioghilli\/wp-content\/uploads\/2019\/02\/DSC00557-2.jpg\" alt=\"\" class=\"wp-image-661\" srcset=\"https:\/\/www.lucaghigliano.it\/zioghilli\/wp-content\/uploads\/2019\/02\/DSC00557-2.jpg 900w, https:\/\/www.lucaghigliano.it\/zioghilli\/wp-content\/uploads\/2019\/02\/DSC00557-2-300x225.jpg 300w, https:\/\/www.lucaghigliano.it\/zioghilli\/wp-content\/uploads\/2019\/02\/DSC00557-2-768x576.jpg 768w, https:\/\/www.lucaghigliano.it\/zioghilli\/wp-content\/uploads\/2019\/02\/DSC00557-2-600x450.jpg 600w\" sizes=\"(max-width: 900px) 100vw, 900px\" \/><\/noscript><figcaption class=\"wp-element-caption\">Il Monte Bianco<\/figcaption><\/figure>\n\n\n\n<figure class=\"wp-block-image\"><img decoding=\"async\" width=\"900\" height=\"675\" data-src=\"https:\/\/www.lucaghigliano.it\/zioghilli\/wp-content\/uploads\/2019\/02\/DSC00558-2.jpg\" src=\"data:image\/gif;base64,R0lGODlhAQABAIAAAAAAAP\/\/\/yH5BAEAAAAALAAAAAABAAEAAAIBRAA7\" alt=\"\" class=\"wp-image-662 lazyload\"\/><noscript><img decoding=\"async\" width=\"900\" height=\"675\" src=\"https:\/\/www.lucaghigliano.it\/zioghilli\/wp-content\/uploads\/2019\/02\/DSC00558-2.jpg\" alt=\"\" class=\"wp-image-662\" srcset=\"https:\/\/www.lucaghigliano.it\/zioghilli\/wp-content\/uploads\/2019\/02\/DSC00558-2.jpg 900w, https:\/\/www.lucaghigliano.it\/zioghilli\/wp-content\/uploads\/2019\/02\/DSC00558-2-300x225.jpg 300w, https:\/\/www.lucaghigliano.it\/zioghilli\/wp-content\/uploads\/2019\/02\/DSC00558-2-768x576.jpg 768w, https:\/\/www.lucaghigliano.it\/zioghilli\/wp-content\/uploads\/2019\/02\/DSC00558-2-600x450.jpg 600w\" sizes=\"(max-width: 900px) 100vw, 900px\" \/><\/noscript><figcaption class=\"wp-element-caption\">Il Monviso<\/figcaption><\/figure>\n\n\n\n<figure class=\"wp-block-image\"><img decoding=\"async\" width=\"900\" height=\"675\" data-src=\"https:\/\/www.lucaghigliano.it\/zioghilli\/wp-content\/uploads\/2019\/02\/DSC00560-2.jpg\" src=\"data:image\/gif;base64,R0lGODlhAQABAIAAAAAAAP\/\/\/yH5BAEAAAAALAAAAAABAAEAAAIBRAA7\" alt=\"\" class=\"wp-image-663 lazyload\"\/><noscript><img decoding=\"async\" width=\"900\" height=\"675\" src=\"https:\/\/www.lucaghigliano.it\/zioghilli\/wp-content\/uploads\/2019\/02\/DSC00560-2.jpg\" alt=\"\" class=\"wp-image-663\" srcset=\"https:\/\/www.lucaghigliano.it\/zioghilli\/wp-content\/uploads\/2019\/02\/DSC00560-2.jpg 900w, https:\/\/www.lucaghigliano.it\/zioghilli\/wp-content\/uploads\/2019\/02\/DSC00560-2-300x225.jpg 300w, https:\/\/www.lucaghigliano.it\/zioghilli\/wp-content\/uploads\/2019\/02\/DSC00560-2-768x576.jpg 768w, https:\/\/www.lucaghigliano.it\/zioghilli\/wp-content\/uploads\/2019\/02\/DSC00560-2-600x450.jpg 600w\" sizes=\"(max-width: 900px) 100vw, 900px\" \/><\/noscript><figcaption class=\"wp-element-caption\">Vado a fare quattro passi all&#8217;interno<\/figcaption><\/figure>\n\n\n\n<figure class=\"wp-block-image\"><img decoding=\"async\" width=\"900\" height=\"675\" data-src=\"https:\/\/www.lucaghigliano.it\/zioghilli\/wp-content\/uploads\/2019\/02\/DSC00561-2.jpg\" src=\"data:image\/gif;base64,R0lGODlhAQABAIAAAAAAAP\/\/\/yH5BAEAAAAALAAAAAABAAEAAAIBRAA7\" alt=\"\" class=\"wp-image-664 lazyload\"\/><noscript><img decoding=\"async\" width=\"900\" height=\"675\" src=\"https:\/\/www.lucaghigliano.it\/zioghilli\/wp-content\/uploads\/2019\/02\/DSC00561-2.jpg\" alt=\"\" class=\"wp-image-664\" srcset=\"https:\/\/www.lucaghigliano.it\/zioghilli\/wp-content\/uploads\/2019\/02\/DSC00561-2.jpg 900w, https:\/\/www.lucaghigliano.it\/zioghilli\/wp-content\/uploads\/2019\/02\/DSC00561-2-300x225.jpg 300w, https:\/\/www.lucaghigliano.it\/zioghilli\/wp-content\/uploads\/2019\/02\/DSC00561-2-768x576.jpg 768w, https:\/\/www.lucaghigliano.it\/zioghilli\/wp-content\/uploads\/2019\/02\/DSC00561-2-600x450.jpg 600w\" sizes=\"(max-width: 900px) 100vw, 900px\" \/><\/noscript><figcaption class=\"wp-element-caption\">L&#8217;interno delle torri<\/figcaption><\/figure>\n\n\n\n<figure class=\"wp-block-image\"><img decoding=\"async\" width=\"900\" height=\"675\" data-src=\"https:\/\/www.lucaghigliano.it\/zioghilli\/wp-content\/uploads\/2019\/02\/DSC00563.jpg\" src=\"data:image\/gif;base64,R0lGODlhAQABAIAAAAAAAP\/\/\/yH5BAEAAAAALAAAAAABAAEAAAIBRAA7\" alt=\"\" class=\"wp-image-665 lazyload\"\/><noscript><img decoding=\"async\" width=\"900\" height=\"675\" src=\"https:\/\/www.lucaghigliano.it\/zioghilli\/wp-content\/uploads\/2019\/02\/DSC00563.jpg\" alt=\"\" class=\"wp-image-665\" srcset=\"https:\/\/www.lucaghigliano.it\/zioghilli\/wp-content\/uploads\/2019\/02\/DSC00563.jpg 900w, https:\/\/www.lucaghigliano.it\/zioghilli\/wp-content\/uploads\/2019\/02\/DSC00563-300x225.jpg 300w, https:\/\/www.lucaghigliano.it\/zioghilli\/wp-content\/uploads\/2019\/02\/DSC00563-768x576.jpg 768w, https:\/\/www.lucaghigliano.it\/zioghilli\/wp-content\/uploads\/2019\/02\/DSC00563-600x450.jpg 600w\" sizes=\"(max-width: 900px) 100vw, 900px\" \/><\/noscript><figcaption class=\"wp-element-caption\">L&#8217;arrivo della funicolare. Vista sul Sestriere, in lontananza<\/figcaption><\/figure>\n\n\n\n<figure class=\"wp-block-image\"><img decoding=\"async\" width=\"900\" height=\"675\" data-src=\"https:\/\/www.lucaghigliano.it\/zioghilli\/wp-content\/uploads\/2019\/02\/DSC00564-2.jpg\" src=\"data:image\/gif;base64,R0lGODlhAQABAIAAAAAAAP\/\/\/yH5BAEAAAAALAAAAAABAAEAAAIBRAA7\" alt=\"\" class=\"wp-image-666 lazyload\"\/><noscript><img decoding=\"async\" width=\"900\" height=\"675\" src=\"https:\/\/www.lucaghigliano.it\/zioghilli\/wp-content\/uploads\/2019\/02\/DSC00564-2.jpg\" alt=\"\" class=\"wp-image-666\" srcset=\"https:\/\/www.lucaghigliano.it\/zioghilli\/wp-content\/uploads\/2019\/02\/DSC00564-2.jpg 900w, https:\/\/www.lucaghigliano.it\/zioghilli\/wp-content\/uploads\/2019\/02\/DSC00564-2-300x225.jpg 300w, https:\/\/www.lucaghigliano.it\/zioghilli\/wp-content\/uploads\/2019\/02\/DSC00564-2-768x576.jpg 768w, https:\/\/www.lucaghigliano.it\/zioghilli\/wp-content\/uploads\/2019\/02\/DSC00564-2-600x450.jpg 600w\" sizes=\"(max-width: 900px) 100vw, 900px\" \/><\/noscript><figcaption class=\"wp-element-caption\">La torre colpita durante il bombardamento francese vista dalla funicolare<\/figcaption><\/figure>\n\n\n\n<figure class=\"wp-block-image\"><img decoding=\"async\" width=\"900\" height=\"675\" data-src=\"https:\/\/www.lucaghigliano.it\/zioghilli\/wp-content\/uploads\/2019\/02\/DSC00567-2.jpg\" src=\"data:image\/gif;base64,R0lGODlhAQABAIAAAAAAAP\/\/\/yH5BAEAAAAALAAAAAABAAEAAAIBRAA7\" alt=\"\" class=\"wp-image-667 lazyload\"\/><noscript><img decoding=\"async\" width=\"900\" height=\"675\" src=\"https:\/\/www.lucaghigliano.it\/zioghilli\/wp-content\/uploads\/2019\/02\/DSC00567-2.jpg\" alt=\"\" class=\"wp-image-667\" srcset=\"https:\/\/www.lucaghigliano.it\/zioghilli\/wp-content\/uploads\/2019\/02\/DSC00567-2.jpg 900w, https:\/\/www.lucaghigliano.it\/zioghilli\/wp-content\/uploads\/2019\/02\/DSC00567-2-300x225.jpg 300w, https:\/\/www.lucaghigliano.it\/zioghilli\/wp-content\/uploads\/2019\/02\/DSC00567-2-768x576.jpg 768w, https:\/\/www.lucaghigliano.it\/zioghilli\/wp-content\/uploads\/2019\/02\/DSC00567-2-600x450.jpg 600w\" sizes=\"(max-width: 900px) 100vw, 900px\" \/><\/noscript><figcaption class=\"wp-element-caption\">Il fondovalle ancora in ombra. Si vede Salice d&#8217;Ulzio<\/figcaption><\/figure>\n\n\n\n<figure class=\"wp-block-image\"><img decoding=\"async\" width=\"900\" height=\"675\" data-src=\"https:\/\/www.lucaghigliano.it\/zioghilli\/wp-content\/uploads\/2019\/02\/DSC00575-2.jpg\" src=\"data:image\/gif;base64,R0lGODlhAQABAIAAAAAAAP\/\/\/yH5BAEAAAAALAAAAAABAAEAAAIBRAA7\" alt=\"\" class=\"wp-image-668 lazyload\"\/><noscript><img decoding=\"async\" width=\"900\" height=\"675\" src=\"https:\/\/www.lucaghigliano.it\/zioghilli\/wp-content\/uploads\/2019\/02\/DSC00575-2.jpg\" alt=\"\" class=\"wp-image-668\" srcset=\"https:\/\/www.lucaghigliano.it\/zioghilli\/wp-content\/uploads\/2019\/02\/DSC00575-2.jpg 900w, https:\/\/www.lucaghigliano.it\/zioghilli\/wp-content\/uploads\/2019\/02\/DSC00575-2-300x225.jpg 300w, https:\/\/www.lucaghigliano.it\/zioghilli\/wp-content\/uploads\/2019\/02\/DSC00575-2-768x576.jpg 768w, https:\/\/www.lucaghigliano.it\/zioghilli\/wp-content\/uploads\/2019\/02\/DSC00575-2-600x450.jpg 600w\" sizes=\"(max-width: 900px) 100vw, 900px\" \/><\/noscript><figcaption class=\"wp-element-caption\">.<\/figcaption><\/figure>\n\n\n\n<p class=\"wp-block-paragraph\">E poi decido di farmi un bel selfie con tutti gli elementi di quest&#8217;avventura: lo Chaberton, la tenda, la Kahuna e la soddisfazione stampata sul mio faccione, non manca nulla \ud83d\ude42<br>In questo &#8220;selfie&#8221; ci sono 3 sogni avverati:<br>1\u00b0 dormire lass\u00f9<br>2\u00b0 scalarlo in bici<br>3\u00b0 cagarmi veramente addosso per la solitudine<br><br>Tutti e tre avverati, assorbiti, metabolizzati. Forse. Serenamente posso dire di essere soddisfatto&#8230; <\/p>\n\n\n\n<figure class=\"wp-block-image\"><img decoding=\"async\" width=\"900\" height=\"675\" data-src=\"https:\/\/www.lucaghigliano.it\/zioghilli\/wp-content\/uploads\/2019\/02\/DSC00578-2.jpg\" src=\"data:image\/gif;base64,R0lGODlhAQABAIAAAAAAAP\/\/\/yH5BAEAAAAALAAAAAABAAEAAAIBRAA7\" alt=\"\" class=\"wp-image-669 lazyload\"\/><noscript><img decoding=\"async\" width=\"900\" height=\"675\" src=\"https:\/\/www.lucaghigliano.it\/zioghilli\/wp-content\/uploads\/2019\/02\/DSC00578-2.jpg\" alt=\"\" class=\"wp-image-669\" srcset=\"https:\/\/www.lucaghigliano.it\/zioghilli\/wp-content\/uploads\/2019\/02\/DSC00578-2.jpg 900w, https:\/\/www.lucaghigliano.it\/zioghilli\/wp-content\/uploads\/2019\/02\/DSC00578-2-300x225.jpg 300w, https:\/\/www.lucaghigliano.it\/zioghilli\/wp-content\/uploads\/2019\/02\/DSC00578-2-768x576.jpg 768w, https:\/\/www.lucaghigliano.it\/zioghilli\/wp-content\/uploads\/2019\/02\/DSC00578-2-600x450.jpg 600w\" sizes=\"(max-width: 900px) 100vw, 900px\" \/><\/noscript><figcaption class=\"wp-element-caption\">.<\/figcaption><\/figure>\n\n\n\n<p class=\"wp-block-paragraph\">E&#8217; emozionante e mi sento molto sereno ed in pace con me stesso: capisco che la scelta di non tornare a valle \u00e8 stata quella giusta. Mangio qualcosa, poi smonto la tenda e sistemo il piazzale esattamente come l&#8217;avevo trovato; ancora qualche foto, ringrazio la montagna per avermi <strong>spronato, accudito e protetto<\/strong>. Sistemo le borse e poi mi preparo a scendere\u2026<\/p>\n\n\n\n<figure class=\"wp-block-image\"><img decoding=\"async\" width=\"900\" height=\"675\" data-src=\"https:\/\/www.lucaghigliano.it\/zioghilli\/wp-content\/uploads\/2019\/02\/DSC00580-2.jpg\" src=\"data:image\/gif;base64,R0lGODlhAQABAIAAAAAAAP\/\/\/yH5BAEAAAAALAAAAAABAAEAAAIBRAA7\" alt=\"\" class=\"wp-image-670 lazyload\"\/><noscript><img decoding=\"async\" width=\"900\" height=\"675\" src=\"https:\/\/www.lucaghigliano.it\/zioghilli\/wp-content\/uploads\/2019\/02\/DSC00580-2.jpg\" alt=\"\" class=\"wp-image-670\" srcset=\"https:\/\/www.lucaghigliano.it\/zioghilli\/wp-content\/uploads\/2019\/02\/DSC00580-2.jpg 900w, https:\/\/www.lucaghigliano.it\/zioghilli\/wp-content\/uploads\/2019\/02\/DSC00580-2-300x225.jpg 300w, https:\/\/www.lucaghigliano.it\/zioghilli\/wp-content\/uploads\/2019\/02\/DSC00580-2-768x576.jpg 768w, https:\/\/www.lucaghigliano.it\/zioghilli\/wp-content\/uploads\/2019\/02\/DSC00580-2-600x450.jpg 600w\" sizes=\"(max-width: 900px) 100vw, 900px\" \/><\/noscript><figcaption class=\"wp-element-caption\">A guardare gi\u00f9 \u00e8 impressionante pensare di scendere da qua in sella ad una bicicletta<\/figcaption><\/figure>\n\n\n\n<figure class=\"wp-block-image\"><img decoding=\"async\" width=\"900\" height=\"675\" data-src=\"https:\/\/www.lucaghigliano.it\/zioghilli\/wp-content\/uploads\/2019\/02\/DSC00581.jpg\" src=\"data:image\/gif;base64,R0lGODlhAQABAIAAAAAAAP\/\/\/yH5BAEAAAAALAAAAAABAAEAAAIBRAA7\" alt=\"\" class=\"wp-image-671 lazyload\"\/><noscript><img decoding=\"async\" width=\"900\" height=\"675\" src=\"https:\/\/www.lucaghigliano.it\/zioghilli\/wp-content\/uploads\/2019\/02\/DSC00581.jpg\" alt=\"\" class=\"wp-image-671\" srcset=\"https:\/\/www.lucaghigliano.it\/zioghilli\/wp-content\/uploads\/2019\/02\/DSC00581.jpg 900w, https:\/\/www.lucaghigliano.it\/zioghilli\/wp-content\/uploads\/2019\/02\/DSC00581-300x225.jpg 300w, https:\/\/www.lucaghigliano.it\/zioghilli\/wp-content\/uploads\/2019\/02\/DSC00581-768x576.jpg 768w, https:\/\/www.lucaghigliano.it\/zioghilli\/wp-content\/uploads\/2019\/02\/DSC00581-600x450.jpg 600w\" sizes=\"(max-width: 900px) 100vw, 900px\" \/><\/noscript><figcaption class=\"wp-element-caption\">.<\/figcaption><\/figure>\n\n\n\n<p class=\"wp-block-paragraph\">Ed infatti primi metri in sella sono di pura vertigine: la pendenza a lato del sentiero \u00e8 tale che sembra di volare sospesi con un filo immaginario che collega la Barre des Ecrins con il Rocciamelone. Dopo qualche metro devo fermarmi, respirare, placare le emozioni e ripartire. Da qui in poi c&#8217;\u00e8 solo il piacere della discesa, l&#8217;assaporare la forza di gravit\u00e0 che ti accompagna verso valle su un sentiero tutt&#8217;altro che tecnico ma estremamente piacevole, incastonato tra pareti di roccia e paesaggi lunari. Incrocio i primi escursionisti a piedi poco prima del colle. Poi inizio la discesa verso Pian dei Morti, qua il sentiero \u00e8 un po&#8217; pi\u00f9 tecnico ma nulla di impressionante, pi\u00f9 che altro il fondo \u00e8 disastrato. Arrivo alla Rocca Tagliata e poi la zona dei tornanti, dove incontro un inglese con una Fantic fat-bike elettrica che procede\u2026 a spinta. Strano: avrei pensato proprio ad una fat come alla bici ideale per galleggiare su questa poltiglia pietrosa. Invece non pare essere sufficiente neanche l&#8217;aiuto elettrico.<\/p>\n\n\n\n<figure class=\"wp-block-image\"><img decoding=\"async\" width=\"900\" height=\"675\" data-src=\"https:\/\/www.lucaghigliano.it\/zioghilli\/wp-content\/uploads\/2019\/02\/DSC00587.jpg\" src=\"data:image\/gif;base64,R0lGODlhAQABAIAAAAAAAP\/\/\/yH5BAEAAAAALAAAAAABAAEAAAIBRAA7\" alt=\"\" class=\"wp-image-672 lazyload\"\/><noscript><img decoding=\"async\" width=\"900\" height=\"675\" src=\"https:\/\/www.lucaghigliano.it\/zioghilli\/wp-content\/uploads\/2019\/02\/DSC00587.jpg\" alt=\"\" class=\"wp-image-672\" srcset=\"https:\/\/www.lucaghigliano.it\/zioghilli\/wp-content\/uploads\/2019\/02\/DSC00587.jpg 900w, https:\/\/www.lucaghigliano.it\/zioghilli\/wp-content\/uploads\/2019\/02\/DSC00587-300x225.jpg 300w, https:\/\/www.lucaghigliano.it\/zioghilli\/wp-content\/uploads\/2019\/02\/DSC00587-768x576.jpg 768w, https:\/\/www.lucaghigliano.it\/zioghilli\/wp-content\/uploads\/2019\/02\/DSC00587-600x450.jpg 600w\" sizes=\"(max-width: 900px) 100vw, 900px\" \/><\/noscript><figcaption class=\"wp-element-caption\">.<\/figcaption><\/figure>\n\n\n\n<p class=\"wp-block-paragraph\">\n\nDa questo punto in poi la strada diventa pulita e veloce ed in un attimo sono Fenils, mi volto a guardare la cima: poche decine di minuti fa ero lass\u00f9, un ultimo saluto allo Chaberton, lo ringrazio di avermi concesso la possibilit\u00e0 di salire, perch\u00e8 a pensarci bene non siamo noi umani a &#8220;scalare&#8221; le montagne ma sono queste ultime a &#8220;lasciarsi scalare&#8221;. Ed in questo caso \u00e8 stato proprio cos\u00ec.\n\n<\/p>\n\n\n\n<figure class=\"wp-block-image\"><img decoding=\"async\" width=\"900\" height=\"675\" data-src=\"https:\/\/www.lucaghigliano.it\/zioghilli\/wp-content\/uploads\/2019\/02\/DSC00589-2.jpg\" src=\"data:image\/gif;base64,R0lGODlhAQABAIAAAAAAAP\/\/\/yH5BAEAAAAALAAAAAABAAEAAAIBRAA7\" alt=\"\" class=\"wp-image-673 lazyload\"\/><noscript><img decoding=\"async\" width=\"900\" height=\"675\" src=\"https:\/\/www.lucaghigliano.it\/zioghilli\/wp-content\/uploads\/2019\/02\/DSC00589-2.jpg\" alt=\"\" class=\"wp-image-673\" srcset=\"https:\/\/www.lucaghigliano.it\/zioghilli\/wp-content\/uploads\/2019\/02\/DSC00589-2.jpg 900w, https:\/\/www.lucaghigliano.it\/zioghilli\/wp-content\/uploads\/2019\/02\/DSC00589-2-300x225.jpg 300w, https:\/\/www.lucaghigliano.it\/zioghilli\/wp-content\/uploads\/2019\/02\/DSC00589-2-768x576.jpg 768w, https:\/\/www.lucaghigliano.it\/zioghilli\/wp-content\/uploads\/2019\/02\/DSC00589-2-600x450.jpg 600w\" sizes=\"(max-width: 900px) 100vw, 900px\" \/><\/noscript><figcaption class=\"wp-element-caption\">.<\/figcaption><\/figure>\n\n\n\n<p class=\"wp-block-paragraph\"> Da qua \u00e8 tutto asfalto fino a Oulx ed alla stazione ferroviaria, esattamente dove ho iniziato a pedalare 8 giorni prima. E&#8217; un anello, <strong>fisico ed emotivo<\/strong>,che si \u00e8 chiuso. E&#8217; stato bellissimo. Spaventosamente bello. <br>Nei giorni successivi far\u00f2 ancora un&#8217;ultima salita a Bielmonte con&nbsp;Gianluca&nbsp;e&nbsp;Manuel&nbsp;e la cosa che mi stupir\u00e0 sar\u00e0 la quasi totale assenza di fatica durante l&#8217;ascensione. E proprio con Bielmonte concludo 14 giorni esclusivamente dedicati alla bicicletta per un totale di 10.300 di dislivello. Solitamente li facevo in 6 mesi o pi\u00f9, se me l&#8217;avessero raccontato a Febbraio non ci avrei creduto. Come direbbe il Sic: DioB\u00f2 che spettacolo raga!!!&nbsp;\ud83d\ude42<\/p>\n\n\n\n<p class=\"has-text-align-center wp-block-paragraph\">&#x2b06;&#xfe0f; <strong>TI \u00c8 PIACIUTO L&#8217;ARTICOLO?<\/strong> &#x2b06;&#xfe0f;<br>L&#8217;interazione con i lettori \u00e8 una delle maggiori soddisfazioni di un blogger!<br>&#x1f642;&#x1f643;<br>Lascia un commento qui sotto e ti risponder\u00f2 al pi\u00f9 presto<br>&#x2b07;&#xfe0f;&#x2b07;&#xfe0f;&#x2b07;&#xfe0f;<\/p>\n","protected":false},"excerpt":{"rendered":"<p>La fortezza dello Chaberton in MTB &#8211; storie di Mountain bike e cicloalpinismo in Piemonte ed in val Susa <\/p>\n","protected":false},"author":1,"featured_media":1525,"comment_status":"open","ping_status":"open","sticky":false,"template":"","format":"standard","meta":{"footnotes":""},"categories":[1,6],"tags":[19,51,26,10,29,15,17,42],"class_list":["post-632","post","type-post","status-publish","format-standard","has-post-thumbnail","hentry","category-blog","category-bici","tag-bikepacking","tag-kona-kahuna","tag-mountain-bike","tag-mountain-bike-piemonte","tag-mountain-bike-torino","tag-mtb-in-val-susa","tag-oltre-3000m-in-mtb","tag-viaggiare-in-mtb"],"_links":{"self":[{"href":"https:\/\/www.lucaghigliano.it\/zioghilli\/wp-json\/wp\/v2\/posts\/632","targetHints":{"allow":["GET"]}}],"collection":[{"href":"https:\/\/www.lucaghigliano.it\/zioghilli\/wp-json\/wp\/v2\/posts"}],"about":[{"href":"https:\/\/www.lucaghigliano.it\/zioghilli\/wp-json\/wp\/v2\/types\/post"}],"author":[{"embeddable":true,"href":"https:\/\/www.lucaghigliano.it\/zioghilli\/wp-json\/wp\/v2\/users\/1"}],"replies":[{"embeddable":true,"href":"https:\/\/www.lucaghigliano.it\/zioghilli\/wp-json\/wp\/v2\/comments?post=632"}],"version-history":[{"count":0,"href":"https:\/\/www.lucaghigliano.it\/zioghilli\/wp-json\/wp\/v2\/posts\/632\/revisions"}],"wp:featuredmedia":[{"embeddable":true,"href":"https:\/\/www.lucaghigliano.it\/zioghilli\/wp-json\/wp\/v2\/media\/1525"}],"wp:attachment":[{"href":"https:\/\/www.lucaghigliano.it\/zioghilli\/wp-json\/wp\/v2\/media?parent=632"}],"wp:term":[{"taxonomy":"category","embeddable":true,"href":"https:\/\/www.lucaghigliano.it\/zioghilli\/wp-json\/wp\/v2\/categories?post=632"},{"taxonomy":"post_tag","embeddable":true,"href":"https:\/\/www.lucaghigliano.it\/zioghilli\/wp-json\/wp\/v2\/tags?post=632"}],"curies":[{"name":"wp","href":"https:\/\/api.w.org\/{rel}","templated":true}]}}