{"id":676,"date":"2012-07-28T09:28:26","date_gmt":"2012-07-28T08:28:26","guid":{"rendered":"http:\/\/www.lucaghigliano.it\/zioghilli\/?p=676"},"modified":"2025-09-01T16:10:20","modified_gmt":"2025-09-01T15:10:20","slug":"la-via-della-susina","status":"publish","type":"post","link":"https:\/\/www.lucaghigliano.it\/zioghilli\/la-via-della-susina\/","title":{"rendered":"La Via della Susina &#8211; 2012"},"content":{"rendered":"\n<p class=\"wp-block-paragraph\">Avevo iniziato a scrivere il raccontino della VdS 2012 il giorno prima della partenza, una lunga e forse inutile prefazione sulla nuova location, sulla mancanza di Mirko e Caneparo e sull&#8217;arrivo dello SteB e di nuove moto pi\u00f9 leggere ma meno&nbsp;<em>da viaggio<\/em>.&nbsp;<br>Ora, a fine tour, tutto quello che avevo scritto ha perso di significato. Quindi non lo pubblico neanche. Il tutto si \u00e8 sgretolato quando sono arrivato a casa e ho visto una foto&#8230; <\/p>\n\n\n\n<figure class=\"wp-block-image\"><img decoding=\"async\" width=\"900\" height=\"602\" data-src=\"https:\/\/www.lucaghigliano.it\/zioghilli\/wp-content\/uploads\/2019\/02\/DSF7634.jpg\" src=\"data:image\/gif;base64,R0lGODlhAQABAIAAAAAAAP\/\/\/yH5BAEAAAAALAAAAAABAAEAAAIBRAA7\" alt=\"\" class=\"wp-image-678 lazyload\"\/><noscript><img decoding=\"async\" width=\"900\" height=\"602\" src=\"https:\/\/www.lucaghigliano.it\/zioghilli\/wp-content\/uploads\/2019\/02\/DSF7634.jpg\" alt=\"\" class=\"wp-image-678\" srcset=\"https:\/\/www.lucaghigliano.it\/zioghilli\/wp-content\/uploads\/2019\/02\/DSF7634.jpg 900w, https:\/\/www.lucaghigliano.it\/zioghilli\/wp-content\/uploads\/2019\/02\/DSF7634-300x201.jpg 300w, https:\/\/www.lucaghigliano.it\/zioghilli\/wp-content\/uploads\/2019\/02\/DSF7634-768x514.jpg 768w, https:\/\/www.lucaghigliano.it\/zioghilli\/wp-content\/uploads\/2019\/02\/DSF7634-600x401.jpg 600w\" sizes=\"(max-width: 900px) 100vw, 900px\" \/><\/noscript><figcaption class=\"wp-element-caption\">Jafferau Motel &#8211; 2.805m &#8211; 28.07.2012 &#8211; h 23.04<br>.<\/figcaption><\/figure>\n\n\n\n<p class=\"wp-block-paragraph\">Questa foto rappresenta al 100% tutto ci\u00f2 che cerco nel motociclismo ed in particolare nel fuoristrada, riassume tutto ci\u00f2 che vorrei provare quando accendo la mia moto. <strong>Libert\u00e0. Solitudine. Serenit\u00e0. Silenzio&#8230;<\/strong><br>E&#8217; vero. La parola&nbsp;<em>silenzio<\/em>&nbsp;\u00e8 in contrasto con un oggetto, la moto, che per muoversi brucia benzina ed emette puzza e rumore, ma ci sono modi e modi di&nbsp;<em>fare rumore<\/em>. Questo concetto \u00e8 in stretto contatto con la parola&nbsp;<em>solitudine<\/em>&nbsp;perch\u00e8 per essere silenziosi e passare inosservati bisogna essere pochi. Ma buoni. E se la compagnia \u00e8 buona c&#8217;\u00e8&nbsp;<em>serenit\u00e0<\/em>, voglia di andare in giro aspettandosi e aiutandosi a vicenda anche al termine di una giornata faticosa che si conclude a 2.805m. Sulla punta di una montagna. A quel punto, davanti ad un panorama mozzafiato, intuisci qual&#8217;\u00e8 il vero significato della parola&nbsp;<em>libert\u00e0<\/em>&#8230;<br>&#8212;&#8212;&#8212;&#8212;&#8212;&#8212;&#8212;&#8212;&#8212;&#8212;-<br>Ritorniamo indietro di una ventina di ore quando, alle 6.00 suona la sveglia ed inizio a deambulare alla ricerca dei vari pezzi della vestizione che ho seminato per casa. Dopo circa mezz&#8217;ora sono in sella immerso nella luce di un&#8217;alba insolitamente colorata, considerando che siamo nella afosa e umida pianura.&nbsp;<br>Dirigo verso l&#8217;uscita di Chivasso Ovest con il piccolo monocilindrico che sembra esplodere quando tento di tenere medie di 100km orari anche se sta girando a poco meno di 6.000 giri al minuto. Dopo pochissimo arriva anche lo SteB.<\/p>\n\n\n\n<figure class=\"wp-block-image\"><img decoding=\"async\" width=\"900\" height=\"602\" data-src=\"https:\/\/www.lucaghigliano.it\/zioghilli\/wp-content\/uploads\/2019\/02\/DSF7491.jpg\" src=\"data:image\/gif;base64,R0lGODlhAQABAIAAAAAAAP\/\/\/yH5BAEAAAAALAAAAAABAAEAAAIBRAA7\" alt=\"\" class=\"wp-image-679 lazyload\"\/><noscript><img decoding=\"async\" width=\"900\" height=\"602\" src=\"https:\/\/www.lucaghigliano.it\/zioghilli\/wp-content\/uploads\/2019\/02\/DSF7491.jpg\" alt=\"\" class=\"wp-image-679\" srcset=\"https:\/\/www.lucaghigliano.it\/zioghilli\/wp-content\/uploads\/2019\/02\/DSF7491.jpg 900w, https:\/\/www.lucaghigliano.it\/zioghilli\/wp-content\/uploads\/2019\/02\/DSF7491-300x201.jpg 300w, https:\/\/www.lucaghigliano.it\/zioghilli\/wp-content\/uploads\/2019\/02\/DSF7491-768x514.jpg 768w, https:\/\/www.lucaghigliano.it\/zioghilli\/wp-content\/uploads\/2019\/02\/DSF7491-600x401.jpg 600w\" sizes=\"(max-width: 900px) 100vw, 900px\" \/><\/noscript><figcaption class=\"wp-element-caption\">Alba &#8211; h 6.43<br>.<\/figcaption><\/figure>\n\n\n\n<figure class=\"wp-block-image\"><img decoding=\"async\" width=\"900\" height=\"602\" data-src=\"https:\/\/www.lucaghigliano.it\/zioghilli\/wp-content\/uploads\/2019\/02\/DSF7493.jpg\" src=\"data:image\/gif;base64,R0lGODlhAQABAIAAAAAAAP\/\/\/yH5BAEAAAAALAAAAAABAAEAAAIBRAA7\" alt=\"\" class=\"wp-image-680 lazyload\"\/><noscript><img decoding=\"async\" width=\"900\" height=\"602\" src=\"https:\/\/www.lucaghigliano.it\/zioghilli\/wp-content\/uploads\/2019\/02\/DSF7493.jpg\" alt=\"\" class=\"wp-image-680\" srcset=\"https:\/\/www.lucaghigliano.it\/zioghilli\/wp-content\/uploads\/2019\/02\/DSF7493.jpg 900w, https:\/\/www.lucaghigliano.it\/zioghilli\/wp-content\/uploads\/2019\/02\/DSF7493-300x201.jpg 300w, https:\/\/www.lucaghigliano.it\/zioghilli\/wp-content\/uploads\/2019\/02\/DSF7493-768x514.jpg 768w, https:\/\/www.lucaghigliano.it\/zioghilli\/wp-content\/uploads\/2019\/02\/DSF7493-600x401.jpg 600w\" sizes=\"(max-width: 900px) 100vw, 900px\" \/><\/noscript><figcaption class=\"wp-element-caption\">Chivasso Ovest &#8211; 7.05<br>.<\/figcaption><\/figure>\n\n\n\n<p class=\"wp-block-paragraph\">La statale verso le Valli di Lanzo scorre a ritmo rilassato con medie sui 75kmh perch\u00e8 il mio compagno di avventura \u00e8 rapportato molto corto, quasi da trial. Colazione in pasticceria poi il meteo inizia a peggiorare, infatti mentre percorriamo il fondovalle inizia a piovere in modo leggero. Arrivati alla partenza della nostra prima salita notiamo un fantastico arcobaleno che attraversa la valle ma non faccio in tempo ad estrarre la macchina fotografica che sparisce; sopre le nostre teste, 750m pi\u00f9 in su, c&#8217;\u00e8 il Monastero di Santa Cristina che di li a poco osserveremo dall&#8217;alto. Il fondo stradale \u00e8 asfaltato ed il colore lascia intuire che lo \u00e8 da poco. Peccato&#8230; <\/p>\n\n\n\n<figure class=\"wp-block-image\"><img decoding=\"async\" width=\"900\" height=\"602\" data-src=\"https:\/\/www.lucaghigliano.it\/zioghilli\/wp-content\/uploads\/2019\/02\/DSF7495.jpg\" src=\"data:image\/gif;base64,R0lGODlhAQABAIAAAAAAAP\/\/\/yH5BAEAAAAALAAAAAABAAEAAAIBRAA7\" alt=\"\" class=\"wp-image-681 lazyload\"\/><noscript><img decoding=\"async\" width=\"900\" height=\"602\" src=\"https:\/\/www.lucaghigliano.it\/zioghilli\/wp-content\/uploads\/2019\/02\/DSF7495.jpg\" alt=\"\" class=\"wp-image-681\" srcset=\"https:\/\/www.lucaghigliano.it\/zioghilli\/wp-content\/uploads\/2019\/02\/DSF7495.jpg 900w, https:\/\/www.lucaghigliano.it\/zioghilli\/wp-content\/uploads\/2019\/02\/DSF7495-300x201.jpg 300w, https:\/\/www.lucaghigliano.it\/zioghilli\/wp-content\/uploads\/2019\/02\/DSF7495-768x514.jpg 768w, https:\/\/www.lucaghigliano.it\/zioghilli\/wp-content\/uploads\/2019\/02\/DSF7495-600x401.jpg 600w\" sizes=\"(max-width: 900px) 100vw, 900px\" \/><\/noscript><figcaption class=\"wp-element-caption\">.<\/figcaption><\/figure>\n\n\n\n<figure class=\"wp-block-image\"><img decoding=\"async\" width=\"900\" height=\"602\" data-src=\"https:\/\/www.lucaghigliano.it\/zioghilli\/wp-content\/uploads\/2019\/02\/DSF7496.jpg\" src=\"data:image\/gif;base64,R0lGODlhAQABAIAAAAAAAP\/\/\/yH5BAEAAAAALAAAAAABAAEAAAIBRAA7\" alt=\"\" class=\"wp-image-682 lazyload\"\/><noscript><img decoding=\"async\" width=\"900\" height=\"602\" src=\"https:\/\/www.lucaghigliano.it\/zioghilli\/wp-content\/uploads\/2019\/02\/DSF7496.jpg\" alt=\"\" class=\"wp-image-682\" srcset=\"https:\/\/www.lucaghigliano.it\/zioghilli\/wp-content\/uploads\/2019\/02\/DSF7496.jpg 900w, https:\/\/www.lucaghigliano.it\/zioghilli\/wp-content\/uploads\/2019\/02\/DSF7496-300x201.jpg 300w, https:\/\/www.lucaghigliano.it\/zioghilli\/wp-content\/uploads\/2019\/02\/DSF7496-768x514.jpg 768w, https:\/\/www.lucaghigliano.it\/zioghilli\/wp-content\/uploads\/2019\/02\/DSF7496-600x401.jpg 600w\" sizes=\"(max-width: 900px) 100vw, 900px\" \/><\/noscript><figcaption class=\"wp-element-caption\">Lass\u00f9 il Monastero&#8230; <br>.<\/figcaption><\/figure>\n\n\n\n<figure class=\"wp-block-image\"><img decoding=\"async\" width=\"900\" height=\"602\" data-src=\"https:\/\/www.lucaghigliano.it\/zioghilli\/wp-content\/uploads\/2019\/02\/DSF7497.jpg\" src=\"data:image\/gif;base64,R0lGODlhAQABAIAAAAAAAP\/\/\/yH5BAEAAAAALAAAAAABAAEAAAIBRAA7\" alt=\"\" class=\"wp-image-683 lazyload\"\/><noscript><img decoding=\"async\" width=\"900\" height=\"602\" src=\"https:\/\/www.lucaghigliano.it\/zioghilli\/wp-content\/uploads\/2019\/02\/DSF7497.jpg\" alt=\"\" class=\"wp-image-683\" srcset=\"https:\/\/www.lucaghigliano.it\/zioghilli\/wp-content\/uploads\/2019\/02\/DSF7497.jpg 900w, https:\/\/www.lucaghigliano.it\/zioghilli\/wp-content\/uploads\/2019\/02\/DSF7497-300x201.jpg 300w, https:\/\/www.lucaghigliano.it\/zioghilli\/wp-content\/uploads\/2019\/02\/DSF7497-768x514.jpg 768w, https:\/\/www.lucaghigliano.it\/zioghilli\/wp-content\/uploads\/2019\/02\/DSF7497-600x401.jpg 600w\" sizes=\"(max-width: 900px) 100vw, 900px\" \/><\/noscript><figcaption class=\"wp-element-caption\">Antipioggia<br>.<\/figcaption><\/figure>\n\n\n\n<p class=\"wp-block-paragraph\">Inizia a piovere in modo pi\u00f9 deciso, dobbiamo fermarci per mettere l&#8217;antipioggia e dopo poco svalichiamo insieme ad un ciclista ultrasettantenne ci da indicazioni per un sentiero sterrato troppo stretto per noi. Torniamo su asfalto e dopo il quale inizia lo sterrato, smette di piovere e il paesaggio cambia velocemente. <\/p>\n\n\n\n<figure class=\"wp-block-image\"><img decoding=\"async\" width=\"900\" height=\"602\" data-src=\"https:\/\/www.lucaghigliano.it\/zioghilli\/wp-content\/uploads\/2019\/02\/DSF7499.jpg\" src=\"data:image\/gif;base64,R0lGODlhAQABAIAAAAAAAP\/\/\/yH5BAEAAAAALAAAAAABAAEAAAIBRAA7\" alt=\"\" class=\"wp-image-684 lazyload\"\/><noscript><img decoding=\"async\" width=\"900\" height=\"602\" src=\"https:\/\/www.lucaghigliano.it\/zioghilli\/wp-content\/uploads\/2019\/02\/DSF7499.jpg\" alt=\"\" class=\"wp-image-684\" srcset=\"https:\/\/www.lucaghigliano.it\/zioghilli\/wp-content\/uploads\/2019\/02\/DSF7499.jpg 900w, https:\/\/www.lucaghigliano.it\/zioghilli\/wp-content\/uploads\/2019\/02\/DSF7499-300x201.jpg 300w, https:\/\/www.lucaghigliano.it\/zioghilli\/wp-content\/uploads\/2019\/02\/DSF7499-768x514.jpg 768w, https:\/\/www.lucaghigliano.it\/zioghilli\/wp-content\/uploads\/2019\/02\/DSF7499-600x401.jpg 600w\" sizes=\"(max-width: 900px) 100vw, 900px\" \/><\/noscript><figcaption class=\"wp-element-caption\">.<\/figcaption><\/figure>\n\n\n\n<p class=\"wp-block-paragraph\">Scatto questa foto dedicandola a chi dice che MTBikers e motociclisti si odiano ed infatti noi attacchiamo bottone con questi due simpatici ragazzi di Santena che stanno salendo in bicicletta; scrivo ci\u00f2 perch\u00e8 un paio di settimane prima ho letto una discussione via mail a riguardo. Se c&#8217;\u00e8 rispetto da entrambe le parti e un minimo di maturit\u00e0 le due categorie possono convivere tranquillamente e amichevolmente e questa foto lo dimostra\u2026<\/p>\n\n\n\n<figure class=\"wp-block-image\"><img decoding=\"async\" width=\"900\" height=\"602\" data-src=\"https:\/\/www.lucaghigliano.it\/zioghilli\/wp-content\/uploads\/2019\/02\/DSF7502.jpg\" src=\"data:image\/gif;base64,R0lGODlhAQABAIAAAAAAAP\/\/\/yH5BAEAAAAALAAAAAABAAEAAAIBRAA7\" alt=\"\" class=\"wp-image-685 lazyload\"\/><noscript><img decoding=\"async\" width=\"900\" height=\"602\" src=\"https:\/\/www.lucaghigliano.it\/zioghilli\/wp-content\/uploads\/2019\/02\/DSF7502.jpg\" alt=\"\" class=\"wp-image-685\" srcset=\"https:\/\/www.lucaghigliano.it\/zioghilli\/wp-content\/uploads\/2019\/02\/DSF7502.jpg 900w, https:\/\/www.lucaghigliano.it\/zioghilli\/wp-content\/uploads\/2019\/02\/DSF7502-300x201.jpg 300w, https:\/\/www.lucaghigliano.it\/zioghilli\/wp-content\/uploads\/2019\/02\/DSF7502-768x514.jpg 768w, https:\/\/www.lucaghigliano.it\/zioghilli\/wp-content\/uploads\/2019\/02\/DSF7502-600x401.jpg 600w\" sizes=\"(max-width: 900px) 100vw, 900px\" \/><\/noscript><figcaption class=\"wp-element-caption\">.<\/figcaption><\/figure>\n\n\n\n<p class=\"wp-block-paragraph\">Continuiamo a salire ed al cambio di versante ci ritroviamo davanti il Monastero di Santa Cristina che ora \u00e8 sotto di noi. Gli amici ciclisti ci hanno raggiunto questo perch\u00e8 la nostra maggior velocit\u00e0 \u00e8 annullata dalle mie numerose soste fotografiche. <\/p>\n\n\n\n<figure class=\"wp-block-image\"><img decoding=\"async\" width=\"900\" height=\"602\" data-src=\"https:\/\/www.lucaghigliano.it\/zioghilli\/wp-content\/uploads\/2019\/02\/DSF7505.jpg\" src=\"data:image\/gif;base64,R0lGODlhAQABAIAAAAAAAP\/\/\/yH5BAEAAAAALAAAAAABAAEAAAIBRAA7\" alt=\"\" class=\"wp-image-686 lazyload\"\/><noscript><img decoding=\"async\" width=\"900\" height=\"602\" src=\"https:\/\/www.lucaghigliano.it\/zioghilli\/wp-content\/uploads\/2019\/02\/DSF7505.jpg\" alt=\"\" class=\"wp-image-686\" srcset=\"https:\/\/www.lucaghigliano.it\/zioghilli\/wp-content\/uploads\/2019\/02\/DSF7505.jpg 900w, https:\/\/www.lucaghigliano.it\/zioghilli\/wp-content\/uploads\/2019\/02\/DSF7505-300x201.jpg 300w, https:\/\/www.lucaghigliano.it\/zioghilli\/wp-content\/uploads\/2019\/02\/DSF7505-768x514.jpg 768w, https:\/\/www.lucaghigliano.it\/zioghilli\/wp-content\/uploads\/2019\/02\/DSF7505-600x401.jpg 600w\" sizes=\"(max-width: 900px) 100vw, 900px\" \/><\/noscript><figcaption class=\"wp-element-caption\">Laggi\u00f9 il Monastero<br>.<\/figcaption><\/figure>\n\n\n\n<p class=\"wp-block-paragraph\">Il Lago Monastero \u00e8 ormai vicino, incastonato tra le montagne, in un silenzio irreale interrotto solo dal suono dei campanacci di mucche e capre. E&#8217; uno spettacolo notevole&#8230;<\/p>\n\n\n\n<figure class=\"wp-block-image\"><img decoding=\"async\" width=\"900\" height=\"602\" data-src=\"https:\/\/www.lucaghigliano.it\/zioghilli\/wp-content\/uploads\/2019\/02\/DSF7514.jpg\" src=\"data:image\/gif;base64,R0lGODlhAQABAIAAAAAAAP\/\/\/yH5BAEAAAAALAAAAAABAAEAAAIBRAA7\" alt=\"\" class=\"wp-image-687 lazyload\"\/><noscript><img decoding=\"async\" width=\"900\" height=\"602\" src=\"https:\/\/www.lucaghigliano.it\/zioghilli\/wp-content\/uploads\/2019\/02\/DSF7514.jpg\" alt=\"\" class=\"wp-image-687\" srcset=\"https:\/\/www.lucaghigliano.it\/zioghilli\/wp-content\/uploads\/2019\/02\/DSF7514.jpg 900w, https:\/\/www.lucaghigliano.it\/zioghilli\/wp-content\/uploads\/2019\/02\/DSF7514-300x201.jpg 300w, https:\/\/www.lucaghigliano.it\/zioghilli\/wp-content\/uploads\/2019\/02\/DSF7514-768x514.jpg 768w, https:\/\/www.lucaghigliano.it\/zioghilli\/wp-content\/uploads\/2019\/02\/DSF7514-600x401.jpg 600w\" sizes=\"(max-width: 900px) 100vw, 900px\" \/><\/noscript><figcaption class=\"wp-element-caption\">.<\/figcaption><\/figure>\n\n\n\n<p class=\"wp-block-paragraph\">Dopo una lunga sosta per goderci la pace del lago, decidiamo di arrivare fino alla minuscola cappella sotto al Colle di Perascritta che misura 2.158m. La cappella per\u00f2 \u00e8 poco pi\u00f9 in basso ma ha una posizione molto panoramica a picco sulla valle. Bellissima\u2026<\/p>\n\n\n\n<figure class=\"wp-block-image\"><img decoding=\"async\" width=\"900\" height=\"602\" data-src=\"https:\/\/www.lucaghigliano.it\/zioghilli\/wp-content\/uploads\/2019\/02\/DSF7520.jpg\" src=\"data:image\/gif;base64,R0lGODlhAQABAIAAAAAAAP\/\/\/yH5BAEAAAAALAAAAAABAAEAAAIBRAA7\" alt=\"\" class=\"wp-image-688 lazyload\"\/><noscript><img decoding=\"async\" width=\"900\" height=\"602\" src=\"https:\/\/www.lucaghigliano.it\/zioghilli\/wp-content\/uploads\/2019\/02\/DSF7520.jpg\" alt=\"\" class=\"wp-image-688\" srcset=\"https:\/\/www.lucaghigliano.it\/zioghilli\/wp-content\/uploads\/2019\/02\/DSF7520.jpg 900w, https:\/\/www.lucaghigliano.it\/zioghilli\/wp-content\/uploads\/2019\/02\/DSF7520-300x201.jpg 300w, https:\/\/www.lucaghigliano.it\/zioghilli\/wp-content\/uploads\/2019\/02\/DSF7520-768x514.jpg 768w, https:\/\/www.lucaghigliano.it\/zioghilli\/wp-content\/uploads\/2019\/02\/DSF7520-600x401.jpg 600w\" sizes=\"(max-width: 900px) 100vw, 900px\" \/><\/noscript><figcaption class=\"wp-element-caption\">Alla cappelletta. Pi\u00f9 sotto si vede il lago<br>.<\/figcaption><\/figure>\n\n\n\n<figure class=\"wp-block-image\"><img decoding=\"async\" width=\"900\" height=\"602\" data-src=\"https:\/\/www.lucaghigliano.it\/zioghilli\/wp-content\/uploads\/2019\/02\/DSF7521.jpg\" src=\"data:image\/gif;base64,R0lGODlhAQABAIAAAAAAAP\/\/\/yH5BAEAAAAALAAAAAABAAEAAAIBRAA7\" alt=\"\" class=\"wp-image-689 lazyload\"\/><noscript><img decoding=\"async\" width=\"900\" height=\"602\" src=\"https:\/\/www.lucaghigliano.it\/zioghilli\/wp-content\/uploads\/2019\/02\/DSF7521.jpg\" alt=\"\" class=\"wp-image-689\" srcset=\"https:\/\/www.lucaghigliano.it\/zioghilli\/wp-content\/uploads\/2019\/02\/DSF7521.jpg 900w, https:\/\/www.lucaghigliano.it\/zioghilli\/wp-content\/uploads\/2019\/02\/DSF7521-300x201.jpg 300w, https:\/\/www.lucaghigliano.it\/zioghilli\/wp-content\/uploads\/2019\/02\/DSF7521-768x514.jpg 768w, https:\/\/www.lucaghigliano.it\/zioghilli\/wp-content\/uploads\/2019\/02\/DSF7521-600x401.jpg 600w\" sizes=\"(max-width: 900px) 100vw, 900px\" \/><\/noscript><figcaption class=\"wp-element-caption\">.<\/figcaption><\/figure>\n\n\n\n<figure class=\"wp-block-image\"><img decoding=\"async\" width=\"900\" height=\"602\" data-src=\"https:\/\/www.lucaghigliano.it\/zioghilli\/wp-content\/uploads\/2019\/02\/DSF7523.jpg\" src=\"data:image\/gif;base64,R0lGODlhAQABAIAAAAAAAP\/\/\/yH5BAEAAAAALAAAAAABAAEAAAIBRAA7\" alt=\"\" class=\"wp-image-690 lazyload\"\/><noscript><img decoding=\"async\" width=\"900\" height=\"602\" src=\"https:\/\/www.lucaghigliano.it\/zioghilli\/wp-content\/uploads\/2019\/02\/DSF7523.jpg\" alt=\"\" class=\"wp-image-690\" srcset=\"https:\/\/www.lucaghigliano.it\/zioghilli\/wp-content\/uploads\/2019\/02\/DSF7523.jpg 900w, https:\/\/www.lucaghigliano.it\/zioghilli\/wp-content\/uploads\/2019\/02\/DSF7523-300x201.jpg 300w, https:\/\/www.lucaghigliano.it\/zioghilli\/wp-content\/uploads\/2019\/02\/DSF7523-768x514.jpg 768w, https:\/\/www.lucaghigliano.it\/zioghilli\/wp-content\/uploads\/2019\/02\/DSF7523-600x401.jpg 600w\" sizes=\"(max-width: 900px) 100vw, 900px\" \/><\/noscript><figcaption class=\"wp-element-caption\">.<\/figcaption><\/figure>\n\n\n\n<figure class=\"wp-block-image\"><img decoding=\"async\" width=\"900\" height=\"602\" data-src=\"https:\/\/www.lucaghigliano.it\/zioghilli\/wp-content\/uploads\/2019\/02\/DSF7527.jpg\" src=\"data:image\/gif;base64,R0lGODlhAQABAIAAAAAAAP\/\/\/yH5BAEAAAAALAAAAAABAAEAAAIBRAA7\" alt=\"\" class=\"wp-image-691 lazyload\"\/><noscript><img decoding=\"async\" width=\"900\" height=\"602\" src=\"https:\/\/www.lucaghigliano.it\/zioghilli\/wp-content\/uploads\/2019\/02\/DSF7527.jpg\" alt=\"\" class=\"wp-image-691\" srcset=\"https:\/\/www.lucaghigliano.it\/zioghilli\/wp-content\/uploads\/2019\/02\/DSF7527.jpg 900w, https:\/\/www.lucaghigliano.it\/zioghilli\/wp-content\/uploads\/2019\/02\/DSF7527-300x201.jpg 300w, https:\/\/www.lucaghigliano.it\/zioghilli\/wp-content\/uploads\/2019\/02\/DSF7527-768x514.jpg 768w, https:\/\/www.lucaghigliano.it\/zioghilli\/wp-content\/uploads\/2019\/02\/DSF7527-600x401.jpg 600w\" sizes=\"(max-width: 900px) 100vw, 900px\" \/><\/noscript><figcaption class=\"wp-element-caption\">.<\/figcaption><\/figure>\n\n\n\n<figure class=\"wp-block-image\"><img decoding=\"async\" width=\"900\" height=\"602\" data-src=\"https:\/\/www.lucaghigliano.it\/zioghilli\/wp-content\/uploads\/2019\/02\/DSF7530.jpg\" src=\"data:image\/gif;base64,R0lGODlhAQABAIAAAAAAAP\/\/\/yH5BAEAAAAALAAAAAABAAEAAAIBRAA7\" alt=\"\" class=\"wp-image-692 lazyload\"\/><noscript><img decoding=\"async\" width=\"900\" height=\"602\" src=\"https:\/\/www.lucaghigliano.it\/zioghilli\/wp-content\/uploads\/2019\/02\/DSF7530.jpg\" alt=\"\" class=\"wp-image-692\" srcset=\"https:\/\/www.lucaghigliano.it\/zioghilli\/wp-content\/uploads\/2019\/02\/DSF7530.jpg 900w, https:\/\/www.lucaghigliano.it\/zioghilli\/wp-content\/uploads\/2019\/02\/DSF7530-300x201.jpg 300w, https:\/\/www.lucaghigliano.it\/zioghilli\/wp-content\/uploads\/2019\/02\/DSF7530-768x514.jpg 768w, https:\/\/www.lucaghigliano.it\/zioghilli\/wp-content\/uploads\/2019\/02\/DSF7530-600x401.jpg 600w\" sizes=\"(max-width: 900px) 100vw, 900px\" \/><\/noscript><figcaption class=\"wp-element-caption\">.<\/figcaption><\/figure>\n\n\n\n<figure class=\"wp-block-image\"><img decoding=\"async\" width=\"900\" height=\"602\" data-src=\"https:\/\/www.lucaghigliano.it\/zioghilli\/wp-content\/uploads\/2019\/02\/DSF7534.jpg\" src=\"data:image\/gif;base64,R0lGODlhAQABAIAAAAAAAP\/\/\/yH5BAEAAAAALAAAAAABAAEAAAIBRAA7\" alt=\"\" class=\"wp-image-693 lazyload\"\/><noscript><img decoding=\"async\" width=\"900\" height=\"602\" src=\"https:\/\/www.lucaghigliano.it\/zioghilli\/wp-content\/uploads\/2019\/02\/DSF7534.jpg\" alt=\"\" class=\"wp-image-693\" srcset=\"https:\/\/www.lucaghigliano.it\/zioghilli\/wp-content\/uploads\/2019\/02\/DSF7534.jpg 900w, https:\/\/www.lucaghigliano.it\/zioghilli\/wp-content\/uploads\/2019\/02\/DSF7534-300x201.jpg 300w, https:\/\/www.lucaghigliano.it\/zioghilli\/wp-content\/uploads\/2019\/02\/DSF7534-768x514.jpg 768w, https:\/\/www.lucaghigliano.it\/zioghilli\/wp-content\/uploads\/2019\/02\/DSF7534-600x401.jpg 600w\" sizes=\"(max-width: 900px) 100vw, 900px\" \/><\/noscript><figcaption class=\"wp-element-caption\">.<\/figcaption><\/figure>\n\n\n\n<figure class=\"wp-block-image\"><img decoding=\"async\" width=\"900\" height=\"602\" data-src=\"https:\/\/www.lucaghigliano.it\/zioghilli\/wp-content\/uploads\/2019\/02\/DSF7535.jpg\" src=\"data:image\/gif;base64,R0lGODlhAQABAIAAAAAAAP\/\/\/yH5BAEAAAAALAAAAAABAAEAAAIBRAA7\" alt=\"\" class=\"wp-image-694 lazyload\"\/><noscript><img decoding=\"async\" width=\"900\" height=\"602\" src=\"https:\/\/www.lucaghigliano.it\/zioghilli\/wp-content\/uploads\/2019\/02\/DSF7535.jpg\" alt=\"\" class=\"wp-image-694\" srcset=\"https:\/\/www.lucaghigliano.it\/zioghilli\/wp-content\/uploads\/2019\/02\/DSF7535.jpg 900w, https:\/\/www.lucaghigliano.it\/zioghilli\/wp-content\/uploads\/2019\/02\/DSF7535-300x201.jpg 300w, https:\/\/www.lucaghigliano.it\/zioghilli\/wp-content\/uploads\/2019\/02\/DSF7535-768x514.jpg 768w, https:\/\/www.lucaghigliano.it\/zioghilli\/wp-content\/uploads\/2019\/02\/DSF7535-600x401.jpg 600w\" sizes=\"(max-width: 900px) 100vw, 900px\" \/><\/noscript><figcaption class=\"wp-element-caption\">.<\/figcaption><\/figure>\n\n\n\n<p class=\"wp-block-paragraph\">\n\nLa discesa \u00e8 altrettanto bella. Proviamo nuove tratte ma la prima si conclude in un alpeggio e dopo aver incrociato nuovamente i&nbsp;<em>biciclettisti<\/em>&nbsp;tentiamo un sentiero che per\u00f2 si rivela quasi subito troppo ostico. Torniamo sulle nostre tracce e prendiamo in direzione Ceres e poi verso il Colle dello Smegma che \u00e8 sulla vallata opposta rispetto al percorso fatto prima. Ricominciamo su uno sterrato stretto, all&#8217;ombra del bosco, veramente bello e godibile. Sale in modo abbastanza marcato infatti quando usciamo dal bosco il Monastero \u00e8 nuovamente sotto di noi. Ad un certo punto per\u00f2 compare un cartello di divieto che proprio divieto non \u00e8 in quanto recita che possiamo transitare a nostro rischio e pericolo&#8230;\n\n<\/p>\n\n\n\n<figure class=\"wp-block-image\"><img decoding=\"async\" width=\"900\" height=\"602\" data-src=\"https:\/\/www.lucaghigliano.it\/zioghilli\/wp-content\/uploads\/2019\/02\/DSF7537.jpg\" src=\"data:image\/gif;base64,R0lGODlhAQABAIAAAAAAAP\/\/\/yH5BAEAAAAALAAAAAABAAEAAAIBRAA7\" alt=\"\" class=\"wp-image-695 lazyload\"\/><noscript><img decoding=\"async\" width=\"900\" height=\"602\" src=\"https:\/\/www.lucaghigliano.it\/zioghilli\/wp-content\/uploads\/2019\/02\/DSF7537.jpg\" alt=\"\" class=\"wp-image-695\" srcset=\"https:\/\/www.lucaghigliano.it\/zioghilli\/wp-content\/uploads\/2019\/02\/DSF7537.jpg 900w, https:\/\/www.lucaghigliano.it\/zioghilli\/wp-content\/uploads\/2019\/02\/DSF7537-300x201.jpg 300w, https:\/\/www.lucaghigliano.it\/zioghilli\/wp-content\/uploads\/2019\/02\/DSF7537-768x514.jpg 768w, https:\/\/www.lucaghigliano.it\/zioghilli\/wp-content\/uploads\/2019\/02\/DSF7537-600x401.jpg 600w\" sizes=\"(max-width: 900px) 100vw, 900px\" \/><\/noscript><figcaption class=\"wp-element-caption\">.<\/figcaption><\/figure>\n\n\n\n<figure class=\"wp-block-image\"><img decoding=\"async\" width=\"900\" height=\"602\" data-src=\"https:\/\/www.lucaghigliano.it\/zioghilli\/wp-content\/uploads\/2019\/02\/DSF7538.jpg\" src=\"data:image\/gif;base64,R0lGODlhAQABAIAAAAAAAP\/\/\/yH5BAEAAAAALAAAAAABAAEAAAIBRAA7\" alt=\"\" class=\"wp-image-696 lazyload\"\/><noscript><img decoding=\"async\" width=\"900\" height=\"602\" src=\"https:\/\/www.lucaghigliano.it\/zioghilli\/wp-content\/uploads\/2019\/02\/DSF7538.jpg\" alt=\"\" class=\"wp-image-696\" srcset=\"https:\/\/www.lucaghigliano.it\/zioghilli\/wp-content\/uploads\/2019\/02\/DSF7538.jpg 900w, https:\/\/www.lucaghigliano.it\/zioghilli\/wp-content\/uploads\/2019\/02\/DSF7538-300x201.jpg 300w, https:\/\/www.lucaghigliano.it\/zioghilli\/wp-content\/uploads\/2019\/02\/DSF7538-768x514.jpg 768w, https:\/\/www.lucaghigliano.it\/zioghilli\/wp-content\/uploads\/2019\/02\/DSF7538-600x401.jpg 600w\" sizes=\"(max-width: 900px) 100vw, 900px\" \/><\/noscript><figcaption class=\"wp-element-caption\">.<\/figcaption><\/figure>\n\n\n\n<figure class=\"wp-block-image\"><img decoding=\"async\" width=\"900\" height=\"602\" data-src=\"https:\/\/www.lucaghigliano.it\/zioghilli\/wp-content\/uploads\/2019\/02\/DSF7543.jpg\" src=\"data:image\/gif;base64,R0lGODlhAQABAIAAAAAAAP\/\/\/yH5BAEAAAAALAAAAAABAAEAAAIBRAA7\" alt=\"\" class=\"wp-image-697 lazyload\"\/><noscript><img decoding=\"async\" width=\"900\" height=\"602\" src=\"https:\/\/www.lucaghigliano.it\/zioghilli\/wp-content\/uploads\/2019\/02\/DSF7543.jpg\" alt=\"\" class=\"wp-image-697\" srcset=\"https:\/\/www.lucaghigliano.it\/zioghilli\/wp-content\/uploads\/2019\/02\/DSF7543.jpg 900w, https:\/\/www.lucaghigliano.it\/zioghilli\/wp-content\/uploads\/2019\/02\/DSF7543-300x201.jpg 300w, https:\/\/www.lucaghigliano.it\/zioghilli\/wp-content\/uploads\/2019\/02\/DSF7543-768x514.jpg 768w, https:\/\/www.lucaghigliano.it\/zioghilli\/wp-content\/uploads\/2019\/02\/DSF7543-600x401.jpg 600w\" sizes=\"(max-width: 900px) 100vw, 900px\" \/><\/noscript><figcaption class=\"wp-element-caption\">.<\/figcaption><\/figure>\n\n\n\n<p class=\"wp-block-paragraph\">\n\nVabb\u00f2&nbsp;<em>rischiamo e pericoliamo<\/em>, questo tratto di salita \u00e8 pi\u00f9 tosto, con il fondo di pietre piantate e gradini e inizio ad avere l&#8217;impressione che su questi terreni il DRZ vada peggio del Tener\u00e8. Teoricamente \u00e8 impossibile infatti SteB mi conferma che il suo copia tutto come su un cuscino di piume mentre il mio scarta a destra e a manca: sar\u00e0 meglio che&nbsp;<em>al pi\u00f9 presto*<\/em>&nbsp;gli dedichi un paio di sere tra cambio olio e molle pi\u00f9 sostenute per il mio dolce peso. E magari anche una revisione dal mono da qualche specialista del settore [* ossia 6 mesi dopo ma ora il DRZ \u00e8 veramente uno spettacolo]; a tratti siamo immersi nella nebbia quindi panoramicamente non posso descriverlo molto bene. Alla fine giungiamo al colle tra le mucche che pascolano&#8230;\n\n<\/p>\n\n\n\n<figure class=\"wp-block-image\"><img decoding=\"async\" width=\"900\" height=\"602\" data-src=\"https:\/\/www.lucaghigliano.it\/zioghilli\/wp-content\/uploads\/2019\/02\/DSF7547.jpg\" src=\"data:image\/gif;base64,R0lGODlhAQABAIAAAAAAAP\/\/\/yH5BAEAAAAALAAAAAABAAEAAAIBRAA7\" alt=\"\" class=\"wp-image-698 lazyload\"\/><noscript><img decoding=\"async\" width=\"900\" height=\"602\" src=\"https:\/\/www.lucaghigliano.it\/zioghilli\/wp-content\/uploads\/2019\/02\/DSF7547.jpg\" alt=\"\" class=\"wp-image-698\" srcset=\"https:\/\/www.lucaghigliano.it\/zioghilli\/wp-content\/uploads\/2019\/02\/DSF7547.jpg 900w, https:\/\/www.lucaghigliano.it\/zioghilli\/wp-content\/uploads\/2019\/02\/DSF7547-300x201.jpg 300w, https:\/\/www.lucaghigliano.it\/zioghilli\/wp-content\/uploads\/2019\/02\/DSF7547-768x514.jpg 768w, https:\/\/www.lucaghigliano.it\/zioghilli\/wp-content\/uploads\/2019\/02\/DSF7547-600x401.jpg 600w\" sizes=\"(max-width: 900px) 100vw, 900px\" \/><\/noscript><figcaption class=\"wp-element-caption\">.<\/figcaption><\/figure>\n\n\n\n<p class=\"wp-block-paragraph\">La discesa sul versante opposto \u00e8 nella nebbia fitta. Il fondo \u00e8 sempre sassoso fino a quanto abbandoniamo la strada semi.vietata in corrispondenza di una malga dove stanno cucinando costine. Il profumo mi da giramenti di testa ma continuiamo a scendere finch\u00e8 ad un tornante lo SteB mi blocca e annuncia che \u00e8 giunto un momento di cacca, anzi il momento della cacca:&nbsp;<em>devo andare. Non riesco pi\u00f9 neanche a restare seduto in sella&#8230;<\/em><br>Dopo aver concimato 15kmq di bosco siamo pronti a ripartire quando subiamo l&#8217;assalto di una bestia feroce che mette in pericolo le nostre vite&#8230;<br><\/p>\n\n\n\n<figure class=\"wp-block-image\"><img decoding=\"async\" width=\"900\" height=\"602\" data-src=\"https:\/\/www.lucaghigliano.it\/zioghilli\/wp-content\/uploads\/2019\/02\/DSF7555.jpg\" src=\"data:image\/gif;base64,R0lGODlhAQABAIAAAAAAAP\/\/\/yH5BAEAAAAALAAAAAABAAEAAAIBRAA7\" alt=\"\" class=\"wp-image-700 lazyload\"\/><noscript><img decoding=\"async\" width=\"900\" height=\"602\" src=\"https:\/\/www.lucaghigliano.it\/zioghilli\/wp-content\/uploads\/2019\/02\/DSF7555.jpg\" alt=\"\" class=\"wp-image-700\" srcset=\"https:\/\/www.lucaghigliano.it\/zioghilli\/wp-content\/uploads\/2019\/02\/DSF7555.jpg 900w, https:\/\/www.lucaghigliano.it\/zioghilli\/wp-content\/uploads\/2019\/02\/DSF7555-300x201.jpg 300w, https:\/\/www.lucaghigliano.it\/zioghilli\/wp-content\/uploads\/2019\/02\/DSF7555-768x514.jpg 768w, https:\/\/www.lucaghigliano.it\/zioghilli\/wp-content\/uploads\/2019\/02\/DSF7555-600x401.jpg 600w\" sizes=\"(max-width: 900px) 100vw, 900px\" \/><\/noscript><figcaption class=\"wp-element-caption\">Il tornante della cacca<br>.<\/figcaption><\/figure>\n\n\n\n<figure class=\"wp-block-image\"><img decoding=\"async\" width=\"900\" height=\"602\" data-src=\"https:\/\/www.lucaghigliano.it\/zioghilli\/wp-content\/uploads\/2019\/02\/DSF7550.jpg\" src=\"data:image\/gif;base64,R0lGODlhAQABAIAAAAAAAP\/\/\/yH5BAEAAAAALAAAAAABAAEAAAIBRAA7\" alt=\"\" class=\"wp-image-699 lazyload\"\/><noscript><img decoding=\"async\" width=\"900\" height=\"602\" src=\"https:\/\/www.lucaghigliano.it\/zioghilli\/wp-content\/uploads\/2019\/02\/DSF7550.jpg\" alt=\"\" class=\"wp-image-699\" srcset=\"https:\/\/www.lucaghigliano.it\/zioghilli\/wp-content\/uploads\/2019\/02\/DSF7550.jpg 900w, https:\/\/www.lucaghigliano.it\/zioghilli\/wp-content\/uploads\/2019\/02\/DSF7550-300x201.jpg 300w, https:\/\/www.lucaghigliano.it\/zioghilli\/wp-content\/uploads\/2019\/02\/DSF7550-768x514.jpg 768w, https:\/\/www.lucaghigliano.it\/zioghilli\/wp-content\/uploads\/2019\/02\/DSF7550-600x401.jpg 600w\" sizes=\"(max-width: 900px) 100vw, 900px\" \/><\/noscript><figcaption class=\"wp-element-caption\">La belva<br>.<\/figcaption><\/figure>\n\n\n\n<figure class=\"wp-block-image\"><img decoding=\"async\" width=\"900\" height=\"602\" data-src=\"https:\/\/www.lucaghigliano.it\/zioghilli\/wp-content\/uploads\/2019\/02\/DSF7553.jpg\" src=\"data:image\/gif;base64,R0lGODlhAQABAIAAAAAAAP\/\/\/yH5BAEAAAAALAAAAAABAAEAAAIBRAA7\" alt=\"\" class=\"wp-image-701 lazyload\"\/><noscript><img decoding=\"async\" width=\"900\" height=\"602\" src=\"https:\/\/www.lucaghigliano.it\/zioghilli\/wp-content\/uploads\/2019\/02\/DSF7553.jpg\" alt=\"\" class=\"wp-image-701\" srcset=\"https:\/\/www.lucaghigliano.it\/zioghilli\/wp-content\/uploads\/2019\/02\/DSF7553.jpg 900w, https:\/\/www.lucaghigliano.it\/zioghilli\/wp-content\/uploads\/2019\/02\/DSF7553-300x201.jpg 300w, https:\/\/www.lucaghigliano.it\/zioghilli\/wp-content\/uploads\/2019\/02\/DSF7553-768x514.jpg 768w, https:\/\/www.lucaghigliano.it\/zioghilli\/wp-content\/uploads\/2019\/02\/DSF7553-600x401.jpg 600w\" sizes=\"(max-width: 900px) 100vw, 900px\" \/><\/noscript><figcaption class=\"wp-element-caption\">Quattro chiacchiere<br>.<\/figcaption><\/figure>\n\n\n\n<p class=\"wp-block-paragraph\">Seguiranno una dozzina di minuti di liti ed insulti con questa coppia di&nbsp;<em>trekkers<\/em>&nbsp;perch\u00e8 anche loro odiano le moto al pari dei ciclisti di questa mattina ed infatti ci minacciano di denuncia. Ah no&#8230; devo aver fatto confusione. Ce la raccontiamo allegramente del pi\u00f9 e del meno finch\u00e8 ci salutiamo dirigendo verso valle alla ricerca di cibo, trovando una festa in quota prima e un bar in piazza poi. In quest&#8217;ultimo prendiamo piadine e CocaCola mentre discutiamo con il proprietario delle strade sterrate dei dintorni e scoprendo che il nostro prossimo obiettivo, il colle della Dieta, \u00e8 stato asfaltato da un paio di anni&#8230; che tristezza!!!<br>Siamo in perfetto orario e dopo esserci rifocillati ripartiamo percorriamo il passo ormai asfaltato. Peccato perch\u00e8 doveva essere un bel tratto di fuoristrada, in quota con ottimi scorci paesaggistici&#8230; <\/p>\n\n\n\n<figure class=\"wp-block-image\"><img decoding=\"async\" width=\"900\" height=\"602\" data-src=\"https:\/\/www.lucaghigliano.it\/zioghilli\/wp-content\/uploads\/2019\/02\/DSF7564.jpg\" src=\"data:image\/gif;base64,R0lGODlhAQABAIAAAAAAAP\/\/\/yH5BAEAAAAALAAAAAABAAEAAAIBRAA7\" alt=\"\" class=\"wp-image-702 lazyload\"\/><noscript><img decoding=\"async\" width=\"900\" height=\"602\" src=\"https:\/\/www.lucaghigliano.it\/zioghilli\/wp-content\/uploads\/2019\/02\/DSF7564.jpg\" alt=\"\" class=\"wp-image-702\" srcset=\"https:\/\/www.lucaghigliano.it\/zioghilli\/wp-content\/uploads\/2019\/02\/DSF7564.jpg 900w, https:\/\/www.lucaghigliano.it\/zioghilli\/wp-content\/uploads\/2019\/02\/DSF7564-300x201.jpg 300w, https:\/\/www.lucaghigliano.it\/zioghilli\/wp-content\/uploads\/2019\/02\/DSF7564-768x514.jpg 768w, https:\/\/www.lucaghigliano.it\/zioghilli\/wp-content\/uploads\/2019\/02\/DSF7564-600x401.jpg 600w\" sizes=\"(max-width: 900px) 100vw, 900px\" \/><\/noscript><figcaption class=\"wp-element-caption\">.<\/figcaption><\/figure>\n\n\n\n<figure class=\"wp-block-image\"><img decoding=\"async\" width=\"900\" height=\"602\" data-src=\"https:\/\/www.lucaghigliano.it\/zioghilli\/wp-content\/uploads\/2019\/02\/DSF7567.jpg\" src=\"data:image\/gif;base64,R0lGODlhAQABAIAAAAAAAP\/\/\/yH5BAEAAAAALAAAAAABAAEAAAIBRAA7\" alt=\"\" class=\"wp-image-703 lazyload\"\/><noscript><img decoding=\"async\" width=\"900\" height=\"602\" src=\"https:\/\/www.lucaghigliano.it\/zioghilli\/wp-content\/uploads\/2019\/02\/DSF7567.jpg\" alt=\"\" class=\"wp-image-703\" srcset=\"https:\/\/www.lucaghigliano.it\/zioghilli\/wp-content\/uploads\/2019\/02\/DSF7567.jpg 900w, https:\/\/www.lucaghigliano.it\/zioghilli\/wp-content\/uploads\/2019\/02\/DSF7567-300x201.jpg 300w, https:\/\/www.lucaghigliano.it\/zioghilli\/wp-content\/uploads\/2019\/02\/DSF7567-768x514.jpg 768w, https:\/\/www.lucaghigliano.it\/zioghilli\/wp-content\/uploads\/2019\/02\/DSF7567-600x401.jpg 600w\" sizes=\"(max-width: 900px) 100vw, 900px\" \/><\/noscript><figcaption class=\"wp-element-caption\">Colle della Dieta asfaltato<br>.<\/figcaption><\/figure>\n\n\n\n<p class=\"wp-block-paragraph\">Al benzinaio di Vi\u00f9 notiamo che i nostri due DRZ consumano allo stesso modo nonostante quello dello SteB sia stato portato da 400cc a 440 con il kit Athena e abbia un carburatore pi\u00f9 grande del mio [mi pare da 39 o 41]. Seguiamo la statale di fondovalle per raggiungere la partenza del Colombardo, la strada che ci condurr\u00e0 dalla Valle di Vi\u00f9 alla Val Susa. Dopo un breve strappo asfaltato inizia lo sterrato, molto bello e scorrevole. A met\u00e0 salita ci scambiamo i DRZ fino alla cima. SteB si chiede come faccia a guidare con quelle sospensioni [le sue effettivamente copiano tutto] io mi chiedo come faccia a guidare con quel manubrio [lui conferma che la mia posizione di guida \u00e8 migliore]. Il fatto che la sua abbia le sospensioni perfette mi tranquillizza perch\u00e8 con qualche biglietto da 100\u20ac riuscir\u00f2 a mettere a rendere pi\u00f9 scorrevole anche le mie. Con il kit 440cc invece si ha un motore molto pi\u00f9 pieno ai bassi ma anche leggermente pi\u00f9 brusco. Siccome sono un&nbsp;<em>turista<\/em>&nbsp;non ne sento l&#8217;esigenza. Per il resto le moto sono praticamente identiche&#8230; <\/p>\n\n\n\n<figure class=\"wp-block-image\"><img decoding=\"async\" width=\"900\" height=\"602\" data-src=\"https:\/\/www.lucaghigliano.it\/zioghilli\/wp-content\/uploads\/2019\/02\/DSF7571.jpg\" src=\"data:image\/gif;base64,R0lGODlhAQABAIAAAAAAAP\/\/\/yH5BAEAAAAALAAAAAABAAEAAAIBRAA7\" alt=\"\" class=\"wp-image-704 lazyload\"\/><noscript><img decoding=\"async\" width=\"900\" height=\"602\" src=\"https:\/\/www.lucaghigliano.it\/zioghilli\/wp-content\/uploads\/2019\/02\/DSF7571.jpg\" alt=\"\" class=\"wp-image-704\" srcset=\"https:\/\/www.lucaghigliano.it\/zioghilli\/wp-content\/uploads\/2019\/02\/DSF7571.jpg 900w, https:\/\/www.lucaghigliano.it\/zioghilli\/wp-content\/uploads\/2019\/02\/DSF7571-300x201.jpg 300w, https:\/\/www.lucaghigliano.it\/zioghilli\/wp-content\/uploads\/2019\/02\/DSF7571-768x514.jpg 768w, https:\/\/www.lucaghigliano.it\/zioghilli\/wp-content\/uploads\/2019\/02\/DSF7571-600x401.jpg 600w\" sizes=\"(max-width: 900px) 100vw, 900px\" \/><\/noscript><figcaption class=\"wp-element-caption\">Salendo verso&#8230;<br>.<\/figcaption><\/figure>\n\n\n\n<figure class=\"wp-block-image\"><img decoding=\"async\" width=\"900\" height=\"602\" data-src=\"https:\/\/www.lucaghigliano.it\/zioghilli\/wp-content\/uploads\/2019\/02\/DSF7583.jpg\" src=\"data:image\/gif;base64,R0lGODlhAQABAIAAAAAAAP\/\/\/yH5BAEAAAAALAAAAAABAAEAAAIBRAA7\" alt=\"\" class=\"wp-image-705 lazyload\"\/><noscript><img decoding=\"async\" width=\"900\" height=\"602\" src=\"https:\/\/www.lucaghigliano.it\/zioghilli\/wp-content\/uploads\/2019\/02\/DSF7583.jpg\" alt=\"\" class=\"wp-image-705\" srcset=\"https:\/\/www.lucaghigliano.it\/zioghilli\/wp-content\/uploads\/2019\/02\/DSF7583.jpg 900w, https:\/\/www.lucaghigliano.it\/zioghilli\/wp-content\/uploads\/2019\/02\/DSF7583-300x201.jpg 300w, https:\/\/www.lucaghigliano.it\/zioghilli\/wp-content\/uploads\/2019\/02\/DSF7583-768x514.jpg 768w, https:\/\/www.lucaghigliano.it\/zioghilli\/wp-content\/uploads\/2019\/02\/DSF7583-600x401.jpg 600w\" sizes=\"(max-width: 900px) 100vw, 900px\" \/><\/noscript><figcaption class=\"wp-element-caption\">.<\/figcaption><\/figure>\n\n\n\n<figure class=\"wp-block-image\"><img decoding=\"async\" width=\"900\" height=\"602\" data-src=\"https:\/\/www.lucaghigliano.it\/zioghilli\/wp-content\/uploads\/2019\/02\/DSF7585.jpg\" src=\"data:image\/gif;base64,R0lGODlhAQABAIAAAAAAAP\/\/\/yH5BAEAAAAALAAAAAABAAEAAAIBRAA7\" alt=\"\" class=\"wp-image-706 lazyload\"\/><noscript><img decoding=\"async\" width=\"900\" height=\"602\" src=\"https:\/\/www.lucaghigliano.it\/zioghilli\/wp-content\/uploads\/2019\/02\/DSF7585.jpg\" alt=\"\" class=\"wp-image-706\" srcset=\"https:\/\/www.lucaghigliano.it\/zioghilli\/wp-content\/uploads\/2019\/02\/DSF7585.jpg 900w, https:\/\/www.lucaghigliano.it\/zioghilli\/wp-content\/uploads\/2019\/02\/DSF7585-300x201.jpg 300w, https:\/\/www.lucaghigliano.it\/zioghilli\/wp-content\/uploads\/2019\/02\/DSF7585-768x514.jpg 768w, https:\/\/www.lucaghigliano.it\/zioghilli\/wp-content\/uploads\/2019\/02\/DSF7585-600x401.jpg 600w\" sizes=\"(max-width: 900px) 100vw, 900px\" \/><\/noscript><figcaption class=\"wp-element-caption\">.<\/figcaption><\/figure>\n\n\n\n<figure class=\"wp-block-image\"><img decoding=\"async\" width=\"900\" height=\"602\" data-src=\"https:\/\/www.lucaghigliano.it\/zioghilli\/wp-content\/uploads\/2019\/02\/DSF7578.jpg\" src=\"data:image\/gif;base64,R0lGODlhAQABAIAAAAAAAP\/\/\/yH5BAEAAAAALAAAAAABAAEAAAIBRAA7\" alt=\"\" class=\"wp-image-707 lazyload\"\/><noscript><img decoding=\"async\" width=\"900\" height=\"602\" src=\"https:\/\/www.lucaghigliano.it\/zioghilli\/wp-content\/uploads\/2019\/02\/DSF7578.jpg\" alt=\"\" class=\"wp-image-707\" srcset=\"https:\/\/www.lucaghigliano.it\/zioghilli\/wp-content\/uploads\/2019\/02\/DSF7578.jpg 900w, https:\/\/www.lucaghigliano.it\/zioghilli\/wp-content\/uploads\/2019\/02\/DSF7578-300x201.jpg 300w, https:\/\/www.lucaghigliano.it\/zioghilli\/wp-content\/uploads\/2019\/02\/DSF7578-768x514.jpg 768w, https:\/\/www.lucaghigliano.it\/zioghilli\/wp-content\/uploads\/2019\/02\/DSF7578-600x401.jpg 600w\" sizes=\"(max-width: 900px) 100vw, 900px\" \/><\/noscript><figcaption class=\"wp-element-caption\">&#8230;la chiesa pi\u00f9 bella del Mondo<br>.<\/figcaption><\/figure>\n\n\n\n<figure class=\"wp-block-image\"><img decoding=\"async\" width=\"900\" height=\"602\" data-src=\"https:\/\/www.lucaghigliano.it\/zioghilli\/wp-content\/uploads\/2019\/02\/DSF7592.jpg\" src=\"data:image\/gif;base64,R0lGODlhAQABAIAAAAAAAP\/\/\/yH5BAEAAAAALAAAAAABAAEAAAIBRAA7\" alt=\"\" class=\"wp-image-708 lazyload\"\/><noscript><img decoding=\"async\" width=\"900\" height=\"602\" src=\"https:\/\/www.lucaghigliano.it\/zioghilli\/wp-content\/uploads\/2019\/02\/DSF7592.jpg\" alt=\"\" class=\"wp-image-708\" srcset=\"https:\/\/www.lucaghigliano.it\/zioghilli\/wp-content\/uploads\/2019\/02\/DSF7592.jpg 900w, https:\/\/www.lucaghigliano.it\/zioghilli\/wp-content\/uploads\/2019\/02\/DSF7592-300x201.jpg 300w, https:\/\/www.lucaghigliano.it\/zioghilli\/wp-content\/uploads\/2019\/02\/DSF7592-768x514.jpg 768w, https:\/\/www.lucaghigliano.it\/zioghilli\/wp-content\/uploads\/2019\/02\/DSF7592-600x401.jpg 600w\" sizes=\"(max-width: 900px) 100vw, 900px\" \/><\/noscript><figcaption class=\"wp-element-caption\">La Sacra di S. Michele<br>.<\/figcaption><\/figure>\n\n\n\n<p class=\"wp-block-paragraph\">La discesa in Val Susa \u00e8 caratterizzata dalla vista sulla Sacra di S. Michele che si avvicina tornante dopo tornante. Come previsto abbiamo percorso i 20km di sterrata in perfetto orario nonostante il passo rilassato e le numerose soste fotografiche; siamo a Condove, paese che inizialmente avevo ipotizzato come partenza del nostro tour. Poi un amico, di cui non posso fare il nome [M\u00fcZ], parlando del pi\u00f9 e del meno ci aveva consigliato questo tratto di avvicinamento descrivendolo come&nbsp;<em>&#8230;100km bellissimi&#8230;<\/em>. Effettivamente lo sono. Grazie per la dritta Uomo!!!<br>Ora ad attenderci ci sono 27km di fondovalle fino a Susa dove ci fermiamo nella via centrale per&nbsp;<em>l&#8217;ultima cena<\/em>&nbsp;prima della salita allo Jafferau. Lo struscio di Susa \u00e8 affollato, c&#8217;\u00e8 la classifa&nbsp;<em>figa di legno<\/em>&nbsp;che se la tira e non calcola nessuno, c&#8217;\u00e8 la barista sorridente che&nbsp;<em>fa sangue<\/em>&nbsp;e poi c&#8217;\u00e8 la&nbsp;<em>burrosa<\/em>&nbsp;di nero vestita che verr\u00e0 contesa tra noi due puzzolenti fuoristradisti per una notte di sesso extremo sullo Jafferau&#8230; infatti entrambi siamo devoti al motto che&nbsp;<em>nella ciccia si pasticcia!!!<\/em><\/p>\n\n\n\n<figure class=\"wp-block-image\"><img decoding=\"async\" width=\"900\" height=\"602\" data-src=\"https:\/\/www.lucaghigliano.it\/zioghilli\/wp-content\/uploads\/2019\/02\/DSF7593.jpg\" src=\"data:image\/gif;base64,R0lGODlhAQABAIAAAAAAAP\/\/\/yH5BAEAAAAALAAAAAABAAEAAAIBRAA7\" alt=\"\" class=\"wp-image-709 lazyload\"\/><noscript><img decoding=\"async\" width=\"900\" height=\"602\" src=\"https:\/\/www.lucaghigliano.it\/zioghilli\/wp-content\/uploads\/2019\/02\/DSF7593.jpg\" alt=\"\" class=\"wp-image-709\" srcset=\"https:\/\/www.lucaghigliano.it\/zioghilli\/wp-content\/uploads\/2019\/02\/DSF7593.jpg 900w, https:\/\/www.lucaghigliano.it\/zioghilli\/wp-content\/uploads\/2019\/02\/DSF7593-300x201.jpg 300w, https:\/\/www.lucaghigliano.it\/zioghilli\/wp-content\/uploads\/2019\/02\/DSF7593-768x514.jpg 768w, https:\/\/www.lucaghigliano.it\/zioghilli\/wp-content\/uploads\/2019\/02\/DSF7593-600x401.jpg 600w\" sizes=\"(max-width: 900px) 100vw, 900px\" \/><\/noscript><figcaption class=\"wp-element-caption\">.<\/figcaption><\/figure>\n\n\n\n<p class=\"wp-block-paragraph\">Nel frattempo per\u00f2 il meteo \u00e8 peggiorato e pioviggina a tratti. Sono le 20.00 e siamo in sella dalle 6.30 di questa mattina, ci attende l&#8217;ultimo tratto della giornata. La notturna che ci porter\u00e0 dai 503m di Susa ai 2.805 del tetto del Forte dello Jafferau. Appena fuori dal centro abitato guardo verso l\u2019alto. Solo nuvole. Anche piuttosto basse&#8230;<br>Lo ammetto: stavo per mollare il colpo. L\u2019idea di una notte nella nebbia a 2.800m non mi rendeva particolarmente entusiasta.<br>Poi due parole hanno iniziato a ronzarmi per la testa:&nbsp;<em>inversione termica \u2013 inversione termica<\/em>. Mi hanno dato l\u2019impulso, formiche nella pancia. Ok andiamo&#8230;<br>Inizia la sterrata e con essa le nubi. Al tornante&nbsp;<em>del Duce<\/em>&nbsp;ci siamo dentro. \u00c8 come essere nella nebbia di Vercelli a Gennaio:&nbsp;<em>inversione termica \u2013 inversione termica<\/em>. Proseguiamo mentre terra e pietre scorrono sotto i pneumatici malconci delle nostre moto&#8230;<br>Un centinaio di metri prima della deviazione per il Pramand le nubi lasciano filtrare luce. Sempre di pi\u00f9. Significa che stiamo arrivando sopra di loro. Forse \u00e8 veramente cos\u00ec:&nbsp;<em>inversione termica<\/em>. Allo spiazzo giriamo verso il Forte. La sterrata sale tra i pini. Primo tornante. Secondo. Terzo. Saliamo sul tetto&#8230;<\/p>\n\n\n\n<figure class=\"wp-block-image\"><img decoding=\"async\" width=\"900\" height=\"602\" data-src=\"https:\/\/www.lucaghigliano.it\/zioghilli\/wp-content\/uploads\/2019\/02\/DSF7601.jpg\" src=\"data:image\/gif;base64,R0lGODlhAQABAIAAAAAAAP\/\/\/yH5BAEAAAAALAAAAAABAAEAAAIBRAA7\" alt=\"\" class=\"wp-image-710 lazyload\"\/><noscript><img decoding=\"async\" width=\"900\" height=\"602\" src=\"https:\/\/www.lucaghigliano.it\/zioghilli\/wp-content\/uploads\/2019\/02\/DSF7601.jpg\" alt=\"\" class=\"wp-image-710\" srcset=\"https:\/\/www.lucaghigliano.it\/zioghilli\/wp-content\/uploads\/2019\/02\/DSF7601.jpg 900w, https:\/\/www.lucaghigliano.it\/zioghilli\/wp-content\/uploads\/2019\/02\/DSF7601-300x201.jpg 300w, https:\/\/www.lucaghigliano.it\/zioghilli\/wp-content\/uploads\/2019\/02\/DSF7601-768x514.jpg 768w, https:\/\/www.lucaghigliano.it\/zioghilli\/wp-content\/uploads\/2019\/02\/DSF7601-600x401.jpg 600w\" sizes=\"(max-width: 900px) 100vw, 900px\" \/><\/noscript><figcaption class=\"wp-element-caption\">Pramand. L&#8217;apocalisse<br>.<\/figcaption><\/figure>\n\n\n\n<figure class=\"wp-block-image\"><img decoding=\"async\" width=\"900\" height=\"602\" data-src=\"https:\/\/www.lucaghigliano.it\/zioghilli\/wp-content\/uploads\/2019\/02\/DSF7602.jpg\" src=\"data:image\/gif;base64,R0lGODlhAQABAIAAAAAAAP\/\/\/yH5BAEAAAAALAAAAAABAAEAAAIBRAA7\" alt=\"\" class=\"wp-image-711 lazyload\"\/><noscript><img decoding=\"async\" width=\"900\" height=\"602\" src=\"https:\/\/www.lucaghigliano.it\/zioghilli\/wp-content\/uploads\/2019\/02\/DSF7602.jpg\" alt=\"\" class=\"wp-image-711\" srcset=\"https:\/\/www.lucaghigliano.it\/zioghilli\/wp-content\/uploads\/2019\/02\/DSF7602.jpg 900w, https:\/\/www.lucaghigliano.it\/zioghilli\/wp-content\/uploads\/2019\/02\/DSF7602-300x201.jpg 300w, https:\/\/www.lucaghigliano.it\/zioghilli\/wp-content\/uploads\/2019\/02\/DSF7602-768x514.jpg 768w, https:\/\/www.lucaghigliano.it\/zioghilli\/wp-content\/uploads\/2019\/02\/DSF7602-600x401.jpg 600w\" sizes=\"(max-width: 900px) 100vw, 900px\" \/><\/noscript><figcaption class=\"wp-element-caption\">.<\/figcaption><\/figure>\n\n\n\n<figure class=\"wp-block-image\"><img decoding=\"async\" width=\"900\" height=\"602\" data-src=\"https:\/\/www.lucaghigliano.it\/zioghilli\/wp-content\/uploads\/2019\/02\/DSF7608.jpg\" src=\"data:image\/gif;base64,R0lGODlhAQABAIAAAAAAAP\/\/\/yH5BAEAAAAALAAAAAABAAEAAAIBRAA7\" alt=\"\" class=\"wp-image-712 lazyload\"\/><noscript><img decoding=\"async\" width=\"900\" height=\"602\" src=\"https:\/\/www.lucaghigliano.it\/zioghilli\/wp-content\/uploads\/2019\/02\/DSF7608.jpg\" alt=\"\" class=\"wp-image-712\" srcset=\"https:\/\/www.lucaghigliano.it\/zioghilli\/wp-content\/uploads\/2019\/02\/DSF7608.jpg 900w, https:\/\/www.lucaghigliano.it\/zioghilli\/wp-content\/uploads\/2019\/02\/DSF7608-300x201.jpg 300w, https:\/\/www.lucaghigliano.it\/zioghilli\/wp-content\/uploads\/2019\/02\/DSF7608-768x514.jpg 768w, https:\/\/www.lucaghigliano.it\/zioghilli\/wp-content\/uploads\/2019\/02\/DSF7608-600x401.jpg 600w\" sizes=\"(max-width: 900px) 100vw, 900px\" \/><\/noscript><figcaption class=\"wp-element-caption\">.<\/figcaption><\/figure>\n\n\n\n<figure class=\"wp-block-image\"><img decoding=\"async\" width=\"900\" height=\"602\" data-src=\"https:\/\/www.lucaghigliano.it\/zioghilli\/wp-content\/uploads\/2019\/02\/DSF7613.jpg\" src=\"data:image\/gif;base64,R0lGODlhAQABAIAAAAAAAP\/\/\/yH5BAEAAAAALAAAAAABAAEAAAIBRAA7\" alt=\"\" class=\"wp-image-713 lazyload\"\/><noscript><img decoding=\"async\" width=\"900\" height=\"602\" src=\"https:\/\/www.lucaghigliano.it\/zioghilli\/wp-content\/uploads\/2019\/02\/DSF7613.jpg\" alt=\"\" class=\"wp-image-713\" srcset=\"https:\/\/www.lucaghigliano.it\/zioghilli\/wp-content\/uploads\/2019\/02\/DSF7613.jpg 900w, https:\/\/www.lucaghigliano.it\/zioghilli\/wp-content\/uploads\/2019\/02\/DSF7613-300x201.jpg 300w, https:\/\/www.lucaghigliano.it\/zioghilli\/wp-content\/uploads\/2019\/02\/DSF7613-768x514.jpg 768w, https:\/\/www.lucaghigliano.it\/zioghilli\/wp-content\/uploads\/2019\/02\/DSF7613-600x401.jpg 600w\" sizes=\"(max-width: 900px) 100vw, 900px\" \/><\/noscript><figcaption class=\"wp-element-caption\">Lo Chaberton in lontananza<br>.<\/figcaption><\/figure>\n\n\n\n<figure class=\"wp-block-image\"><img decoding=\"async\" width=\"900\" height=\"602\" data-src=\"https:\/\/www.lucaghigliano.it\/zioghilli\/wp-content\/uploads\/2019\/02\/DSF7607.jpg\" src=\"data:image\/gif;base64,R0lGODlhAQABAIAAAAAAAP\/\/\/yH5BAEAAAAALAAAAAABAAEAAAIBRAA7\" alt=\"\" class=\"wp-image-714 lazyload\"\/><noscript><img decoding=\"async\" width=\"900\" height=\"602\" src=\"https:\/\/www.lucaghigliano.it\/zioghilli\/wp-content\/uploads\/2019\/02\/DSF7607.jpg\" alt=\"\" class=\"wp-image-714\" srcset=\"https:\/\/www.lucaghigliano.it\/zioghilli\/wp-content\/uploads\/2019\/02\/DSF7607.jpg 900w, https:\/\/www.lucaghigliano.it\/zioghilli\/wp-content\/uploads\/2019\/02\/DSF7607-300x201.jpg 300w, https:\/\/www.lucaghigliano.it\/zioghilli\/wp-content\/uploads\/2019\/02\/DSF7607-768x514.jpg 768w, https:\/\/www.lucaghigliano.it\/zioghilli\/wp-content\/uploads\/2019\/02\/DSF7607-600x401.jpg 600w\" sizes=\"(max-width: 900px) 100vw, 900px\" \/><\/noscript><figcaption class=\"wp-element-caption\">.<\/figcaption><\/figure>\n\n\n\n<figure class=\"wp-block-image\"><img decoding=\"async\" width=\"685\" height=\"1024\" data-src=\"https:\/\/www.lucaghigliano.it\/zioghilli\/wp-content\/uploads\/2019\/02\/DSF7610-2-685x1024.jpg\" src=\"data:image\/gif;base64,R0lGODlhAQABAIAAAAAAAP\/\/\/yH5BAEAAAAALAAAAAABAAEAAAIBRAA7\" alt=\"\" class=\"wp-image-715 lazyload\"\/><noscript><img decoding=\"async\" width=\"685\" height=\"1024\" src=\"https:\/\/www.lucaghigliano.it\/zioghilli\/wp-content\/uploads\/2019\/02\/DSF7610-2-685x1024.jpg\" alt=\"\" class=\"wp-image-715\" srcset=\"https:\/\/www.lucaghigliano.it\/zioghilli\/wp-content\/uploads\/2019\/02\/DSF7610-2-685x1024.jpg 685w, https:\/\/www.lucaghigliano.it\/zioghilli\/wp-content\/uploads\/2019\/02\/DSF7610-2-201x300.jpg 201w, https:\/\/www.lucaghigliano.it\/zioghilli\/wp-content\/uploads\/2019\/02\/DSF7610-2-768x1148.jpg 768w, https:\/\/www.lucaghigliano.it\/zioghilli\/wp-content\/uploads\/2019\/02\/DSF7610-2-600x897.jpg 600w, https:\/\/www.lucaghigliano.it\/zioghilli\/wp-content\/uploads\/2019\/02\/DSF7610-2.jpg 900w\" sizes=\"(max-width: 685px) 100vw, 685px\" \/><\/noscript><figcaption class=\"wp-element-caption\">.<\/figcaption><\/figure>\n\n\n\n<figure class=\"wp-block-image\"><img decoding=\"async\" width=\"900\" height=\"602\" data-src=\"https:\/\/www.lucaghigliano.it\/zioghilli\/wp-content\/uploads\/2019\/02\/DSF7615.jpg\" src=\"data:image\/gif;base64,R0lGODlhAQABAIAAAAAAAP\/\/\/yH5BAEAAAAALAAAAAABAAEAAAIBRAA7\" alt=\"\" class=\"wp-image-716 lazyload\"\/><noscript><img decoding=\"async\" width=\"900\" height=\"602\" src=\"https:\/\/www.lucaghigliano.it\/zioghilli\/wp-content\/uploads\/2019\/02\/DSF7615.jpg\" alt=\"\" class=\"wp-image-716\" srcset=\"https:\/\/www.lucaghigliano.it\/zioghilli\/wp-content\/uploads\/2019\/02\/DSF7615.jpg 900w, https:\/\/www.lucaghigliano.it\/zioghilli\/wp-content\/uploads\/2019\/02\/DSF7615-300x201.jpg 300w, https:\/\/www.lucaghigliano.it\/zioghilli\/wp-content\/uploads\/2019\/02\/DSF7615-768x514.jpg 768w, https:\/\/www.lucaghigliano.it\/zioghilli\/wp-content\/uploads\/2019\/02\/DSF7615-600x401.jpg 600w\" sizes=\"(max-width: 900px) 100vw, 900px\" \/><\/noscript><figcaption class=\"wp-element-caption\">.<\/figcaption><\/figure>\n\n\n\n<p class=\"wp-block-paragraph\">Uno spettacolo da togliere il fiato. Dal monte dietro il Pramand escono strisce di nuvole come lembi di lenzuola strappati dal vento. Sotto di noi alcune zone della valle sono riempite a forza di morbida panna montata. In lontananza, su Torino, un fungo atomico, un\u2019esplosione di vapore di colore tra l\u2019arancione e rosa. Verso ovest invece il cielo fa paura. Nuvoloni neri fanno da soffitto allo Chaberton. L\u2019inferno sceso in terra. Chiedo a SteB di mettersi in posa e faccio l\u2019interpretazione in chiave moderna de Viandante sul mare di nebbia che \u00e8 uno dei dipinti preferiti di BayPiss\u2026<br>Poi mi giro e vedo che lo Jafferau \u00e8 nelle nubi: inversione termica \u2013 inversione termica. Una sensazione di fretta mi assale. Dobbiamo andare di corsa per vedere come sono le condizioni lass\u00f9 per capire se dormire la oppure tornare qua, al Pramand. <br> Poi. Un brivido mi attraversa: siamo nel posto giusto al momento giusto. Lasciamoci trasportare dal magico fluire degli eventi\u2026<\/p>\n\n\n\n<figure class=\"wp-block-image\"><img decoding=\"async\" width=\"900\" height=\"602\" data-src=\"https:\/\/www.lucaghigliano.it\/zioghilli\/wp-content\/uploads\/2019\/02\/DSF7616.jpg\" src=\"data:image\/gif;base64,R0lGODlhAQABAIAAAAAAAP\/\/\/yH5BAEAAAAALAAAAAABAAEAAAIBRAA7\" alt=\"\" class=\"wp-image-717 lazyload\"\/><noscript><img decoding=\"async\" width=\"900\" height=\"602\" src=\"https:\/\/www.lucaghigliano.it\/zioghilli\/wp-content\/uploads\/2019\/02\/DSF7616.jpg\" alt=\"\" class=\"wp-image-717\" srcset=\"https:\/\/www.lucaghigliano.it\/zioghilli\/wp-content\/uploads\/2019\/02\/DSF7616.jpg 900w, https:\/\/www.lucaghigliano.it\/zioghilli\/wp-content\/uploads\/2019\/02\/DSF7616-300x201.jpg 300w, https:\/\/www.lucaghigliano.it\/zioghilli\/wp-content\/uploads\/2019\/02\/DSF7616-768x514.jpg 768w, https:\/\/www.lucaghigliano.it\/zioghilli\/wp-content\/uploads\/2019\/02\/DSF7616-600x401.jpg 600w\" sizes=\"(max-width: 900px) 100vw, 900px\" \/><\/noscript><figcaption class=\"wp-element-caption\">.<\/figcaption><\/figure>\n\n\n\n<p class=\"wp-block-paragraph\">Entriamo nelle viscere della montagna. Il buio e la pioggia della maledizione dei Saraceni. All\u2019uscita un capriolo ci osserva. Si sposta poi si ferma ancora per studiarci. Poi se ne va con il suo saltellare elegante. Continuiamo a salire. A Col Basset abbandoniamo il versante della Val Susa per quello della Val Fredda. Un puntino di luce la sta attraversando. Verso l\u2019alto invece si vedono gli scheletri delle mura della batteria dello Jafferau. \u00c8 una visione inquietante. Che torce le budella. Percorriamo i tornanti dal fondo disastrosamente lastricato. Siamo sul tetto. \u00c8 pura magia\u2026<\/p>\n\n\n\n<figure class=\"wp-block-image\"><img decoding=\"async\" width=\"900\" height=\"602\" data-src=\"https:\/\/www.lucaghigliano.it\/zioghilli\/wp-content\/uploads\/2019\/02\/DSF7634.jpg\" src=\"data:image\/gif;base64,R0lGODlhAQABAIAAAAAAAP\/\/\/yH5BAEAAAAALAAAAAABAAEAAAIBRAA7\" alt=\"\" class=\"wp-image-678 lazyload\"\/><noscript><img decoding=\"async\" width=\"900\" height=\"602\" src=\"https:\/\/www.lucaghigliano.it\/zioghilli\/wp-content\/uploads\/2019\/02\/DSF7634.jpg\" alt=\"\" class=\"wp-image-678\" srcset=\"https:\/\/www.lucaghigliano.it\/zioghilli\/wp-content\/uploads\/2019\/02\/DSF7634.jpg 900w, https:\/\/www.lucaghigliano.it\/zioghilli\/wp-content\/uploads\/2019\/02\/DSF7634-300x201.jpg 300w, https:\/\/www.lucaghigliano.it\/zioghilli\/wp-content\/uploads\/2019\/02\/DSF7634-768x514.jpg 768w, https:\/\/www.lucaghigliano.it\/zioghilli\/wp-content\/uploads\/2019\/02\/DSF7634-600x401.jpg 600w\" sizes=\"(max-width: 900px) 100vw, 900px\" \/><\/noscript><figcaption class=\"wp-element-caption\">.<\/figcaption><\/figure>\n\n\n\n<p class=\"wp-block-paragraph\">\n\nLe nubi si sono alzate e ora corrono veloci davanti alla luna. Sulla nostra destra, millecinquecento metri pi\u00f9 in basso le luci di Bardonecchia. Sulla nostra sinistra la Val Fredda e la lucina, che prima si muoveva ora \u00e8 fissa laggi\u00f9 in fondo. Ancora oltre, Oulx. Di fronte a noi la testa mozzata dallo Chaberton coperta da un cappello di nubi. E poi&#8230;\n\n<\/p>\n\n\n\n<figure class=\"wp-block-image\"><img decoding=\"async\" width=\"900\" height=\"602\" data-src=\"https:\/\/www.lucaghigliano.it\/zioghilli\/wp-content\/uploads\/2019\/02\/DSF7626.jpg\" src=\"data:image\/gif;base64,R0lGODlhAQABAIAAAAAAAP\/\/\/yH5BAEAAAAALAAAAAABAAEAAAIBRAA7\" alt=\"\" class=\"wp-image-718 lazyload\"\/><noscript><img decoding=\"async\" width=\"900\" height=\"602\" src=\"https:\/\/www.lucaghigliano.it\/zioghilli\/wp-content\/uploads\/2019\/02\/DSF7626.jpg\" alt=\"\" class=\"wp-image-718\" srcset=\"https:\/\/www.lucaghigliano.it\/zioghilli\/wp-content\/uploads\/2019\/02\/DSF7626.jpg 900w, https:\/\/www.lucaghigliano.it\/zioghilli\/wp-content\/uploads\/2019\/02\/DSF7626-300x201.jpg 300w, https:\/\/www.lucaghigliano.it\/zioghilli\/wp-content\/uploads\/2019\/02\/DSF7626-768x514.jpg 768w, https:\/\/www.lucaghigliano.it\/zioghilli\/wp-content\/uploads\/2019\/02\/DSF7626-600x401.jpg 600w\" sizes=\"(max-width: 900px) 100vw, 900px\" \/><\/noscript><figcaption class=\"wp-element-caption\">.<\/figcaption><\/figure>\n\n\n\n<p class=\"wp-block-paragraph\">\u2026come se l\u2019universo non fosse ancora soddisfatto della quantit\u00e0 di meraviglia che ci ha regalato finora, ad un certo punto sentiamo un botto potentissimo. E poi un altro e un altro ancora. Fuochi d\u2019artificio a Bardonecchia mentre noi siamo seduti sulla seconda piazza da tiro da dove i cannoni 149\/35, il 16 ed il 17 giugno 1940, esplodevano i colpi verso la Francia. Colpi che echeggiavano e rimbombavano nella valle. Esattamente come ora. Forse ancora pi\u00f9 forte. Pelle d\u2019oca alta una spanna\u2026<br> I tre colpi finali annunciano la fine delle ostilit\u00e0. Il forte dello Jafferau, che per qualche minuto \u00e8 tornato a rivivere, ora \u00e8 nuovamente avvolto dalla sua silenziosa solitudine. Ma per questa notte avr\u00e0 due ospiti, venuti fin qua per rendere onore alla sua magnificenza\u2026<br>Verso le 23.00 iniziamo a montare le tende. In 10&#8242; la mia umile tenda T2 \u00e8 montata mentre la alpinistica T2 UltraPro dello SteB non trover\u00e0 mai una forma ne pace. Il panorama \u00e8 talmente bello da far venir voglia di rimanere svegli tutta la notte, ma si \u00e8 alzato un vento freddo ed ormai \u00e8 quasi mezzanotte. Andiamo a dormire.<\/p>\n\n\n\n<figure class=\"wp-block-image\"><img decoding=\"async\" width=\"900\" height=\"602\" data-src=\"https:\/\/www.lucaghigliano.it\/zioghilli\/wp-content\/uploads\/2019\/02\/DSF7641.jpg\" src=\"data:image\/gif;base64,R0lGODlhAQABAIAAAAAAAP\/\/\/yH5BAEAAAAALAAAAAABAAEAAAIBRAA7\" alt=\"\" class=\"wp-image-719 lazyload\"\/><noscript><img decoding=\"async\" width=\"900\" height=\"602\" src=\"https:\/\/www.lucaghigliano.it\/zioghilli\/wp-content\/uploads\/2019\/02\/DSF7641.jpg\" alt=\"\" class=\"wp-image-719\" srcset=\"https:\/\/www.lucaghigliano.it\/zioghilli\/wp-content\/uploads\/2019\/02\/DSF7641.jpg 900w, https:\/\/www.lucaghigliano.it\/zioghilli\/wp-content\/uploads\/2019\/02\/DSF7641-300x201.jpg 300w, https:\/\/www.lucaghigliano.it\/zioghilli\/wp-content\/uploads\/2019\/02\/DSF7641-768x514.jpg 768w, https:\/\/www.lucaghigliano.it\/zioghilli\/wp-content\/uploads\/2019\/02\/DSF7641-600x401.jpg 600w\" sizes=\"(max-width: 900px) 100vw, 900px\" \/><\/noscript><figcaption class=\"wp-element-caption\">Tutto quello che voglio \u00e8 qua<br>.<\/figcaption><\/figure>\n\n\n\n<p class=\"wp-block-paragraph\">Siamo equipaggiati con sacchi a pelo Decathlon S0 UltraLight ma lo SteB ritiene che il materassino non serva, non l&#8217;ha neanche portato e quindi dorme direttamente&nbsp;<em>a terra<\/em>. Siccome l&#8217;anno scorso sono morto di freddo sul tetto del Pramand preferisco utilizzare il materassino autogonfiante, sempre Decathlon, da interporre tra il mio corpo e il terreno. E siccome ho estrema fiducia nel mio sacco a pelo mi piazzo dentro in mutande mentre fuori ci sono 3 o 4\u00b0&#8230;<br>Lo SteB si addormenta subito e il suo russare, leggero e ritmato, ne \u00e8 la conferma; dopo poco cado anche io tra le braccia di Morfeo. E&#8217; stata un&#8217;ottima idea quella di piantare le tende dietro il muro protettivo delle piazzole di tiro dei cannoni perch\u00e8 quando mi sveglio la prima volta, alle 3.26, la tenda \u00e8 scossa da un vento notevole; mi accorgo che lo SteB non russa pi\u00f9. Sar\u00e0 stato mangiato da un lupo? Sar\u00e0 in stato di ipotermia? Sar\u00e0 tornato a casa?<\/p>\n\n\n\n<p class=\"wp-block-paragraph\"><em>&#8211; Ou. Sei vivo?<br>&#8211; Si&#8230;<br>&#8211; Tutto ok?<br>&#8211; No! Ho freddo&#8230;<br>&#8211; Hai freddo?<br>&#8211; Si. Ho freddo. Ma tu stai ancora dormendo in mutande?<br>&#8211; Si. E&#8217; il materassino che fa la differenza&#8230;<\/em><\/p>\n\n\n\n<p class=\"wp-block-paragraph\">Effettivamente il materassino fa veramente la differenza perch\u00e8 isola del terreno freddo. Mi giro e mi riaddormento avvolto dal calduccio del mio bozzolo sintetico. Lo SteB in totale dormir\u00e0 una sola ora.&nbsp;<br>Alle 5.05 il mio cellulare ci sveglia sulle note di&nbsp;<em><a href=\"http:\/\/www.youtube.com\/watch?v=LvZQOYzycVA\" target=\"_blank\" rel=\"noreferrer noopener\">Struggle of Pleasure<\/a><\/em><a href=\"http:\/\/www.youtube.com\/watch?v=LvZQOYzycVA\" target=\"_blank\" rel=\"noopener\">&nbsp;dei Wim Mertens<\/a>&nbsp;e mai melodia fu pi\u00f9 azzeccata come colonna sonora di un&#8217;alba sullo Jafferau. Sul forte ci siamo solo noi. E&#8217; tutto nostro. Sinceramente vorrei che fosse sempre cos\u00ec. Ma \u00e8 impossibile. L&#8217;aurora li per li sembra un po&#8217; moscia come colori ma non appena il sole fa capolino da dietro le montagne tutto si colora di rosa&#8230;<\/p>\n\n\n\n<figure class=\"wp-block-image\"><img decoding=\"async\" width=\"900\" height=\"602\" data-src=\"https:\/\/www.lucaghigliano.it\/zioghilli\/wp-content\/uploads\/2019\/02\/DSF7651.jpg\" src=\"data:image\/gif;base64,R0lGODlhAQABAIAAAAAAAP\/\/\/yH5BAEAAAAALAAAAAABAAEAAAIBRAA7\" alt=\"\" class=\"wp-image-720 lazyload\"\/><noscript><img decoding=\"async\" width=\"900\" height=\"602\" src=\"https:\/\/www.lucaghigliano.it\/zioghilli\/wp-content\/uploads\/2019\/02\/DSF7651.jpg\" alt=\"\" class=\"wp-image-720\" srcset=\"https:\/\/www.lucaghigliano.it\/zioghilli\/wp-content\/uploads\/2019\/02\/DSF7651.jpg 900w, https:\/\/www.lucaghigliano.it\/zioghilli\/wp-content\/uploads\/2019\/02\/DSF7651-300x201.jpg 300w, https:\/\/www.lucaghigliano.it\/zioghilli\/wp-content\/uploads\/2019\/02\/DSF7651-768x514.jpg 768w, https:\/\/www.lucaghigliano.it\/zioghilli\/wp-content\/uploads\/2019\/02\/DSF7651-600x401.jpg 600w\" sizes=\"(max-width: 900px) 100vw, 900px\" \/><\/noscript><figcaption class=\"wp-element-caption\">.<\/figcaption><\/figure>\n\n\n\n<figure class=\"wp-block-image\"><img decoding=\"async\" width=\"900\" height=\"602\" data-src=\"https:\/\/www.lucaghigliano.it\/zioghilli\/wp-content\/uploads\/2019\/02\/DSF7657.jpg\" src=\"data:image\/gif;base64,R0lGODlhAQABAIAAAAAAAP\/\/\/yH5BAEAAAAALAAAAAABAAEAAAIBRAA7\" alt=\"\" class=\"wp-image-722 lazyload\"\/><noscript><img decoding=\"async\" width=\"900\" height=\"602\" src=\"https:\/\/www.lucaghigliano.it\/zioghilli\/wp-content\/uploads\/2019\/02\/DSF7657.jpg\" alt=\"\" class=\"wp-image-722\" srcset=\"https:\/\/www.lucaghigliano.it\/zioghilli\/wp-content\/uploads\/2019\/02\/DSF7657.jpg 900w, https:\/\/www.lucaghigliano.it\/zioghilli\/wp-content\/uploads\/2019\/02\/DSF7657-300x201.jpg 300w, https:\/\/www.lucaghigliano.it\/zioghilli\/wp-content\/uploads\/2019\/02\/DSF7657-768x514.jpg 768w, https:\/\/www.lucaghigliano.it\/zioghilli\/wp-content\/uploads\/2019\/02\/DSF7657-600x401.jpg 600w\" sizes=\"(max-width: 900px) 100vw, 900px\" \/><\/noscript><figcaption class=\"wp-element-caption\">.<\/figcaption><\/figure>\n\n\n\n<figure class=\"wp-block-image\"><img decoding=\"async\" width=\"900\" height=\"602\" data-src=\"https:\/\/www.lucaghigliano.it\/zioghilli\/wp-content\/uploads\/2019\/02\/DSF7653.jpg\" src=\"data:image\/gif;base64,R0lGODlhAQABAIAAAAAAAP\/\/\/yH5BAEAAAAALAAAAAABAAEAAAIBRAA7\" alt=\"\" class=\"wp-image-721 lazyload\"\/><noscript><img decoding=\"async\" width=\"900\" height=\"602\" src=\"https:\/\/www.lucaghigliano.it\/zioghilli\/wp-content\/uploads\/2019\/02\/DSF7653.jpg\" alt=\"\" class=\"wp-image-721\" srcset=\"https:\/\/www.lucaghigliano.it\/zioghilli\/wp-content\/uploads\/2019\/02\/DSF7653.jpg 900w, https:\/\/www.lucaghigliano.it\/zioghilli\/wp-content\/uploads\/2019\/02\/DSF7653-300x201.jpg 300w, https:\/\/www.lucaghigliano.it\/zioghilli\/wp-content\/uploads\/2019\/02\/DSF7653-768x514.jpg 768w, https:\/\/www.lucaghigliano.it\/zioghilli\/wp-content\/uploads\/2019\/02\/DSF7653-600x401.jpg 600w\" sizes=\"(max-width: 900px) 100vw, 900px\" \/><\/noscript><figcaption class=\"wp-element-caption\">Colle della Mulattiera &#8211; 2.417m<br>.<\/figcaption><\/figure>\n\n\n\n<figure class=\"wp-block-image\"><img decoding=\"async\" width=\"900\" height=\"602\" data-src=\"https:\/\/www.lucaghigliano.it\/zioghilli\/wp-content\/uploads\/2019\/02\/DSF7654.jpg\" src=\"data:image\/gif;base64,R0lGODlhAQABAIAAAAAAAP\/\/\/yH5BAEAAAAALAAAAAABAAEAAAIBRAA7\" alt=\"\" class=\"wp-image-723 lazyload\"\/><noscript><img decoding=\"async\" width=\"900\" height=\"602\" src=\"https:\/\/www.lucaghigliano.it\/zioghilli\/wp-content\/uploads\/2019\/02\/DSF7654.jpg\" alt=\"\" class=\"wp-image-723\" srcset=\"https:\/\/www.lucaghigliano.it\/zioghilli\/wp-content\/uploads\/2019\/02\/DSF7654.jpg 900w, https:\/\/www.lucaghigliano.it\/zioghilli\/wp-content\/uploads\/2019\/02\/DSF7654-300x201.jpg 300w, https:\/\/www.lucaghigliano.it\/zioghilli\/wp-content\/uploads\/2019\/02\/DSF7654-768x514.jpg 768w, https:\/\/www.lucaghigliano.it\/zioghilli\/wp-content\/uploads\/2019\/02\/DSF7654-600x401.jpg 600w\" sizes=\"(max-width: 900px) 100vw, 900px\" \/><\/noscript><figcaption class=\"wp-element-caption\">Chaberton &#8211; 3.131m<br>.<\/figcaption><\/figure>\n\n\n\n<figure class=\"wp-block-image\"><img decoding=\"async\" width=\"900\" height=\"602\" data-src=\"https:\/\/www.lucaghigliano.it\/zioghilli\/wp-content\/uploads\/2019\/02\/DSF7655-2.jpg\" src=\"data:image\/gif;base64,R0lGODlhAQABAIAAAAAAAP\/\/\/yH5BAEAAAAALAAAAAABAAEAAAIBRAA7\" alt=\"\" class=\"wp-image-727 lazyload\"\/><noscript><img decoding=\"async\" width=\"900\" height=\"602\" src=\"https:\/\/www.lucaghigliano.it\/zioghilli\/wp-content\/uploads\/2019\/02\/DSF7655-2.jpg\" alt=\"\" class=\"wp-image-727\" srcset=\"https:\/\/www.lucaghigliano.it\/zioghilli\/wp-content\/uploads\/2019\/02\/DSF7655-2.jpg 900w, https:\/\/www.lucaghigliano.it\/zioghilli\/wp-content\/uploads\/2019\/02\/DSF7655-2-300x201.jpg 300w, https:\/\/www.lucaghigliano.it\/zioghilli\/wp-content\/uploads\/2019\/02\/DSF7655-2-768x514.jpg 768w, https:\/\/www.lucaghigliano.it\/zioghilli\/wp-content\/uploads\/2019\/02\/DSF7655-2-600x401.jpg 600w\" sizes=\"(max-width: 900px) 100vw, 900px\" \/><\/noscript><figcaption class=\"wp-element-caption\">.<\/figcaption><\/figure>\n\n\n\n<p class=\"wp-block-paragraph\">Lo SteB \u00e8 una proiettile a disfare la tenda, vestirsi e caricare la moto. Io invece mi perdo nelle foto e nel ripiegare 2 volte la tenda. Ma alle 6.28 siamo in sella con i motori accesi. Per la discesa verso Bardonecchia scegliamo la via pi\u00f9 veloce che non sempre \u00e8 la pi\u00f9 legale\u2026<\/p>\n\n\n\n<figure class=\"wp-block-image\"><img decoding=\"async\" width=\"900\" height=\"602\" data-src=\"https:\/\/www.lucaghigliano.it\/zioghilli\/wp-content\/uploads\/2019\/02\/DSF7659.jpg\" src=\"data:image\/gif;base64,R0lGODlhAQABAIAAAAAAAP\/\/\/yH5BAEAAAAALAAAAAABAAEAAAIBRAA7\" alt=\"\" class=\"wp-image-726 lazyload\"\/><noscript><img decoding=\"async\" width=\"900\" height=\"602\" src=\"https:\/\/www.lucaghigliano.it\/zioghilli\/wp-content\/uploads\/2019\/02\/DSF7659.jpg\" alt=\"\" class=\"wp-image-726\" srcset=\"https:\/\/www.lucaghigliano.it\/zioghilli\/wp-content\/uploads\/2019\/02\/DSF7659.jpg 900w, https:\/\/www.lucaghigliano.it\/zioghilli\/wp-content\/uploads\/2019\/02\/DSF7659-300x201.jpg 300w, https:\/\/www.lucaghigliano.it\/zioghilli\/wp-content\/uploads\/2019\/02\/DSF7659-768x514.jpg 768w, https:\/\/www.lucaghigliano.it\/zioghilli\/wp-content\/uploads\/2019\/02\/DSF7659-600x401.jpg 600w\" sizes=\"(max-width: 900px) 100vw, 900px\" \/><\/noscript><figcaption class=\"wp-element-caption\">.<\/figcaption><\/figure>\n\n\n\n<p class=\"wp-block-paragraph\">\n\nIn meno di mezzora percorriamo i 1.500m di dislivello che ci separano da Bardonecchia, ora ce ne attendono 1.700 per raggiungere il Sommelier. Con il Sommelier ho un rapporto conflittuale perch\u00e8 sono al 3\u00b0 tentativo per raggiungere&nbsp;<em>la vetta<\/em>&nbsp;ma non ci sono mai riuscito, sempre per la stesso motivo: sia nel 2010 che all&#8217;inizio di luglio di quest&#8217;anno delle slavine mi hanno bloccato allo stesso punto a 2.850m.<br>La valle di Rochmoles \u00e8 ancora nell&#8217;ombra quando, alle 7.30, arriviamo all&#8217;inizio della sterrata e ci lasciamo alle spalle il Rifugio Scarfiotti. Poi la lunga serie di tornanti che ci conduce al Pian dei Morti dove ci godiamo la 2\u00b0 alba della giornata mentre un brando di caprioli corre sui versanti della valle.&nbsp;<br>E poi ancora tornanti. Arriviamo al punto in cui mi sono sempre bloccato: la slavina di 15 giorni fa si \u00e8 sciolta. Continuiamo la salita, ancora tornanti poi ad un centinaio di metri dall&#8217;arrivo un&#8217;altra slavina blocca la strada per cui ci concediamo una deviazione fuoripista ed eccoci arrivati. Il GPS segna 2.998m. Eh no&#8230; !!! Saliamo gli ultimi metri sulla neve. Finalmente&#8230; 3.001m. Cima conquistata. Record battuto.\n\n<\/p>\n\n\n\n<figure class=\"wp-block-image\"><img decoding=\"async\" width=\"900\" height=\"602\" data-src=\"https:\/\/www.lucaghigliano.it\/zioghilli\/wp-content\/uploads\/2019\/02\/DSF7661.jpg\" src=\"data:image\/gif;base64,R0lGODlhAQABAIAAAAAAAP\/\/\/yH5BAEAAAAALAAAAAABAAEAAAIBRAA7\" alt=\"\" class=\"wp-image-728 lazyload\"\/><noscript><img decoding=\"async\" width=\"900\" height=\"602\" src=\"https:\/\/www.lucaghigliano.it\/zioghilli\/wp-content\/uploads\/2019\/02\/DSF7661.jpg\" alt=\"\" class=\"wp-image-728\" srcset=\"https:\/\/www.lucaghigliano.it\/zioghilli\/wp-content\/uploads\/2019\/02\/DSF7661.jpg 900w, https:\/\/www.lucaghigliano.it\/zioghilli\/wp-content\/uploads\/2019\/02\/DSF7661-300x201.jpg 300w, https:\/\/www.lucaghigliano.it\/zioghilli\/wp-content\/uploads\/2019\/02\/DSF7661-768x514.jpg 768w, https:\/\/www.lucaghigliano.it\/zioghilli\/wp-content\/uploads\/2019\/02\/DSF7661-600x401.jpg 600w\" sizes=\"(max-width: 900px) 100vw, 900px\" \/><\/noscript><figcaption class=\"wp-element-caption\">Verso Pian dei Morti<br>.<\/figcaption><\/figure>\n\n\n\n<figure class=\"wp-block-image\"><img decoding=\"async\" width=\"900\" height=\"602\" data-src=\"https:\/\/www.lucaghigliano.it\/zioghilli\/wp-content\/uploads\/2019\/02\/DSF7662.jpg\" src=\"data:image\/gif;base64,R0lGODlhAQABAIAAAAAAAP\/\/\/yH5BAEAAAAALAAAAAABAAEAAAIBRAA7\" alt=\"\" class=\"wp-image-730 lazyload\"\/><noscript><img decoding=\"async\" width=\"900\" height=\"602\" src=\"https:\/\/www.lucaghigliano.it\/zioghilli\/wp-content\/uploads\/2019\/02\/DSF7662.jpg\" alt=\"\" class=\"wp-image-730\" srcset=\"https:\/\/www.lucaghigliano.it\/zioghilli\/wp-content\/uploads\/2019\/02\/DSF7662.jpg 900w, https:\/\/www.lucaghigliano.it\/zioghilli\/wp-content\/uploads\/2019\/02\/DSF7662-300x201.jpg 300w, https:\/\/www.lucaghigliano.it\/zioghilli\/wp-content\/uploads\/2019\/02\/DSF7662-768x514.jpg 768w, https:\/\/www.lucaghigliano.it\/zioghilli\/wp-content\/uploads\/2019\/02\/DSF7662-600x401.jpg 600w\" sizes=\"(max-width: 900px) 100vw, 900px\" \/><\/noscript><figcaption class=\"wp-element-caption\">Alba al Pian dei Morti<br>.<\/figcaption><\/figure>\n\n\n\n<figure class=\"wp-block-image\"><img decoding=\"async\" width=\"900\" height=\"602\" data-src=\"https:\/\/www.lucaghigliano.it\/zioghilli\/wp-content\/uploads\/2019\/02\/DSF7664.jpg\" src=\"data:image\/gif;base64,R0lGODlhAQABAIAAAAAAAP\/\/\/yH5BAEAAAAALAAAAAABAAEAAAIBRAA7\" alt=\"\" class=\"wp-image-729 lazyload\"\/><noscript><img decoding=\"async\" width=\"900\" height=\"602\" src=\"https:\/\/www.lucaghigliano.it\/zioghilli\/wp-content\/uploads\/2019\/02\/DSF7664.jpg\" alt=\"\" class=\"wp-image-729\" srcset=\"https:\/\/www.lucaghigliano.it\/zioghilli\/wp-content\/uploads\/2019\/02\/DSF7664.jpg 900w, https:\/\/www.lucaghigliano.it\/zioghilli\/wp-content\/uploads\/2019\/02\/DSF7664-300x201.jpg 300w, https:\/\/www.lucaghigliano.it\/zioghilli\/wp-content\/uploads\/2019\/02\/DSF7664-768x514.jpg 768w, https:\/\/www.lucaghigliano.it\/zioghilli\/wp-content\/uploads\/2019\/02\/DSF7664-600x401.jpg 600w\" sizes=\"(max-width: 900px) 100vw, 900px\" \/><\/noscript><figcaption class=\"wp-element-caption\">\u2026osservando Pian dei Morti<br>.<\/figcaption><\/figure>\n\n\n\n<figure class=\"wp-block-image\"><img decoding=\"async\" width=\"900\" height=\"602\" data-src=\"https:\/\/www.lucaghigliano.it\/zioghilli\/wp-content\/uploads\/2019\/02\/DSF7665.jpg\" src=\"data:image\/gif;base64,R0lGODlhAQABAIAAAAAAAP\/\/\/yH5BAEAAAAALAAAAAABAAEAAAIBRAA7\" alt=\"\" class=\"wp-image-731 lazyload\"\/><noscript><img decoding=\"async\" width=\"900\" height=\"602\" src=\"https:\/\/www.lucaghigliano.it\/zioghilli\/wp-content\/uploads\/2019\/02\/DSF7665.jpg\" alt=\"\" class=\"wp-image-731\" srcset=\"https:\/\/www.lucaghigliano.it\/zioghilli\/wp-content\/uploads\/2019\/02\/DSF7665.jpg 900w, https:\/\/www.lucaghigliano.it\/zioghilli\/wp-content\/uploads\/2019\/02\/DSF7665-300x201.jpg 300w, https:\/\/www.lucaghigliano.it\/zioghilli\/wp-content\/uploads\/2019\/02\/DSF7665-768x514.jpg 768w, https:\/\/www.lucaghigliano.it\/zioghilli\/wp-content\/uploads\/2019\/02\/DSF7665-600x401.jpg 600w\" sizes=\"(max-width: 900px) 100vw, 900px\" \/><\/noscript><figcaption class=\"wp-element-caption\">.<\/figcaption><\/figure>\n\n\n\n<figure class=\"wp-block-image\"><img decoding=\"async\" width=\"900\" height=\"602\" data-src=\"https:\/\/www.lucaghigliano.it\/zioghilli\/wp-content\/uploads\/2019\/02\/DSF7666.jpg\" src=\"data:image\/gif;base64,R0lGODlhAQABAIAAAAAAAP\/\/\/yH5BAEAAAAALAAAAAABAAEAAAIBRAA7\" alt=\"\" class=\"wp-image-732 lazyload\"\/><noscript><img decoding=\"async\" width=\"900\" height=\"602\" src=\"https:\/\/www.lucaghigliano.it\/zioghilli\/wp-content\/uploads\/2019\/02\/DSF7666.jpg\" alt=\"\" class=\"wp-image-732\" srcset=\"https:\/\/www.lucaghigliano.it\/zioghilli\/wp-content\/uploads\/2019\/02\/DSF7666.jpg 900w, https:\/\/www.lucaghigliano.it\/zioghilli\/wp-content\/uploads\/2019\/02\/DSF7666-300x201.jpg 300w, https:\/\/www.lucaghigliano.it\/zioghilli\/wp-content\/uploads\/2019\/02\/DSF7666-768x514.jpg 768w, https:\/\/www.lucaghigliano.it\/zioghilli\/wp-content\/uploads\/2019\/02\/DSF7666-600x401.jpg 600w\" sizes=\"(max-width: 900px) 100vw, 900px\" \/><\/noscript><figcaption class=\"wp-element-caption\">3.001m &#8211; Neve a fine luglio<br>.<\/figcaption><\/figure>\n\n\n\n<figure class=\"wp-block-image\"><img decoding=\"async\" width=\"900\" height=\"602\" data-src=\"https:\/\/www.lucaghigliano.it\/zioghilli\/wp-content\/uploads\/2019\/02\/DSF7668.jpg\" src=\"data:image\/gif;base64,R0lGODlhAQABAIAAAAAAAP\/\/\/yH5BAEAAAAALAAAAAABAAEAAAIBRAA7\" alt=\"\" class=\"wp-image-733 lazyload\"\/><noscript><img decoding=\"async\" width=\"900\" height=\"602\" src=\"https:\/\/www.lucaghigliano.it\/zioghilli\/wp-content\/uploads\/2019\/02\/DSF7668.jpg\" alt=\"\" class=\"wp-image-733\" srcset=\"https:\/\/www.lucaghigliano.it\/zioghilli\/wp-content\/uploads\/2019\/02\/DSF7668.jpg 900w, https:\/\/www.lucaghigliano.it\/zioghilli\/wp-content\/uploads\/2019\/02\/DSF7668-300x201.jpg 300w, https:\/\/www.lucaghigliano.it\/zioghilli\/wp-content\/uploads\/2019\/02\/DSF7668-768x514.jpg 768w, https:\/\/www.lucaghigliano.it\/zioghilli\/wp-content\/uploads\/2019\/02\/DSF7668-600x401.jpg 600w\" sizes=\"(max-width: 900px) 100vw, 900px\" \/><\/noscript><figcaption class=\"wp-element-caption\">Il laghetto. Per capire le dimensioni sulla sx. si vede lo Steb<br>.<\/figcaption><\/figure>\n\n\n\n<figure class=\"wp-block-image\"><img decoding=\"async\" width=\"900\" height=\"602\" data-src=\"https:\/\/www.lucaghigliano.it\/zioghilli\/wp-content\/uploads\/2019\/02\/DSF7671.jpg\" src=\"data:image\/gif;base64,R0lGODlhAQABAIAAAAAAAP\/\/\/yH5BAEAAAAALAAAAAABAAEAAAIBRAA7\" alt=\"\" class=\"wp-image-734 lazyload\"\/><noscript><img decoding=\"async\" width=\"900\" height=\"602\" src=\"https:\/\/www.lucaghigliano.it\/zioghilli\/wp-content\/uploads\/2019\/02\/DSF7671.jpg\" alt=\"\" class=\"wp-image-734\" srcset=\"https:\/\/www.lucaghigliano.it\/zioghilli\/wp-content\/uploads\/2019\/02\/DSF7671.jpg 900w, https:\/\/www.lucaghigliano.it\/zioghilli\/wp-content\/uploads\/2019\/02\/DSF7671-300x201.jpg 300w, https:\/\/www.lucaghigliano.it\/zioghilli\/wp-content\/uploads\/2019\/02\/DSF7671-768x514.jpg 768w, https:\/\/www.lucaghigliano.it\/zioghilli\/wp-content\/uploads\/2019\/02\/DSF7671-600x401.jpg 600w\" sizes=\"(max-width: 900px) 100vw, 900px\" \/><\/noscript><figcaption class=\"wp-element-caption\">.<\/figcaption><\/figure>\n\n\n\n<figure class=\"wp-block-image\"><img decoding=\"async\" width=\"900\" height=\"602\" data-src=\"https:\/\/www.lucaghigliano.it\/zioghilli\/wp-content\/uploads\/2019\/02\/DSF7674.jpg\" src=\"data:image\/gif;base64,R0lGODlhAQABAIAAAAAAAP\/\/\/yH5BAEAAAAALAAAAAABAAEAAAIBRAA7\" alt=\"\" class=\"wp-image-735 lazyload\"\/><noscript><img decoding=\"async\" width=\"900\" height=\"602\" src=\"https:\/\/www.lucaghigliano.it\/zioghilli\/wp-content\/uploads\/2019\/02\/DSF7674.jpg\" alt=\"\" class=\"wp-image-735\" srcset=\"https:\/\/www.lucaghigliano.it\/zioghilli\/wp-content\/uploads\/2019\/02\/DSF7674.jpg 900w, https:\/\/www.lucaghigliano.it\/zioghilli\/wp-content\/uploads\/2019\/02\/DSF7674-300x201.jpg 300w, https:\/\/www.lucaghigliano.it\/zioghilli\/wp-content\/uploads\/2019\/02\/DSF7674-768x514.jpg 768w, https:\/\/www.lucaghigliano.it\/zioghilli\/wp-content\/uploads\/2019\/02\/DSF7674-600x401.jpg 600w\" sizes=\"(max-width: 900px) 100vw, 900px\" \/><\/noscript><figcaption class=\"wp-element-caption\">.<\/figcaption><\/figure>\n\n\n\n<figure class=\"wp-block-image\"><img decoding=\"async\" width=\"900\" height=\"602\" data-src=\"https:\/\/www.lucaghigliano.it\/zioghilli\/wp-content\/uploads\/2019\/02\/DSF7675.jpg\" src=\"data:image\/gif;base64,R0lGODlhAQABAIAAAAAAAP\/\/\/yH5BAEAAAAALAAAAAABAAEAAAIBRAA7\" alt=\"\" class=\"wp-image-736 lazyload\"\/><noscript><img decoding=\"async\" width=\"900\" height=\"602\" src=\"https:\/\/www.lucaghigliano.it\/zioghilli\/wp-content\/uploads\/2019\/02\/DSF7675.jpg\" alt=\"\" class=\"wp-image-736\" srcset=\"https:\/\/www.lucaghigliano.it\/zioghilli\/wp-content\/uploads\/2019\/02\/DSF7675.jpg 900w, https:\/\/www.lucaghigliano.it\/zioghilli\/wp-content\/uploads\/2019\/02\/DSF7675-300x201.jpg 300w, https:\/\/www.lucaghigliano.it\/zioghilli\/wp-content\/uploads\/2019\/02\/DSF7675-768x514.jpg 768w, https:\/\/www.lucaghigliano.it\/zioghilli\/wp-content\/uploads\/2019\/02\/DSF7675-600x401.jpg 600w\" sizes=\"(max-width: 900px) 100vw, 900px\" \/><\/noscript><figcaption class=\"wp-element-caption\">.<\/figcaption><\/figure>\n\n\n\n<p class=\"wp-block-paragraph\"> Sono da poco passate le 8 del mattino e possiamo goderci in totale solitudine il Sommelier ed il suo lago; su tutto regna un silenzio surreale, siamo solo noi e sar\u00e0 cos\u00ec fino alle 9.00 quando ripartiamo per andare a fare colazione da Johnny. La discesa me la godo veramente, a ritmo molto blando, scendo con il motore in 3\u00b0 a regimi poco superiori al minimo, quasi in silenzio per rovinare il meno possibile l&#8217;incantesimo di questa valle.<br>A pochi tornanti del rifugio vediamo salire le prime 4&#215;4. Sono felice di essere salito cos\u00ec presto e di potermi essere goduto la magica solitudine del Colle. Ora non ci resta che andare a fare colazione a base di speck&amp;toma in compagnia di quel pazzo di Johnny&#8230; diob\u00f2 che personaggio. E&#8217; veramente simpatico&#8230; <\/p>\n\n\n\n<figure class=\"wp-block-image\"><img decoding=\"async\" width=\"900\" height=\"602\" data-src=\"https:\/\/www.lucaghigliano.it\/zioghilli\/wp-content\/uploads\/2019\/02\/DSF7678.jpg\" src=\"data:image\/gif;base64,R0lGODlhAQABAIAAAAAAAP\/\/\/yH5BAEAAAAALAAAAAABAAEAAAIBRAA7\" alt=\"\" class=\"wp-image-737 lazyload\"\/><noscript><img decoding=\"async\" width=\"900\" height=\"602\" src=\"https:\/\/www.lucaghigliano.it\/zioghilli\/wp-content\/uploads\/2019\/02\/DSF7678.jpg\" alt=\"\" class=\"wp-image-737\" srcset=\"https:\/\/www.lucaghigliano.it\/zioghilli\/wp-content\/uploads\/2019\/02\/DSF7678.jpg 900w, https:\/\/www.lucaghigliano.it\/zioghilli\/wp-content\/uploads\/2019\/02\/DSF7678-300x201.jpg 300w, https:\/\/www.lucaghigliano.it\/zioghilli\/wp-content\/uploads\/2019\/02\/DSF7678-768x514.jpg 768w, https:\/\/www.lucaghigliano.it\/zioghilli\/wp-content\/uploads\/2019\/02\/DSF7678-600x401.jpg 600w\" sizes=\"(max-width: 900px) 100vw, 900px\" \/><\/noscript><figcaption class=\"wp-element-caption\">Lo SteB procede verso il Rifugio Scarfiotti &#8211; visibile in fondovalle<br>.<\/figcaption><\/figure>\n\n\n\n<figure class=\"wp-block-image\"><img decoding=\"async\" width=\"900\" height=\"602\" data-src=\"https:\/\/www.lucaghigliano.it\/zioghilli\/wp-content\/uploads\/2019\/02\/DSF7679.jpg\" src=\"data:image\/gif;base64,R0lGODlhAQABAIAAAAAAAP\/\/\/yH5BAEAAAAALAAAAAABAAEAAAIBRAA7\" alt=\"\" class=\"wp-image-738 lazyload\"\/><noscript><img decoding=\"async\" width=\"900\" height=\"602\" src=\"https:\/\/www.lucaghigliano.it\/zioghilli\/wp-content\/uploads\/2019\/02\/DSF7679.jpg\" alt=\"\" class=\"wp-image-738\" srcset=\"https:\/\/www.lucaghigliano.it\/zioghilli\/wp-content\/uploads\/2019\/02\/DSF7679.jpg 900w, https:\/\/www.lucaghigliano.it\/zioghilli\/wp-content\/uploads\/2019\/02\/DSF7679-300x201.jpg 300w, https:\/\/www.lucaghigliano.it\/zioghilli\/wp-content\/uploads\/2019\/02\/DSF7679-768x514.jpg 768w, https:\/\/www.lucaghigliano.it\/zioghilli\/wp-content\/uploads\/2019\/02\/DSF7679-600x401.jpg 600w\" sizes=\"(max-width: 900px) 100vw, 900px\" \/><\/noscript><figcaption class=\"wp-element-caption\">.<\/figcaption><\/figure>\n\n\n\n<figure class=\"wp-block-image\"><img decoding=\"async\" width=\"900\" height=\"602\" data-src=\"https:\/\/www.lucaghigliano.it\/zioghilli\/wp-content\/uploads\/2019\/02\/DSF7681.jpg\" src=\"data:image\/gif;base64,R0lGODlhAQABAIAAAAAAAP\/\/\/yH5BAEAAAAALAAAAAABAAEAAAIBRAA7\" alt=\"\" class=\"wp-image-739 lazyload\"\/><noscript><img decoding=\"async\" width=\"900\" height=\"602\" src=\"https:\/\/www.lucaghigliano.it\/zioghilli\/wp-content\/uploads\/2019\/02\/DSF7681.jpg\" alt=\"\" class=\"wp-image-739\" srcset=\"https:\/\/www.lucaghigliano.it\/zioghilli\/wp-content\/uploads\/2019\/02\/DSF7681.jpg 900w, https:\/\/www.lucaghigliano.it\/zioghilli\/wp-content\/uploads\/2019\/02\/DSF7681-300x201.jpg 300w, https:\/\/www.lucaghigliano.it\/zioghilli\/wp-content\/uploads\/2019\/02\/DSF7681-768x514.jpg 768w, https:\/\/www.lucaghigliano.it\/zioghilli\/wp-content\/uploads\/2019\/02\/DSF7681-600x401.jpg 600w\" sizes=\"(max-width: 900px) 100vw, 900px\" \/><\/noscript><figcaption class=\"wp-element-caption\">Studiando le carte allo Scarfiotti<br>.<\/figcaption><\/figure>\n\n\n\n<figure class=\"wp-block-image\"><img decoding=\"async\" width=\"900\" height=\"602\" data-src=\"https:\/\/www.lucaghigliano.it\/zioghilli\/wp-content\/uploads\/2019\/02\/DSF7682.jpg\" src=\"data:image\/gif;base64,R0lGODlhAQABAIAAAAAAAP\/\/\/yH5BAEAAAAALAAAAAABAAEAAAIBRAA7\" alt=\"\" class=\"wp-image-740 lazyload\"\/><noscript><img decoding=\"async\" width=\"900\" height=\"602\" src=\"https:\/\/www.lucaghigliano.it\/zioghilli\/wp-content\/uploads\/2019\/02\/DSF7682.jpg\" alt=\"\" class=\"wp-image-740\" srcset=\"https:\/\/www.lucaghigliano.it\/zioghilli\/wp-content\/uploads\/2019\/02\/DSF7682.jpg 900w, https:\/\/www.lucaghigliano.it\/zioghilli\/wp-content\/uploads\/2019\/02\/DSF7682-300x201.jpg 300w, https:\/\/www.lucaghigliano.it\/zioghilli\/wp-content\/uploads\/2019\/02\/DSF7682-768x514.jpg 768w, https:\/\/www.lucaghigliano.it\/zioghilli\/wp-content\/uploads\/2019\/02\/DSF7682-600x401.jpg 600w\" sizes=\"(max-width: 900px) 100vw, 900px\" \/><\/noscript><figcaption class=\"wp-element-caption\">E dopo colazione si riparte<br>.<\/figcaption><\/figure>\n\n\n\n<p class=\"wp-block-paragraph\">Rimaniamo in sua compagnia per un&#8217;ora o forse pi\u00f9, abbiamo bisogno di riposarci un po&#8217; perch\u00e8 la notte \u00e8 stata fantastica ma abbiamo dormito pochetto: una sola ora SteB e quattro e mezzo io. Guardiamo la cartina e decidiamo di tagliare leggermente il programma puntando direttamente all&#8217;Assietta. Quindi trasferimento stradale verso Oulx e poi Salice dove abbiamo qualche difficolt\u00e0 a trovare l&#8217;imbocco perch\u00e8 ogni persona a cui chiediamo informazioni ci indica una strada differente.<br>Una volta imboccata la sterrata ci accorgiamo che c&#8217;\u00e8 un gran traffico di famiglie in bicicletta che scendono&nbsp;<em>per gravit\u00e0<\/em>&nbsp;sfruttando gli impianti di risalita. Ma dopo la chiesetta di Notre Dame de Brousailles il traffico&nbsp;<em>biciclistico<\/em>&nbsp;si annulla e noi possiamo rivedere in diretta il nostro giro in notturna. Dove sta puntando il dito SteB \u00e8 il Forte Pramand. Poi la Galleria dei Saraceni. Il Col Basset. Lo Jafferau&#8230;<\/p>\n\n\n\n<figure class=\"wp-block-image\"><img decoding=\"async\" width=\"900\" height=\"602\" data-src=\"https:\/\/www.lucaghigliano.it\/zioghilli\/wp-content\/uploads\/2019\/02\/DSF7685-scritto.jpg\" src=\"data:image\/gif;base64,R0lGODlhAQABAIAAAAAAAP\/\/\/yH5BAEAAAAALAAAAAABAAEAAAIBRAA7\" alt=\"\" class=\"wp-image-741 lazyload\"\/><noscript><img decoding=\"async\" width=\"900\" height=\"602\" src=\"https:\/\/www.lucaghigliano.it\/zioghilli\/wp-content\/uploads\/2019\/02\/DSF7685-scritto.jpg\" alt=\"\" class=\"wp-image-741\" srcset=\"https:\/\/www.lucaghigliano.it\/zioghilli\/wp-content\/uploads\/2019\/02\/DSF7685-scritto.jpg 900w, https:\/\/www.lucaghigliano.it\/zioghilli\/wp-content\/uploads\/2019\/02\/DSF7685-scritto-300x201.jpg 300w, https:\/\/www.lucaghigliano.it\/zioghilli\/wp-content\/uploads\/2019\/02\/DSF7685-scritto-768x514.jpg 768w, https:\/\/www.lucaghigliano.it\/zioghilli\/wp-content\/uploads\/2019\/02\/DSF7685-scritto-600x401.jpg 600w\" sizes=\"(max-width: 900px) 100vw, 900px\" \/><\/noscript><figcaption class=\"wp-element-caption\">.<\/figcaption><\/figure>\n\n\n\n<figure class=\"wp-block-image\"><img decoding=\"async\" width=\"900\" height=\"602\" data-src=\"https:\/\/www.lucaghigliano.it\/zioghilli\/wp-content\/uploads\/2019\/02\/DSF7684.jpg\" src=\"data:image\/gif;base64,R0lGODlhAQABAIAAAAAAAP\/\/\/yH5BAEAAAAALAAAAAABAAEAAAIBRAA7\" alt=\"\" class=\"wp-image-742 lazyload\"\/><noscript><img decoding=\"async\" width=\"900\" height=\"602\" src=\"https:\/\/www.lucaghigliano.it\/zioghilli\/wp-content\/uploads\/2019\/02\/DSF7684.jpg\" alt=\"\" class=\"wp-image-742\" srcset=\"https:\/\/www.lucaghigliano.it\/zioghilli\/wp-content\/uploads\/2019\/02\/DSF7684.jpg 900w, https:\/\/www.lucaghigliano.it\/zioghilli\/wp-content\/uploads\/2019\/02\/DSF7684-300x201.jpg 300w, https:\/\/www.lucaghigliano.it\/zioghilli\/wp-content\/uploads\/2019\/02\/DSF7684-768x514.jpg 768w, https:\/\/www.lucaghigliano.it\/zioghilli\/wp-content\/uploads\/2019\/02\/DSF7684-600x401.jpg 600w\" sizes=\"(max-width: 900px) 100vw, 900px\" \/><\/noscript><figcaption class=\"wp-element-caption\">Spostando la testa di 90\u00b0 verso sx. ecco sua maest\u00e0. Lo Chaberton<br>.<\/figcaption><\/figure>\n\n\n\n<p class=\"wp-block-paragraph\">LoSoLoSo!!! Queste foto le avete gi\u00e0 viste nel racconto dello scorso anno. Ma quando mi fermo alla Chiesetta non riesco a fare a meno di ripetermi. E&#8217; un punto veramente panoramico&#8230;<br>Per lo SteB \u00e8 la prima volta sull&#8217;Assietta. Per me invece \u00e8 la prima volta che la percorro in direzione Salice &#8211; Susa. Effettivamente sembra un&#8217;altra strada e mi saltano all&#8217;occhio particolari che non avevo mai notato. Il traffico motorizzato sull&#8217;Assietta \u00e8 molto pi\u00f9&nbsp;<em>civile<\/em>&nbsp;rispetto alle altre strade sterrate Valsusine, ci sono tantissime Panda 4&#215;4, giganteschi Defender kittati di deserto e una valanga di endurone [BMW GS in primis] che vanno a ritmi rilassati per non ricoprire di polvere i numerosi MTBikers.<\/p>\n\n\n\n<figure class=\"wp-block-image\"><img decoding=\"async\" width=\"900\" height=\"602\" data-src=\"https:\/\/www.lucaghigliano.it\/zioghilli\/wp-content\/uploads\/2019\/02\/DSF7687.jpg\" src=\"data:image\/gif;base64,R0lGODlhAQABAIAAAAAAAP\/\/\/yH5BAEAAAAALAAAAAABAAEAAAIBRAA7\" alt=\"\" class=\"wp-image-743 lazyload\"\/><noscript><img decoding=\"async\" width=\"900\" height=\"602\" src=\"https:\/\/www.lucaghigliano.it\/zioghilli\/wp-content\/uploads\/2019\/02\/DSF7687.jpg\" alt=\"\" class=\"wp-image-743\" srcset=\"https:\/\/www.lucaghigliano.it\/zioghilli\/wp-content\/uploads\/2019\/02\/DSF7687.jpg 900w, https:\/\/www.lucaghigliano.it\/zioghilli\/wp-content\/uploads\/2019\/02\/DSF7687-300x201.jpg 300w, https:\/\/www.lucaghigliano.it\/zioghilli\/wp-content\/uploads\/2019\/02\/DSF7687-768x514.jpg 768w, https:\/\/www.lucaghigliano.it\/zioghilli\/wp-content\/uploads\/2019\/02\/DSF7687-600x401.jpg 600w\" sizes=\"(max-width: 900px) 100vw, 900px\" \/><\/noscript><figcaption class=\"wp-element-caption\">.<\/figcaption><\/figure>\n\n\n\n<figure class=\"wp-block-image\"><img decoding=\"async\" width=\"900\" height=\"602\" data-src=\"https:\/\/www.lucaghigliano.it\/zioghilli\/wp-content\/uploads\/2019\/02\/DSF7686.jpg\" src=\"data:image\/gif;base64,R0lGODlhAQABAIAAAAAAAP\/\/\/yH5BAEAAAAALAAAAAABAAEAAAIBRAA7\" alt=\"\" class=\"wp-image-744 lazyload\"\/><noscript><img decoding=\"async\" width=\"900\" height=\"602\" src=\"https:\/\/www.lucaghigliano.it\/zioghilli\/wp-content\/uploads\/2019\/02\/DSF7686.jpg\" alt=\"\" class=\"wp-image-744\" srcset=\"https:\/\/www.lucaghigliano.it\/zioghilli\/wp-content\/uploads\/2019\/02\/DSF7686.jpg 900w, https:\/\/www.lucaghigliano.it\/zioghilli\/wp-content\/uploads\/2019\/02\/DSF7686-300x201.jpg 300w, https:\/\/www.lucaghigliano.it\/zioghilli\/wp-content\/uploads\/2019\/02\/DSF7686-768x514.jpg 768w, https:\/\/www.lucaghigliano.it\/zioghilli\/wp-content\/uploads\/2019\/02\/DSF7686-600x401.jpg 600w\" sizes=\"(max-width: 900px) 100vw, 900px\" \/><\/noscript><figcaption class=\"wp-element-caption\">.<\/figcaption><\/figure>\n\n\n\n<figure class=\"wp-block-image\"><img decoding=\"async\" width=\"900\" height=\"602\" data-src=\"https:\/\/www.lucaghigliano.it\/zioghilli\/wp-content\/uploads\/2019\/02\/DSF7689.jpg\" src=\"data:image\/gif;base64,R0lGODlhAQABAIAAAAAAAP\/\/\/yH5BAEAAAAALAAAAAABAAEAAAIBRAA7\" alt=\"\" class=\"wp-image-745 lazyload\"\/><noscript><img decoding=\"async\" width=\"900\" height=\"602\" src=\"https:\/\/www.lucaghigliano.it\/zioghilli\/wp-content\/uploads\/2019\/02\/DSF7689.jpg\" alt=\"\" class=\"wp-image-745\" srcset=\"https:\/\/www.lucaghigliano.it\/zioghilli\/wp-content\/uploads\/2019\/02\/DSF7689.jpg 900w, https:\/\/www.lucaghigliano.it\/zioghilli\/wp-content\/uploads\/2019\/02\/DSF7689-300x201.jpg 300w, https:\/\/www.lucaghigliano.it\/zioghilli\/wp-content\/uploads\/2019\/02\/DSF7689-768x514.jpg 768w, https:\/\/www.lucaghigliano.it\/zioghilli\/wp-content\/uploads\/2019\/02\/DSF7689-600x401.jpg 600w\" sizes=\"(max-width: 900px) 100vw, 900px\" \/><\/noscript><figcaption class=\"wp-element-caption\">.<\/figcaption><\/figure>\n\n\n\n<figure class=\"wp-block-image\"><img decoding=\"async\" width=\"900\" height=\"602\" data-src=\"https:\/\/www.lucaghigliano.it\/zioghilli\/wp-content\/uploads\/2019\/02\/DSF7693.jpg\" src=\"data:image\/gif;base64,R0lGODlhAQABAIAAAAAAAP\/\/\/yH5BAEAAAAALAAAAAABAAEAAAIBRAA7\" alt=\"\" class=\"wp-image-746 lazyload\"\/><noscript><img decoding=\"async\" width=\"900\" height=\"602\" src=\"https:\/\/www.lucaghigliano.it\/zioghilli\/wp-content\/uploads\/2019\/02\/DSF7693.jpg\" alt=\"\" class=\"wp-image-746\" srcset=\"https:\/\/www.lucaghigliano.it\/zioghilli\/wp-content\/uploads\/2019\/02\/DSF7693.jpg 900w, https:\/\/www.lucaghigliano.it\/zioghilli\/wp-content\/uploads\/2019\/02\/DSF7693-300x201.jpg 300w, https:\/\/www.lucaghigliano.it\/zioghilli\/wp-content\/uploads\/2019\/02\/DSF7693-768x514.jpg 768w, https:\/\/www.lucaghigliano.it\/zioghilli\/wp-content\/uploads\/2019\/02\/DSF7693-600x401.jpg 600w\" sizes=\"(max-width: 900px) 100vw, 900px\" \/><\/noscript><figcaption class=\"wp-element-caption\">.<\/figcaption><\/figure>\n\n\n\n<figure class=\"wp-block-image\"><img decoding=\"async\" width=\"900\" height=\"602\" data-src=\"https:\/\/www.lucaghigliano.it\/zioghilli\/wp-content\/uploads\/2019\/02\/DSF7695.jpg\" src=\"data:image\/gif;base64,R0lGODlhAQABAIAAAAAAAP\/\/\/yH5BAEAAAAALAAAAAABAAEAAAIBRAA7\" alt=\"\" class=\"wp-image-747 lazyload\"\/><noscript><img decoding=\"async\" width=\"900\" height=\"602\" src=\"https:\/\/www.lucaghigliano.it\/zioghilli\/wp-content\/uploads\/2019\/02\/DSF7695.jpg\" alt=\"\" class=\"wp-image-747\" srcset=\"https:\/\/www.lucaghigliano.it\/zioghilli\/wp-content\/uploads\/2019\/02\/DSF7695.jpg 900w, https:\/\/www.lucaghigliano.it\/zioghilli\/wp-content\/uploads\/2019\/02\/DSF7695-300x201.jpg 300w, https:\/\/www.lucaghigliano.it\/zioghilli\/wp-content\/uploads\/2019\/02\/DSF7695-768x514.jpg 768w, https:\/\/www.lucaghigliano.it\/zioghilli\/wp-content\/uploads\/2019\/02\/DSF7695-600x401.jpg 600w\" sizes=\"(max-width: 900px) 100vw, 900px\" \/><\/noscript><figcaption class=\"wp-element-caption\">.<\/figcaption><\/figure>\n\n\n\n<p class=\"wp-block-paragraph\">Nel primo pomeriggio la stanchezza inizia a farsi sentire, infatti scatto poche foto se non le solite di rito. Arrivati al Colle delle Finestre andiamo a visitare la caserma abbandonata e all&#8217;ombra di un masso mi addormento per qualche minuto. Sono le 15.30, siamo a 2.200m e ci sono 20\u00b0. Si sta divinamente. Ma \u00e8 giunta l&#8217;ora di andare. Due ore dopo sar\u00f2 a casa, in pianura, con 35\u00b0 e un&#8217;umidit\u00e0 soffocante.<br>Ma con la mente continuer\u00f2 ad essere l\u00e0, a 2.805m, sul tetto dello Jafferau&#8230; <\/p>\n\n\n\n<p class=\"has-text-align-center wp-block-paragraph\">&#x2b06;&#xfe0f; <strong>TI \u00c8 PIACIUTO L&#8217;ARTICOLO?<\/strong> &#x2b06;&#xfe0f;<br>L&#8217;interazione con i lettori \u00e8 una delle maggiori soddisfazioni di un blogger!<br>&#x1f642;&#x1f643;<br>Lascia un commento qui sotto e ti risponder\u00f2 al pi\u00f9 presto<br>&#x2b07;&#xfe0f;&#x2b07;&#xfe0f;&#x2b07;&#xfe0f;<\/p>\n","protected":false},"excerpt":{"rendered":"<p>Avevo iniziato a scrivere il raccontino della VdS 2012 il giorno prima della partenza, una lunga e forse inutile prefazione sulla nuova location, sulla mancanza di Mirko e Caneparo e sull&#8217;arrivo dello SteB e di nuove moto pi\u00f9 leggere ma&#8230; <a class=\"more-link\" href=\"https:\/\/www.lucaghigliano.it\/zioghilli\/la-via-della-susina\/\">Continua a leggere &rarr;<\/a><\/p>\n","protected":false},"author":1,"featured_media":678,"comment_status":"open","ping_status":"open","sticky":false,"template":"","format":"standard","meta":{"footnotes":""},"categories":[1,5],"tags":[],"class_list":["post-676","post","type-post","status-publish","format-standard","has-post-thumbnail","hentry","category-blog","category-moto"],"_links":{"self":[{"href":"https:\/\/www.lucaghigliano.it\/zioghilli\/wp-json\/wp\/v2\/posts\/676","targetHints":{"allow":["GET"]}}],"collection":[{"href":"https:\/\/www.lucaghigliano.it\/zioghilli\/wp-json\/wp\/v2\/posts"}],"about":[{"href":"https:\/\/www.lucaghigliano.it\/zioghilli\/wp-json\/wp\/v2\/types\/post"}],"author":[{"embeddable":true,"href":"https:\/\/www.lucaghigliano.it\/zioghilli\/wp-json\/wp\/v2\/users\/1"}],"replies":[{"embeddable":true,"href":"https:\/\/www.lucaghigliano.it\/zioghilli\/wp-json\/wp\/v2\/comments?post=676"}],"version-history":[{"count":0,"href":"https:\/\/www.lucaghigliano.it\/zioghilli\/wp-json\/wp\/v2\/posts\/676\/revisions"}],"wp:featuredmedia":[{"embeddable":true,"href":"https:\/\/www.lucaghigliano.it\/zioghilli\/wp-json\/wp\/v2\/media\/678"}],"wp:attachment":[{"href":"https:\/\/www.lucaghigliano.it\/zioghilli\/wp-json\/wp\/v2\/media?parent=676"}],"wp:term":[{"taxonomy":"category","embeddable":true,"href":"https:\/\/www.lucaghigliano.it\/zioghilli\/wp-json\/wp\/v2\/categories?post=676"},{"taxonomy":"post_tag","embeddable":true,"href":"https:\/\/www.lucaghigliano.it\/zioghilli\/wp-json\/wp\/v2\/tags?post=676"}],"curies":[{"name":"wp","href":"https:\/\/api.w.org\/{rel}","templated":true}]}}